{"id":202667,"date":"2023-01-20T18:09:15","date_gmt":"2023-01-20T17:09:15","guid":{"rendered":"https:\/\/www.ifun.de\/?p=202667"},"modified":"2023-01-20T18:09:15","modified_gmt":"2023-01-20T17:09:15","slug":"homepod-erweiterter-datenschutz-macht-probleme","status":"publish","type":"post","link":"https:\/\/www.ifun.de\/homepod-erweiterter-datenschutz-macht-probleme-202667\/","title":{"rendered":"HomePod: &#8222;Erweiterter Datenschutz&#8220; macht Probleme"},"content":{"rendered":"<p>Wenn Apple in der kommenden Woche die iOS-Aktualisierung auf Version 16.3 zur Verf\u00fcgung stellt, werden auch deutsche Anwender den Zugriff auf die neue Option &#8222;Erweiterter Datenschutz&#8220; erhalten, die in den Vereinigten Staaten bereits seit Ende des Jahres verf\u00fcgbar ist.<\/p>\n<p><a href=\"https:\/\/images.ifun.de\/wp-content\/uploads\/2023\/01\/erweiterter-datenschutz.png\"><img loading=\"lazy\" decoding=\"async\" class=\"aligncenter size-medium wp-image-202668\" src=\"https:\/\/images.ifun.de\/wp-content\/uploads\/2023\/01\/erweiterter-datenschutz-500x500.png\" alt=\"Erweiterter Datenschutz\" width=\"500\" height=\"500\" srcset=\"https:\/\/images.ifun.de\/wp-content\/uploads\/2023\/01\/erweiterter-datenschutz-500x500.png 500w, https:\/\/images.ifun.de\/wp-content\/uploads\/2023\/01\/erweiterter-datenschutz-700x700.png 700w, https:\/\/images.ifun.de\/wp-content\/uploads\/2023\/01\/erweiterter-datenschutz-150x150.png 150w, https:\/\/images.ifun.de\/wp-content\/uploads\/2023\/01\/erweiterter-datenschutz-768x768.png 768w, https:\/\/images.ifun.de\/wp-content\/uploads\/2023\/01\/erweiterter-datenschutz-1536x1536.png 1536w, https:\/\/images.ifun.de\/wp-content\/uploads\/2023\/01\/erweiterter-datenschutz-2048x2048.png 2048w\" sizes=\"auto, (max-width: 500px) 100vw, 500px\" \/><\/a><\/p>\n<h2>Die Grunds\u00e4tzliche Risiken&#8230;<\/h2>\n<p>Die neuen Datenschutzeinstellung, in den USA spricht Apple von der &#8222;Advanced Data Protection&#8220;, betreffen vor allen die in iCloud gesicherten Nutzerdaten und k\u00f6nnen diese <a href=\"https:\/\/www.iphone-ticker.de\/apple-kuendigt-ende-zu-ende-verschluesselung-fuer-icloud-backups-an-203405\/\">mit einem zus\u00e4tzlichen<\/a> Schutz vor unbefugtem Zugriff versehen. Allerdings birgt die neue Funktion auch Risiken.<\/p>\n<p>Haben Anwender den erweiterten Datenschutz aktiviert, werden erstmals auch die auf Apples iCloud-Servern gesicherten Ger\u00e4te-Backups mit einer Ende-zu-Ende-Verschl\u00fcsselung versehen.<\/p>\n<ul>\n<li><strong>Bald in Deutschland:<\/strong> <a href=\"https:\/\/www.ifun.de\/apples-erweiterter-datenschutz-fuer-icloud-kommt-nach-deutschland-202532\/\">Erweiterter Datenschutz f\u00fcr iCloud<\/a><\/li>\n<\/ul>\n<p>Eine begr\u00fc\u00dfenswerte Neuerung die daf\u00fcr sorgt, dass eure Ger\u00e4tesicherungen weder von neugierigen Beh\u00f6rden noch von Apple selbst eingesehen werden kann. Allerdings laufen Anwender hier auch Gefahr, beim Verlust des pers\u00f6nlichen iCloud-Passwortes \u00fcberhaupt nicht mehr auf die eigenen Inhalte zugreifen zu k\u00f6nnen &#8211; auch nicht mit Apples Hilfe.<\/p>\n<p>So hat Apple bereits angek\u00fcndigt, Anwendern im Fall vollverschl\u00fcsselter Ger\u00e4te-Backups nicht mehr bei der Datenwiederherstellung assistieren zu k\u00f6nnen.<\/p>\n<p><a href=\"https:\/\/images.ifun.de\/wp-content\/uploads\/2023\/01\/macos-erweiterter-datenschutz.jpg\"><img loading=\"lazy\" decoding=\"async\" class=\"aligncenter size-large wp-image-202538\" src=\"https:\/\/images.ifun.de\/wp-content\/uploads\/2023\/01\/macos-erweiterter-datenschutz-700x536.jpg\" alt=\"Macos Erweiterter Datenschutz\" width=\"700\" height=\"536\" srcset=\"https:\/\/images.ifun.de\/wp-content\/uploads\/2023\/01\/macos-erweiterter-datenschutz-700x536.jpg 700w, https:\/\/images.ifun.de\/wp-content\/uploads\/2023\/01\/macos-erweiterter-datenschutz-500x383.jpg 500w, https:\/\/images.ifun.de\/wp-content\/uploads\/2023\/01\/macos-erweiterter-datenschutz-768x588.jpg 768w, https:\/\/images.ifun.de\/wp-content\/uploads\/2023\/01\/macos-erweiterter-datenschutz.jpg 1400w\" sizes=\"auto, (max-width: 700px) 100vw, 700px\" \/><\/a><\/p>\n<h2>&#8230;und ein tempor\u00e4rer HomePod-Bug<\/h2>\n<p>Zu diesen grunds\u00e4tzlichen Risiken gesellt sich ein zus\u00e4tzliches Problem: Anwender, die die erweiterte Datenschutzfunktion aktiviert und einen HomePod bestellt haben, k\u00f6nnen diesen nicht einrichten, so lange der HomePod nicht auf die neueste System-Software aktualisiert wurde. Allerdings verhindert ein Bug in der Home-App das entsprechende Update. Dies <a href=\"https:\/\/twitter.com\/markgurman\/status\/1616115559715975168\">betrifft ausschlie\u00dflich HomePods<\/a>, die mit einem \u00e4lteren System als 16.2 ausgeliefert werden.<\/p>\n<ul>\n<li><strong>Anleitung:<\/strong> <a href=\"https:\/\/support.apple.com\/en-us\/HT212654\">HomePod-Update wenn &#8222;Erweiterter Datenschutz&#8220; aktiv ist<\/a><\/li>\n<\/ul>\n<p>F\u00fcr HomePod-Besteller bedeutet dies: Wer sich einen neuen HomePod gekauft hat, der sollte mit der Aktivierung des erweiterten Datenschutzes noch so lange warten, bis dieser eingerichtet wurde. Der HomePod mini l\u00e4sst sich zur Not auch <a href=\"https:\/\/support.apple.com\/en-us\/HT212654\">per USB-C-Verbindung am Mac<\/a> aktualisieren.<\/p>\n<p><img loading=\"lazy\" decoding=\"async\" src=\"https:\/\/vg06.met.vgwort.de\/na\/34ebaa31bea04eb4ade9c6a72d1a0748\" width=\"1\" height=\"1\" no-lazy class=\"tracking\"><\/p>\n","protected":false},"excerpt":{"rendered":"<a href=\"https:\/\/www.ifun.de\/homepod-erweiterter-datenschutz-macht-probleme-202667\/\"><img width=\"150\" height=\"150\" src=\"https:\/\/images.ifun.de\/wp-content\/uploads\/2023\/01\/erweiterter-datenschutz-150x150.png\" class=\"alignright tfe wp-post-image\" alt=\"Erweiterter Datenschutz\" decoding=\"async\" loading=\"lazy\" srcset=\"https:\/\/images.ifun.de\/wp-content\/uploads\/2023\/01\/erweiterter-datenschutz-150x150.png 150w, https:\/\/images.ifun.de\/wp-content\/uploads\/2023\/01\/erweiterter-datenschutz-500x500.png 500w, https:\/\/images.ifun.de\/wp-content\/uploads\/2023\/01\/erweiterter-datenschutz-700x700.png 700w, https:\/\/images.ifun.de\/wp-content\/uploads\/2023\/01\/erweiterter-datenschutz-768x768.png 768w, https:\/\/images.ifun.de\/wp-content\/uploads\/2023\/01\/erweiterter-datenschutz-1536x1536.png 1536w, https:\/\/images.ifun.de\/wp-content\/uploads\/2023\/01\/erweiterter-datenschutz-2048x2048.png 2048w\" sizes=\"auto, (max-width: 150px) 100vw, 150px\" \/><\/a><p>Wenn Apple in der kommenden Woche die iOS-Aktualisierung auf Version 16.3 zur Verf\u00fcgung stellt, werden auch deutsche Anwender den Zugriff auf die neue Option &#8222;Erweiterter Datenschutz&#8220; erhalten, die in den Vereinigten Staaten bereits seit Ende des Jahres verf\u00fcgbar ist. Die Grunds\u00e4tzliche Risiken&#8230; Die neuen Datenschutzeinstellung, in den USA spricht Apple von der &#8222;Advanced Data Protection&#8220;, [&hellip;]<\/p>\n","protected":false},"author":1,"featured_media":202668,"comment_status":"open","ping_status":"closed","sticky":false,"template":"","format":"standard","meta":{"_acf_changed":false,"footnotes":""},"categories":[1],"tags":[4736,6045,3714,401],"class_list":["post-202667","post","type-post","status-publish","format-standard","has-post-thumbnail","hentry","category-news","tag-apple","tag-erweiterter-datenschutz","tag-homepod","tag-icloud"],"acf":[],"aioseo_notices":[],"featured_image":["https:\/\/images.ifun.de\/wp-content\/uploads\/2023\/01\/erweiterter-datenschutz-macos-feature.jpg"],"subheadline":["Apple gibt Hilfestellung"],"rest_api_enabler":{"featured_image":"https:\/\/images.ifun.de\/wp-content\/uploads\/2023\/01\/erweiterter-datenschutz-macos-feature.jpg","subheadline":"Apple gibt Hilfestellung"},"_links":{"self":[{"href":"https:\/\/www.ifun.de\/apiv2\/wp\/v2\/posts\/202667","targetHints":{"allow":["GET"]}}],"collection":[{"href":"https:\/\/www.ifun.de\/apiv2\/wp\/v2\/posts"}],"about":[{"href":"https:\/\/www.ifun.de\/apiv2\/wp\/v2\/types\/post"}],"author":[{"embeddable":true,"href":"https:\/\/www.ifun.de\/apiv2\/wp\/v2\/users\/1"}],"replies":[{"embeddable":true,"href":"https:\/\/www.ifun.de\/apiv2\/wp\/v2\/comments?post=202667"}],"version-history":[{"count":1,"href":"https:\/\/www.ifun.de\/apiv2\/wp\/v2\/posts\/202667\/revisions"}],"predecessor-version":[{"id":202669,"href":"https:\/\/www.ifun.de\/apiv2\/wp\/v2\/posts\/202667\/revisions\/202669"}],"wp:featuredmedia":[{"embeddable":true,"href":"https:\/\/www.ifun.de\/apiv2\/wp\/v2\/media\/202668"}],"wp:attachment":[{"href":"https:\/\/www.ifun.de\/apiv2\/wp\/v2\/media?parent=202667"}],"wp:term":[{"taxonomy":"category","embeddable":true,"href":"https:\/\/www.ifun.de\/apiv2\/wp\/v2\/categories?post=202667"},{"taxonomy":"post_tag","embeddable":true,"href":"https:\/\/www.ifun.de\/apiv2\/wp\/v2\/tags?post=202667"}],"curies":[{"name":"wp","href":"https:\/\/api.w.org\/{rel}","templated":true}]}}