{"id":202582,"date":"2023-01-19T14:34:39","date_gmt":"2023-01-19T13:34:39","guid":{"rendered":"https:\/\/www.ifun.de\/?p=202582"},"modified":"2023-01-19T14:37:05","modified_gmt":"2023-01-19T13:37:05","slug":"grimme-preis-2023-die-nominierungen-stehen","status":"publish","type":"post","link":"https:\/\/www.ifun.de\/grimme-preis-2023-die-nominierungen-stehen-202582\/","title":{"rendered":"Grimme-Preis 2023: Die Nominierungen stehen fest"},"content":{"rendered":"<p>Der Grimme-Preis wird in diesem Jahr zum 59. mal vergeben. Damit ist der renommierteste Medienpreis Deutschlands, der 1964 zum ersten Mal ausgelobt wurde, nur noch ein Jahr von seinem 60. Geburtstag entfernt.<\/p>\n<p><a href=\"https:\/\/images.ifun.de\/wp-content\/uploads\/2023\/01\/grimme-preis.jpg\"><img loading=\"lazy\" decoding=\"async\" class=\"aligncenter size-medium wp-image-202584\" src=\"https:\/\/images.ifun.de\/wp-content\/uploads\/2023\/01\/grimme-preis-500x276.jpg\" alt=\"Grimme Preis\" width=\"500\" height=\"276\" srcset=\"https:\/\/images.ifun.de\/wp-content\/uploads\/2023\/01\/grimme-preis-500x276.jpg 500w, https:\/\/images.ifun.de\/wp-content\/uploads\/2023\/01\/grimme-preis-700x387.jpg 700w, https:\/\/images.ifun.de\/wp-content\/uploads\/2023\/01\/grimme-preis.jpg 706w\" sizes=\"auto, (max-width: 500px) 100vw, 500px\" \/><\/a><\/p>\n<h6><a href=\"https:\/\/www.grimme-preis.de\/h\/news\/d\/fotos-von-der-preisverleihung-am-26-august-im-theater-marl\">Artikelbild: Michael Neuhaus \/ Grimme-Institut<\/a><\/h6>\n<p>Vor dem runden Jubil\u00e4um steht jedoch noch eine Vergabe aus. Diese wird am 21. M\u00e4rz erfolgen und dann 16 Preistr\u00e4ger erreichen, die sich unter den heute bekanntgegebenen Nominierungen befinden.<\/p>\n<h2>Die Nominierten stehen fest<\/h2>\n<p>So haben <a href=\"https:\/\/www.grimme-preis.de\/59-grimme-preis-2023\/nominierungskommission\">die vier Nominierungskommissionen<\/a> heute 69 Produktionen und Einzelleistungen nominiert unter denen jetzt nur noch die diesj\u00e4hrigen Preistr\u00e4ger ausgemacht werden m\u00fcssen. Gew\u00e4hlt wurde dabei aus 780 Einreichungen, die auf vier unterschiedliche Hauptkategorien verteilt werden: &#8222;Information &amp; Kultur&#8220;, &#8222;Fiktion&#8220;, &#8222;Unterhaltung&#8220; sowie &#8222;Kinder &amp; Jugend&#8220;.<\/p>\n<ul>\n<li><strong>59. Grimme-Preis 2023<\/strong>: <a href=\"https:\/\/www.grimme-preis.de\/59-grimme-preis-2023\/nominierungen\">Alle Nominierungen im Blick<\/a><\/li>\n<\/ul>\n<p>Wen genau die Nominierungskommissionen in den einzelnen Kategorien ausgew\u00e4hlt haben, l\u00e4sst sich in dieser \u00dcbersichtsseite einsehen. Unter anderem sind die nach nur einer Staffel eingestellte Netflix-Serie &#8222;1899&#8220;, die B\u00f6hmermann-Show &#8222;ZDF Magazin Royale&#8220;, die von WDR und KiKA produzierte &#8222;Sendung mit dem Elefanten&#8220;, das &#8222;Hypeculture&#8220;-Format den jungen Medienangebotes funk und die Journalistin Katrin Eigendorf wegen ihrer herausragenden Arbeit als ZDF-Kriegsreporterin in der Ukraine f\u00fcr den Medienpreis nominiert.<\/p>\n<p>Die Preistr\u00e4ger des Grimme-Preis 2023 werden zwar schon am 21. M\u00e4rz auf einer Pressekonferenz bekanntgegeben, die eigentliche Verleihung wird jedoch erst zwei Monate sp\u00e4ter, am 21. April 2023 im Theater der Stadt Marl erfolgen.<\/p>\n<h2>Vom Krieg beeinflusst<\/h2>\n<p>In diesem Jahr beeinflusste der Krieg in der Ukraine auch die Auswahl der vier Nominierungskommissionen, die die Kriegsberichterstattung in diesem Jahr besonders ins Rampenlicht ger\u00fcckt haben. Dies geht auch aus der offiziellen Mitteilung zur Bestimmung der Nominierten hervor:<\/p>\n<blockquote><p>Durch den russischen Angriffskrieg in der Ukraine ist die Berichterstattung \u00fcber die Lage in L\u00e4ndern wie Syrien, Afghanistan und dem Irak zunehmend in den Hintergrund ger\u00fcckt. Umso wichtiger ist es deshalb, dass sie von Filmemacher*innen aufgegriffen werden. Der Mehrteiler \u201eMission Kabul-Luftbr\u00fccke\u201c (rbb) und die Produktion \u201eSTRG_F bei den Taliban: Warum finden Menschen sie gut?\u201c (NDR\/funk) betrachten die Lage in Afghanistan, nachdem die internationalen Truppen aus dem Land abgezogen sind. Der Dokumentarfilm \u201eThe Other Side of the River\u201c (ARTE) geht \u00fcber distanzierte Berichterstattung hinaus und portraitiert eine ganz pers\u00f6nliche Wahrnehmung aus dem B\u00fcrgerkriegsland Syrien. In der Kategorie Fiktion ist mit \u201eIm Feuer \u2013 Zwei Schwestern\u201c (ZDF\/ZDF \u2013 Das kleine Fernsehspiel\/ARTE) ein Spielfilm nominiert, der Familienzusammenhalt \u00fcber Landesgrenzen \u2013 von Deutschland bis zu den kurdischen Untergrundk\u00e4mpfen im Irak \u2013 hinweg zeigt.<\/p><\/blockquote>\n<p><img loading=\"lazy\" decoding=\"async\" src=\"https:\/\/vg07.met.vgwort.de\/na\/c182040616e446f0ad2a2aad0dba9d8b\" width=\"1\" height=\"1\" no-lazy class=\"tracking\"><\/p>\n","protected":false},"excerpt":{"rendered":"<a href=\"https:\/\/www.ifun.de\/grimme-preis-2023-die-nominierungen-stehen-202582\/\"><img width=\"150\" height=\"150\" src=\"https:\/\/images.ifun.de\/wp-content\/uploads\/2023\/01\/grimme-preis-150x150.jpg\" class=\"alignright tfe wp-post-image\" alt=\"Grimme Preis\" decoding=\"async\" loading=\"lazy\" \/><\/a><p>Der Grimme-Preis wird in diesem Jahr zum 59. mal vergeben. Damit ist der renommierteste Medienpreis Deutschlands, der 1964 zum ersten Mal ausgelobt wurde, nur noch ein Jahr von seinem 60. Geburtstag entfernt. Artikelbild: Michael Neuhaus \/ Grimme-Institut Vor dem runden Jubil\u00e4um steht jedoch noch eine Vergabe aus. Diese wird am 21. M\u00e4rz erfolgen und dann [&hellip;]<\/p>\n","protected":false},"author":1,"featured_media":202584,"comment_status":"open","ping_status":"closed","sticky":false,"template":"","format":"standard","meta":{"_acf_changed":false,"footnotes":""},"categories":[1],"tags":[5844,6042],"class_list":["post-202582","post","type-post","status-publish","format-standard","has-post-thumbnail","hentry","category-news","tag-grimme-online-awards","tag-grimme-preis"],"acf":[],"aioseo_notices":[],"featured_image":["https:\/\/images.ifun.de\/wp-content\/uploads\/2023\/01\/grimme-preis-feature.jpg"],"subheadline":["1899, Magazin Royale, Sendung mit dem Elefant"],"rest_api_enabler":{"featured_image":"https:\/\/images.ifun.de\/wp-content\/uploads\/2023\/01\/grimme-preis-feature.jpg","subheadline":"1899, Magazin Royale, Sendung mit dem Elefant"},"_links":{"self":[{"href":"https:\/\/www.ifun.de\/apiv2\/wp\/v2\/posts\/202582","targetHints":{"allow":["GET"]}}],"collection":[{"href":"https:\/\/www.ifun.de\/apiv2\/wp\/v2\/posts"}],"about":[{"href":"https:\/\/www.ifun.de\/apiv2\/wp\/v2\/types\/post"}],"author":[{"embeddable":true,"href":"https:\/\/www.ifun.de\/apiv2\/wp\/v2\/users\/1"}],"replies":[{"embeddable":true,"href":"https:\/\/www.ifun.de\/apiv2\/wp\/v2\/comments?post=202582"}],"version-history":[{"count":3,"href":"https:\/\/www.ifun.de\/apiv2\/wp\/v2\/posts\/202582\/revisions"}],"predecessor-version":[{"id":202587,"href":"https:\/\/www.ifun.de\/apiv2\/wp\/v2\/posts\/202582\/revisions\/202587"}],"wp:featuredmedia":[{"embeddable":true,"href":"https:\/\/www.ifun.de\/apiv2\/wp\/v2\/media\/202584"}],"wp:attachment":[{"href":"https:\/\/www.ifun.de\/apiv2\/wp\/v2\/media?parent=202582"}],"wp:term":[{"taxonomy":"category","embeddable":true,"href":"https:\/\/www.ifun.de\/apiv2\/wp\/v2\/categories?post=202582"},{"taxonomy":"post_tag","embeddable":true,"href":"https:\/\/www.ifun.de\/apiv2\/wp\/v2\/tags?post=202582"}],"curies":[{"name":"wp","href":"https:\/\/api.w.org\/{rel}","templated":true}]}}