{"id":202576,"date":"2023-01-19T12:55:23","date_gmt":"2023-01-19T11:55:23","guid":{"rendered":"https:\/\/www.ifun.de\/?p=202576"},"modified":"2023-01-19T12:55:23","modified_gmt":"2023-01-19T11:55:23","slug":"neu-bei-disney-im-februar-2023","status":"publish","type":"post","link":"https:\/\/www.ifun.de\/neu-bei-disney-im-februar-2023-202576\/","title":{"rendered":"Neu bei Disney+ im Februar 2023"},"content":{"rendered":"<p>W\u00e4hrend Apple TV+ eben die Neuerscheinungen f\u00fcr das kommende halbe Jahr <a href=\"https:\/\/www.ifun.de\/apple-tv-17-neuzugaenge-fuer-das-erste-halbjahr-202551\/\" title=\"Apple TV+: 17 Neuzug\u00e4nge f\u00fcr das erste Halbjahr\">zusammengefasst<\/a> hat, ver\u00f6ffentlichen die meisten auf diesem Markt konkurrierenden Anbieter weiterhin im Monatsabstand entsprechende Listen. Auch wenn diese <a href=\"https:\/\/www.ifun.de\/paramount-im-februar-2023-acht-neuzugaenge-im-kommenden-monat-201836\/\">wie zuletzt bei Paramount+<\/a> zum Teil eher sp\u00e4rlich ausfallen. Aktuell hat nun auch <a href=\"https:\/\/clk.tradedoubler.com\/click?p=304625&#038;a=747172&#038;g=24738826\">Disney+<\/a> seine \u00dcbersicht mit den im kommenden Monat neu hinzukommenden Filmen und Serien ver\u00f6ffentlicht.<\/p>\n<p>Die Highlights im kommenden Monat sind Disney zufolge die Produktionen \u201eReservation Dogs\u201c, \u201eBlack Panther\u201c, \u201eDie Prouds\u201c und \u201eBleach\u201c:<\/p>\n<h3>\u201eReservation Dogs\u201c \u2013 Staffel 2<\/h3>\n<p>Ab 1. Februar &#8211; Folgen Sie den Abenteuern von vier indigenen Jugendlichen im l\u00e4ndlichen Oklahoma, die klauen, rauben und sparen, um in das exotische, mysteri\u00f6se und weit entfernte Kalifornien zu gelangen. Das ebenfalls indigene kreative Team dieser Show l\u00e4dt die Zuschauer in eine \u00fcberraschend vertraute und unterhaltsame Welt ein.<\/p>\n<p><div class=\"responsive-video\"><iframe loading=\"lazy\" title=\"Reservation Dogs | Season 2 | Official Trailer\" width=\"500\" height=\"281\" src=\"https:\/\/www.youtube-nocookie.com\/embed\/TlFl4i9VPUc?feature=oembed\" frameborder=\"0\" allow=\"accelerometer; autoplay; clipboard-write; encrypted-media; gyroscope; picture-in-picture; web-share\" referrerpolicy=\"strict-origin-when-cross-origin\" allowfullscreen><\/iframe><\/div><\/p>\n<h3>\u201eBlack Panther: Wakanda Forever\u201c<\/h3>\n<p>Ab 1. Februar &#8211; K\u00f6nigin Ramonda (Angela Bassett), Shuri (Letitia Wright), M&#39;Baku (Winston Duke), Okoye (Danai Gurira) und die m\u00e4chtigen Dora Milaje (u.a. Florence Kasumba) m\u00fcssen nach dem Tod des geliebten K\u00f6nigs T&#39;Challa ihre Nation vor \u00fcbergriffigen Weltm\u00e4chten sch\u00fctzen. Mit vereinten Kr\u00e4ften und tatkr\u00e4ftiger Unterst\u00fctzung von Elitekriegerin Nakia (Lupita Nyong&#39;o) und Everett K. Ross (Martin Freeman) suchen die Helden nach neuen Wegen, um das n\u00e4chste Kapitel f\u00fcr das K\u00f6nigreich Wakanda aufzuschlagen. \u201eBlack Panther: Wakanda Forever\u201c nach einem Drehbuch von Ryan Coogler &amp; Joe Robert Cole, Regie Ryan Coogler.<\/p>\n<p><div class=\"responsive-video\"><iframe loading=\"lazy\" title=\"Marvel Studios\u2019 Black Panther: Wakanda Forever | Offizieller Trailer\" width=\"500\" height=\"281\" src=\"https:\/\/www.youtube-nocookie.com\/embed\/VEiy9aZLL9o?feature=oembed\" frameborder=\"0\" allow=\"accelerometer; autoplay; clipboard-write; encrypted-media; gyroscope; picture-in-picture; web-share\" referrerpolicy=\"strict-origin-when-cross-origin\" allowfullscreen><\/iframe><\/div><\/p>\n<h3>\u201eDie Prouds: Lauter und trauter\u201c \u2013 Staffel 2<\/h3>\n<p>Ab 1. Februar &#8211; Als Fortsetzung der vielgelobten Serie dreht sich \u201eDie Prouds: Lauter und trauter\u201c um die Abenteuer und Herausforderungen im Leben der gerade 14 Jahre alt gewordenen Penny Proud. Sie und ihre Familie meistern das moderne Leben mit Heiterkeit und Herz. Die 2020er halten eine neue Karriere f\u00fcr Mama Trudy, noch verr\u00fccktere Tr\u00e4ume f\u00fcr Papa Oscar und neue Herausforderungen f\u00fcr Penny bereit, einschlie\u00dflich einer sozial aufgeschlossenen Nachbarin, die denkt, dass sie ihr eine Menge beibringen kann. Au\u00dferdem muss Penny sich mit mobbenden Influencern herumschlagen und nat\u00fcrlich mit ihren eigenen Teenie-Hormonen. Pennys Freunde sind auch diesmal wieder mit dabei, unter anderem Dijonay, LaCienega, Zoey und Michael. Weiterhin f\u00fcr sie da ist Pennys liebevoll-strenge Suga Mama, die aber auch eine sehr sanfte Seite hat, wenn Penny dies braucht. Unter den neuen Gesichtern in der Stadt sind Maya und KG, die nicht nur damit klarkommen m\u00fcssen, \u201edie neuen Kids\u201c zu sein, sondern auch noch zwei V\u00e4ter haben &#8211; ein v\u00f6lliges Novum f\u00fcr Smithville.<\/p>\n<p><div class=\"responsive-video\"><iframe loading=\"lazy\" title=\"The Proud Family: Louder and Prouder Season 2 | Official Trailer | Disney+\" width=\"500\" height=\"281\" src=\"https:\/\/www.youtube-nocookie.com\/embed\/wkQG9Jcb0UU?feature=oembed\" frameborder=\"0\" allow=\"accelerometer; autoplay; clipboard-write; encrypted-media; gyroscope; picture-in-picture; web-share\" referrerpolicy=\"strict-origin-when-cross-origin\" allowfullscreen><\/iframe><\/div><\/p>\n<h3>\u201eBleach: Thousand-Year Blood War\u201c<\/h3>\n<p>Ab 15. Februar &#8211; Als ein neuer Feind auftaucht, st\u00fcrzt sich der stellvertretende Todesgott Ichigo Kurosaki mit seinem Zanpakut\u014d zur\u00fcck auf das Schlachtfeld, um den Bed\u00fcrftigen zu helfen.<\/p>\n<p><div class=\"responsive-video\"><iframe loading=\"lazy\" title=\"Official Trailer #2 | AVAILABLE ON HULU | BLEACH: Thousand-Year Blood War | VIZ\" width=\"500\" height=\"281\" src=\"https:\/\/www.youtube-nocookie.com\/embed\/fzR82oXbjnY?feature=oembed\" frameborder=\"0\" allow=\"accelerometer; autoplay; clipboard-write; encrypted-media; gyroscope; picture-in-picture; web-share\" referrerpolicy=\"strict-origin-when-cross-origin\" allowfullscreen><\/iframe><\/div><\/p>\n<h2>Neu bei Disney+ im Februar:<\/h2>\n<h3>1. Februar<\/h3>\n<ul>\n<li><strong>Reservation Dogs<\/strong> &#8211; Staffel 2 (Star)<\/li>\n<li><strong>Black Panther: Wakanda Forever<\/strong> (Marvel)<\/li>\n<li><strong>Die Prouds: Lauter und trauter<\/strong> &#8211; Staffel 2 (Disney)<\/li>\n<li><strong>K\u00f6che in der Wildnis<\/strong> \u2013 Staffel 1 (Star)<\/li>\n<li><strong>K\u00f6nigreich des Polarwolfs<\/strong> \u2013 Staffel 1 (National Geographic)<\/li>\n<\/ul>\n<h3>3. Februar<\/h3>\n<ul>\n<li><strong>Ghost Rider<\/strong> (Marvel)<\/li>\n<\/ul>\n<h3>8. Februar<\/h3>\n<ul>\n<li><strong>Hitlers letzter Widerstand<\/strong> \u2013 Staffel 1 (National Geographic)<\/li>\n<\/ul>\n<h3>10. Februar<\/h3>\n<ul>\n<li><strong>Dug Tage: Carls Date<\/strong> (Pixar)<\/li>\n<li><strong>Marvel Studios LEGENDS<\/strong> \u2013 Staffel 2, Episoden 27-29 (Marvel)<strong><br \/>\n\t\t<\/strong><\/li>\n<li><strong>Nordkorea hautnah: Die Kim-Dynastie<\/strong> (National Geographic)<\/li>\n<li><strong>L.A. Confidential<\/strong> (Star)<\/li>\n<\/ul>\n<h3>15. Februar<\/h3>\n<ul>\n<li><strong>Bleach: Thousand-Year Blood War<\/strong> (Star)<\/li>\n<li><strong>Death in the Dorms<\/strong> \u2013 Staffel 1 (Star)<\/li>\n<li><strong>Bleach<\/strong> \u2013 Staffel 1-16 (Star)<\/li>\n<\/ul>\n<h3>16. Februar<\/h3>\n<ul>\n<li><strong>Knight and Day<\/strong> (Star)<\/li>\n<\/ul>\n<h3>22. Februar<\/h3>\n<ul>\n<li><strong> American Dad<\/strong> \u2013 Staffel 18 (Star)<\/li>\n<li> <strong>Baymax und Mochi<\/strong> \u2013 Staffel 1 (Disney)<\/li>\n<li><strong>The A Word<\/strong> \u2013 Staffel 1-3 (Star)<\/li>\n<li><strong>Europas verborgene Naturwunder<\/strong> \u2013 Staffel 1 (National Geographic)<\/li>\n<\/ul>\n<h3>24. Februar<\/h3>\n<ul>\n<li><strong>Bruiser<\/strong> (Star)<\/li>\n<li><strong>Love Vegas<\/strong> (Star)<\/li>\n<\/ul>\n","protected":false},"excerpt":{"rendered":"<a href=\"https:\/\/www.ifun.de\/neu-bei-disney-im-februar-2023-202576\/\"><img width=\"150\" height=\"150\" src=\"https:\/\/images.ifun.de\/wp-content\/uploads\/2023\/01\/disney-februar-feature-150x150.jpg\" class=\"alignright tfe wp-post-image\" alt=\"Disney Februar Feature\" decoding=\"async\" loading=\"lazy\" \/><\/a><p>W\u00e4hrend Apple TV+ eben die Neuerscheinungen f\u00fcr das kommende halbe Jahr zusammengefasst hat, ver\u00f6ffentlichen die meisten auf diesem Markt konkurrierenden Anbieter weiterhin im Monatsabstand entsprechende Listen. Auch wenn diese wie zuletzt bei Paramount+ zum Teil eher sp\u00e4rlich ausfallen. Aktuell hat nun auch Disney+ seine \u00dcbersicht mit den im kommenden Monat neu hinzukommenden Filmen und Serien [&hellip;]<\/p>\n","protected":false},"author":2,"featured_media":202579,"comment_status":"open","ping_status":"closed","sticky":false,"template":"","format":"standard","meta":{"_acf_changed":false,"footnotes":""},"categories":[1],"tags":[],"class_list":["post-202576","post","type-post","status-publish","format-standard","has-post-thumbnail","hentry","category-news"],"acf":[],"aioseo_notices":[],"featured_image":["https:\/\/images.ifun.de\/wp-content\/uploads\/2023\/01\/disney-februar-feature.jpg"],"subheadline":["21 Filme und Serienstaffeln"],"rest_api_enabler":{"featured_image":"https:\/\/images.ifun.de\/wp-content\/uploads\/2023\/01\/disney-februar-feature.jpg","subheadline":"21 Filme und Serienstaffeln"},"_links":{"self":[{"href":"https:\/\/www.ifun.de\/apiv2\/wp\/v2\/posts\/202576","targetHints":{"allow":["GET"]}}],"collection":[{"href":"https:\/\/www.ifun.de\/apiv2\/wp\/v2\/posts"}],"about":[{"href":"https:\/\/www.ifun.de\/apiv2\/wp\/v2\/types\/post"}],"author":[{"embeddable":true,"href":"https:\/\/www.ifun.de\/apiv2\/wp\/v2\/users\/2"}],"replies":[{"embeddable":true,"href":"https:\/\/www.ifun.de\/apiv2\/wp\/v2\/comments?post=202576"}],"version-history":[{"count":3,"href":"https:\/\/www.ifun.de\/apiv2\/wp\/v2\/posts\/202576\/revisions"}],"predecessor-version":[{"id":202580,"href":"https:\/\/www.ifun.de\/apiv2\/wp\/v2\/posts\/202576\/revisions\/202580"}],"wp:featuredmedia":[{"embeddable":true,"href":"https:\/\/www.ifun.de\/apiv2\/wp\/v2\/media\/202579"}],"wp:attachment":[{"href":"https:\/\/www.ifun.de\/apiv2\/wp\/v2\/media?parent=202576"}],"wp:term":[{"taxonomy":"category","embeddable":true,"href":"https:\/\/www.ifun.de\/apiv2\/wp\/v2\/categories?post=202576"},{"taxonomy":"post_tag","embeddable":true,"href":"https:\/\/www.ifun.de\/apiv2\/wp\/v2\/tags?post=202576"}],"curies":[{"name":"wp","href":"https:\/\/api.w.org\/{rel}","templated":true}]}}