{"id":202503,"date":"2023-01-18T17:57:07","date_gmt":"2023-01-18T16:57:07","guid":{"rendered":"https:\/\/www.ifun.de\/?p=202503"},"modified":"2023-01-18T18:01:39","modified_gmt":"2023-01-18T17:01:39","slug":"homepod-und-homepod-mini-bald-mit-temperaturmessung-und-geraeuscherkennung","status":"publish","type":"post","link":"https:\/\/www.ifun.de\/homepod-und-homepod-mini-bald-mit-temperaturmessung-und-geraeuscherkennung-202503\/","title":{"rendered":"HomePod und HomePod mini mit Temperaturmessung und Ger\u00e4uscherkennung"},"content":{"rendered":"<p>Im Zusammenhang mit der <a href=\"https:\/\/www.iphone-ticker.de\/apple-stellt-neuen-homepod-vor-205641\/\" title=\"Apple stellt 2. Generation des HomePod vor\">Vorstellung des neuen HomePod<\/a> hat Apple auch zwei Erweiterungen f\u00fcr den <a href=\"https:\/\/www.apple.com\/de\/homepod-mini?afid=p239%7C1268988&amp;cid=aos-de-aff-ir-1268988\">HomePod mini<\/a> angek\u00fcndigt. Der aktualisierten Webseite zu Apples kleinem Siri-Lautsprecher zufolge, wird fortan auch dieser die Temperatur und die Luftfeuchtigkeit in Innenr\u00e4umen messen k\u00f6nnen. Zudem soll der HomePod mini auch \u00fcber die mit dem gro\u00dfen HomePod der zweiten Generation angek\u00fcndigte Ger\u00e4uscherkennung verf\u00fcgen.<\/p>\n<p>Vielleicht erinnert ihr euch noch an die <a href=\"https:\/\/www.ifun.de\/apple-hat-einen-temperatursensor-im-homepod-mini-versteckt-167940\/\" title=\"Apple hat einen Temperatursensor im HomePod mini versteckt\">Meldung aus dem Fr\u00fchjahr 2021<\/a>. Damals kam zutage, dass sich im HomePod mini ein Sensor f\u00fcr Temperatur und Luftfeuchtigkeit befindet und in der Folge wurde dar\u00fcber spekuliert, ob und wann Apple die damit verbundenen Funktionen freischaltet. Knapp zwei Jahre sp\u00e4ter ist es nun soweit. Apple hat dergleichen im Zusammenhang mit dem neuen HomePod der zweiten Generation angek\u00fcndigt und nennt die Funktion zur Messung von Temperatur und Luftfeuchtigkeit jetzt auch im Zusammenhang mit dem HomePod mini.<\/p>\n<p><a href=\"https:\/\/images.ifun.de\/wp-content\/uploads\/2023\/01\/apple-homepod-funktioinen-neu.jpg\"><img loading=\"lazy\" decoding=\"async\" src=\"https:\/\/images.ifun.de\/wp-content\/uploads\/2023\/01\/apple-homepod-funktioinen-neu-700x302.jpg\" alt=\"Apple Homepod Funktioinen Neu\" width=\"700\" height=\"302\" class=\"alignnone size-large wp-image-202506\" srcset=\"https:\/\/images.ifun.de\/wp-content\/uploads\/2023\/01\/apple-homepod-funktioinen-neu-700x302.jpg 700w, https:\/\/images.ifun.de\/wp-content\/uploads\/2023\/01\/apple-homepod-funktioinen-neu-500x215.jpg 500w, https:\/\/images.ifun.de\/wp-content\/uploads\/2023\/01\/apple-homepod-funktioinen-neu-768x331.jpg 768w, https:\/\/images.ifun.de\/wp-content\/uploads\/2023\/01\/apple-homepod-funktioinen-neu.jpg 1400w\" sizes=\"auto, (max-width: 700px) 100vw, 700px\" \/><\/a><\/p>\n<p>Es ist davon auszugehen, dass Apple die Funktion mit dem Update auf iOS 16.3 beziehungsweise der korrespondierenden Softwareversion f\u00fcr den HomePod aktiviert. Im Zusammenhang mit der <a href=\"https:\/\/www.iphone-ticker.de\/black-unity-week-neues-armband-zifferblatt-und-hintergrundbild-205670\/\" title=\"Black Unity Week: Neues Armband, Zifferblatt und Hintergrundbild\">Vorstellung eines neuen Zifferblatts<\/a> f\u00fcr die Apple Watch hat Apple eben angek\u00fcndigt, dass iOS 16.3 in der kommenden Woche erscheint.<\/p>\n<p>Die Messung von Temperatur und Luftfeuchtigkeit mithilfe des HomePod funktioniert Apple zufolge allerdings nur, wenn die Temperatur zwischen 15 \u00b0C und 30 \u00b0C und die relative Luftfeuchtigkeit zwischen 30 % und 70 % liegt.<\/p>\n<h2>Ger\u00e4uscherkennung kommt sp\u00e4ter<\/h2>\n<p>Apple wird dar\u00fcber hinaus sowohl den neuen HomePod als auch den HomePod mini mit der bereits vom iPhone bekannten <a href=\"https:\/\/www.iphone-ticker.de\/neu-in-ios-14-daueraktive-geraeuscherkennung-159625\/\" title=\"Neu in iOS 14: Daueraktive Ger\u00e4uscherkennung\">Funktion zur Ger\u00e4uscherkennung<\/a> ausstatten. Der Siri-Lautsprecher kann dann beispielsweise den Alarm von Rauchmeldern erkennen und darauf basierend Aktionen ausl\u00f6sen.<\/p>\n<p>Apple zufolge wird diese Funktion allerdings erst zu einem sp\u00e4teren Zeitpunkt nachgereicht. Aktuell ist die Rede von \u201esp\u00e4ter in diesem Fr\u00fchjahr\u201c, zu dem wird damit verbunden vorausgesetzt, dass das <a href=\"https:\/\/www.ifun.de\/apple-klassifiziert-aktuelle-homekit-probleme-intern-als-schwerwiegend-201298\/\" title=\"Apple klassifiziert aktuelle HomeKit-Probleme intern als schwerwiegend\">aktuell nicht verf\u00fcgbare<\/a> Update auf die aktualisierte Home-Architektur durchgef\u00fchrt wurde.<img loading=\"lazy\" decoding=\"async\" src=\"https:\/\/vg06.met.vgwort.de\/na\/2a5dd5e9c1114337ad88810c4633f569\" width=\"1\" height=\"1\" no-lazy class=\"tracking\"><\/p>\n<h2>Apples neuer HomePod im Video<\/h2>\n<p>https:\/\/www.youtube.com\/watch?v=JKBS56wTp6U<\/p>\n","protected":false},"excerpt":{"rendered":"<a href=\"https:\/\/www.ifun.de\/homepod-und-homepod-mini-bald-mit-temperaturmessung-und-geraeuscherkennung-202503\/\"><img width=\"150\" height=\"150\" src=\"https:\/\/images.ifun.de\/wp-content\/uploads\/2023\/01\/apple-homepod-feature-150x150.jpg\" class=\"alignright tfe wp-post-image\" alt=\"Apple Homepod Feature\" decoding=\"async\" loading=\"lazy\" \/><\/a><p>Im Zusammenhang mit der Vorstellung des neuen HomePod hat Apple auch zwei Erweiterungen f\u00fcr den HomePod mini angek\u00fcndigt. Der aktualisierten Webseite zu Apples kleinem Siri-Lautsprecher zufolge, wird fortan auch dieser die Temperatur und die Luftfeuchtigkeit in Innenr\u00e4umen messen k\u00f6nnen. Zudem soll der HomePod mini auch \u00fcber die mit dem gro\u00dfen HomePod der zweiten Generation angek\u00fcndigte [&hellip;]<\/p>\n","protected":false},"author":2,"featured_media":202507,"comment_status":"open","ping_status":"closed","sticky":false,"template":"","format":"standard","meta":{"_acf_changed":false,"footnotes":""},"categories":[1],"tags":[3714,5106],"class_list":["post-202503","post","type-post","status-publish","format-standard","has-post-thumbnail","hentry","category-news","tag-homepod","tag-homepod-mini"],"acf":[],"aioseo_notices":[],"subheadline":["Apple k\u00fcndigt Updates an"],"featured_image":["https:\/\/images.ifun.de\/wp-content\/uploads\/2023\/01\/apple-homepod-feature.jpg"],"rest_api_enabler":{"subheadline":"Apple k\u00fcndigt Updates an","featured_image":"https:\/\/images.ifun.de\/wp-content\/uploads\/2023\/01\/apple-homepod-feature.jpg"},"_links":{"self":[{"href":"https:\/\/www.ifun.de\/apiv2\/wp\/v2\/posts\/202503","targetHints":{"allow":["GET"]}}],"collection":[{"href":"https:\/\/www.ifun.de\/apiv2\/wp\/v2\/posts"}],"about":[{"href":"https:\/\/www.ifun.de\/apiv2\/wp\/v2\/types\/post"}],"author":[{"embeddable":true,"href":"https:\/\/www.ifun.de\/apiv2\/wp\/v2\/users\/2"}],"replies":[{"embeddable":true,"href":"https:\/\/www.ifun.de\/apiv2\/wp\/v2\/comments?post=202503"}],"version-history":[{"count":7,"href":"https:\/\/www.ifun.de\/apiv2\/wp\/v2\/posts\/202503\/revisions"}],"predecessor-version":[{"id":202515,"href":"https:\/\/www.ifun.de\/apiv2\/wp\/v2\/posts\/202503\/revisions\/202515"}],"wp:featuredmedia":[{"embeddable":true,"href":"https:\/\/www.ifun.de\/apiv2\/wp\/v2\/media\/202507"}],"wp:attachment":[{"href":"https:\/\/www.ifun.de\/apiv2\/wp\/v2\/media?parent=202503"}],"wp:term":[{"taxonomy":"category","embeddable":true,"href":"https:\/\/www.ifun.de\/apiv2\/wp\/v2\/categories?post=202503"},{"taxonomy":"post_tag","embeddable":true,"href":"https:\/\/www.ifun.de\/apiv2\/wp\/v2\/tags?post=202503"}],"curies":[{"name":"wp","href":"https:\/\/api.w.org\/{rel}","templated":true}]}}