{"id":202354,"date":"2023-01-17T14:20:02","date_gmt":"2023-01-17T13:20:02","guid":{"rendered":"https:\/\/www.ifun.de\/?p=202354"},"modified":"2023-01-20T18:10:31","modified_gmt":"2023-01-20T17:10:31","slug":"apple-tv-anwender-ohne-mobilgeraet-kommen-hier-nicht-weiter","status":"publish","type":"post","link":"https:\/\/www.ifun.de\/apple-tv-anwender-ohne-mobilgeraet-kommen-hier-nicht-weiter-202354\/","title":{"rendered":"Apple TV: Anwender ohne Mobilger\u00e4t kommen hier nicht weiter"},"content":{"rendered":"<p>Die Anzahl der Apple TV-Nutzer, die sich f\u00fcr den Kauf der Set-Top-Box aus Cupertino entschieden haben, ansonsten aber keine anderen Ger\u00e4te mit dem Apfel-Logo besitzen wird \u00fcberschaubar sein, doch es gibt sie: Anwenderinnen und Anwender die im Alltag auf ein Android-Smartphone, ein Fire Tablet und einen PC setzen, den Fernseher im Wohnzimmer aber mit einem Apple TV verbunden haben.<\/p>\n<p><a href=\"https:\/\/images.ifun.de\/wp-content\/uploads\/2023\/01\/icloud-terms-apple-tv.jpg\"><img loading=\"lazy\" decoding=\"async\" class=\"aligncenter size-medium wp-image-202356\" src=\"https:\/\/images.ifun.de\/wp-content\/uploads\/2023\/01\/icloud-terms-apple-tv-500x375.jpg\" alt=\"Icloud Terms Apple Tv\" width=\"500\" height=\"375\" srcset=\"https:\/\/images.ifun.de\/wp-content\/uploads\/2023\/01\/icloud-terms-apple-tv-500x375.jpg 500w, https:\/\/images.ifun.de\/wp-content\/uploads\/2023\/01\/icloud-terms-apple-tv-700x525.jpg 700w, https:\/\/images.ifun.de\/wp-content\/uploads\/2023\/01\/icloud-terms-apple-tv-768x576.jpg 768w, https:\/\/images.ifun.de\/wp-content\/uploads\/2023\/01\/icloud-terms-apple-tv.jpg 1200w\" sizes=\"auto, (max-width: 500px) 100vw, 500px\" \/><\/a><\/p>\n<h6>Apple geht vom Vorhandensein zus\u00e4tzlicher Ger\u00e4te aus<\/h6>\n<p>Eben jene Nutzer k\u00f6nnen unter Umst\u00e4nden mit einer Aufforderung Apples konfrontiert werden, der sich nicht ohne zus\u00e4tzlichen Hardware-Kauf nachkommen l\u00e4sst. Wie genau dies aussehen kann, <a href=\"https:\/\/twitter.com\/hugelgupf\/status\/1614794516309118977\">schildert<\/a> Christopher Koch auf der Kurznachrichten-Plattform Twitter.<\/p>\n<p>Der deutsche Google-Mitarbeiter hat zwar ein Apple TV, besitzt ansonsten jedoch kein einziges anderes Apple-Ger\u00e4t. Dies sorgt daf\u00fcr, dass Koch nun nach jedem Start des Apple TV von einer Hinweis-Meldung begr\u00fc\u00dft wird, die sich ohne zus\u00e4tzliches iPhone (oder iPad) nicht aus der Welt r\u00e4umen l\u00e4sst.<\/p>\n<h2>Abnicken der AGB am TV unm\u00f6glich<\/h2>\n<p>So fordert Apples Streaming-K\u00e4stchen Anwender, die die aktuellen iCloud-Nutzungsbedingungen nicht ohnehin auf ihren Mobilger\u00e4ten akzeptiert haben dazu auf, dies auf einem Mobilger\u00e4t mit iOS 16 oder iPadOS 16 zu tun. Dazu l\u00e4sst sich allerdings auch kein iPhone aus dem Freundeskreis borgen, da das Abnicken der iCloud Gesch\u00e4fts- und Nutzungsbedingungen nur auf einem Ger\u00e4t erfolgen kann, das mit der eigenen Apple ID verkn\u00fcpft ist. Die Folge: F\u00fcr Christopher Koch gibt es aktuell keine M\u00f6glichkeit die Abfrage beim Start des Apple TV zu unterbinden.<\/p>\n<p><center><\/p>\n<blockquote class=\"twitter-tweet\" data-conversation=\"none\" data-cards=\"hidden\">\n<p lang=\"en\" dir=\"ltr\">I own an Apple TV.<\/p>\n<p>I own not a single other Apple device. Not one.<\/p>\n<p>Every time I start the Apple TV I get this prompt now. <a href=\"https:\/\/twitter.com\/Apple?ref_src=twsrc%5Etfw\">@Apple<\/a> what do you expect me to do about this? <a href=\"https:\/\/t.co\/CsNaTNNIHp\">pic.twitter.com\/CsNaTNNIHp<\/a><\/p>\n<p>&mdash; chris @c@pub.waffle.tech (@hugelgupf) <a href=\"https:\/\/twitter.com\/hugelgupf\/status\/1614794516309118977?ref_src=twsrc%5Etfw\">January 16, 2023<\/a><\/p><\/blockquote>\n<p><\/center> <script async src=\"https:\/\/platform.twitter.com\/widgets.js\" charset=\"utf-8\"><\/script><\/p>\n<p>Hier m\u00fcsste Apple ein Softwareupdate nachliefern und darauf acht geben, dass das Update selbst kein Einverst\u00e4ndnis zu den iCloud-Nutzungsbedingungen voraussetzt um selbst installiert werden zu k\u00f6nnen. Eine Unachtsamkeit, die es mit dem Rampenlicht, das jetzt auf Kochs Tweet scheint, hoffentlich auf Apples To-Do-Liste geschafft haben d\u00fcrfte.<\/p>\n<p><img loading=\"lazy\" decoding=\"async\" src=\"https:\/\/vg07.met.vgwort.de\/na\/00d3d22c16c3497a833c1ebfbfc390ac\" width=\"1\" height=\"1\" no-lazy class=\"tracking\"><\/p>\n","protected":false},"excerpt":{"rendered":"<a href=\"https:\/\/www.ifun.de\/apple-tv-anwender-ohne-mobilgeraet-kommen-hier-nicht-weiter-202354\/\"><img width=\"150\" height=\"150\" src=\"https:\/\/images.ifun.de\/wp-content\/uploads\/2023\/01\/feature-james-yarema-dTa1LJAJvhI-Apple-tv-150x150.jpg\" class=\"alignright tfe wp-post-image\" alt=\"Feature James Yarema DTa1LJAJvhI Apple Tv\" decoding=\"async\" loading=\"lazy\" \/><\/a><p>Die Anzahl der Apple TV-Nutzer, die sich f\u00fcr den Kauf der Set-Top-Box aus Cupertino entschieden haben, ansonsten aber keine anderen Ger\u00e4te mit dem Apfel-Logo besitzen wird \u00fcberschaubar sein, doch es gibt sie: Anwenderinnen und Anwender die im Alltag auf ein Android-Smartphone, ein Fire Tablet und einen PC setzen, den Fernseher im Wohnzimmer aber mit einem [&hellip;]<\/p>\n","protected":false},"author":1,"featured_media":202357,"comment_status":"open","ping_status":"closed","sticky":false,"template":"","format":"standard","meta":{"_acf_changed":false,"footnotes":""},"categories":[4,1783],"tags":[26,4740,4741,373],"class_list":["post-202354","post","type-post","status-publish","format-standard","has-post-thumbnail","hentry","category-appletv","category-feature","tag-apple-tv","tag-ipad","tag-iphone","tag-kritik"],"acf":[],"aioseo_notices":[],"subheadline":["Apple setzt iPhone oder iPad voraus","Apple setzt iPhone oder iPad voraus"],"featured_image":["https:\/\/images.ifun.de\/wp-content\/uploads\/2023\/01\/feature-james-yarema-dTa1LJAJvhI-Apple-tv.jpg"],"rest_api_enabler":{"subheadline":["Apple setzt iPhone oder iPad voraus","Apple setzt iPhone oder iPad voraus"],"featured_image":"https:\/\/images.ifun.de\/wp-content\/uploads\/2023\/01\/feature-james-yarema-dTa1LJAJvhI-Apple-tv.jpg"},"_links":{"self":[{"href":"https:\/\/www.ifun.de\/apiv2\/wp\/v2\/posts\/202354","targetHints":{"allow":["GET"]}}],"collection":[{"href":"https:\/\/www.ifun.de\/apiv2\/wp\/v2\/posts"}],"about":[{"href":"https:\/\/www.ifun.de\/apiv2\/wp\/v2\/types\/post"}],"author":[{"embeddable":true,"href":"https:\/\/www.ifun.de\/apiv2\/wp\/v2\/users\/1"}],"replies":[{"embeddable":true,"href":"https:\/\/www.ifun.de\/apiv2\/wp\/v2\/comments?post=202354"}],"version-history":[{"count":3,"href":"https:\/\/www.ifun.de\/apiv2\/wp\/v2\/posts\/202354\/revisions"}],"predecessor-version":[{"id":202360,"href":"https:\/\/www.ifun.de\/apiv2\/wp\/v2\/posts\/202354\/revisions\/202360"}],"wp:featuredmedia":[{"embeddable":true,"href":"https:\/\/www.ifun.de\/apiv2\/wp\/v2\/media\/202357"}],"wp:attachment":[{"href":"https:\/\/www.ifun.de\/apiv2\/wp\/v2\/media?parent=202354"}],"wp:term":[{"taxonomy":"category","embeddable":true,"href":"https:\/\/www.ifun.de\/apiv2\/wp\/v2\/categories?post=202354"},{"taxonomy":"post_tag","embeddable":true,"href":"https:\/\/www.ifun.de\/apiv2\/wp\/v2\/tags?post=202354"}],"curies":[{"name":"wp","href":"https:\/\/api.w.org\/{rel}","templated":true}]}}