{"id":202340,"date":"2023-01-17T15:12:29","date_gmt":"2023-01-17T14:12:29","guid":{"rendered":"https:\/\/www.ifun.de\/?p=202340"},"modified":"2023-01-17T18:39:31","modified_gmt":"2023-01-17T17:39:31","slug":"macbook-pro-2023-neue-modelle-mit-14-und-16-zoll","status":"publish","type":"post","link":"https:\/\/www.ifun.de\/macbook-pro-2023-neue-modelle-mit-14-und-16-zoll-202340\/","title":{"rendered":"MacBook Pro 2023: Neue Modelle mit 14 und 16 Zoll"},"content":{"rendered":"<p>Ohne gro\u00dfe Showeinlagen, ohne Medien-Event und ohne langen Vorlauf hat Apple heute zwei neue Modelle <a href=\"https:\/\/www.apple.com\/de\/shop\/buy-mac\/macbook-pro\">des MacBook Pro pr\u00e4sentiert<\/a>, die in die Fussstapfen des MacBook Pro 14 Zoll und des MacBook Pro 16 Zoll treten werden.<\/p>\n<p><a href=\"https:\/\/images.ifun.de\/wp-content\/uploads\/2023\/01\/macbook-pro-familie.jpg\"><img loading=\"lazy\" decoding=\"async\" class=\"aligncenter size-medium wp-image-202368\" src=\"https:\/\/images.ifun.de\/wp-content\/uploads\/2023\/01\/macbook-pro-familie-500x304.jpg\" alt=\"Macbook Pro Familie\" width=\"500\" height=\"304\" srcset=\"https:\/\/images.ifun.de\/wp-content\/uploads\/2023\/01\/macbook-pro-familie-500x304.jpg 500w, https:\/\/images.ifun.de\/wp-content\/uploads\/2023\/01\/macbook-pro-familie-700x426.jpg 700w, https:\/\/images.ifun.de\/wp-content\/uploads\/2023\/01\/macbook-pro-familie-768x467.jpg 768w, https:\/\/images.ifun.de\/wp-content\/uploads\/2023\/01\/macbook-pro-familie-1536x934.jpg 1536w, https:\/\/images.ifun.de\/wp-content\/uploads\/2023\/01\/macbook-pro-familie.jpg 1730w\" sizes=\"auto, (max-width: 500px) 100vw, 500px\" \/><\/a><\/p>\n<h2>15 Monate nach den Vorg\u00e4ngern<\/h2>\n<p>Rund 15 Monate nach Vorstellung der beiden schnellsten und bestausgestatteten Rechner in Apples tragbarem Lineup, machen die Modelle mit M1 Pro Chip und M1 Max Chip nun also Platz f\u00fcr zwei Maschinen mit Apples aktuellster Prozessor-Generation und Wi-Fi 6E.<\/p>\n<p>So setzt das neue MacBook Pro <a href=\"https:\/\/www.apple.com\/de\/shop\/buy-mac\/macbook-pro\">auf Apples M2 Pro und M2 Max-Prozessoren<\/a> im ansonsten weitgehend baugleichen Geh\u00e4use und wird weiterhin mit den zwei Displaygr\u00f6\u00dfen von 14,2 und 16,2 Zoll angeboten.<\/p>\n<p>W\u00e4hrend die 2021 vorgestellten Modelle offiziell mit Listenpreisen von mindestens 2.249 Euro (MacBook Pro 14&#8243;) beziehungsweise 2.749 Euro (MacBook Pro 16&#8243;) in der Basiskonfiguration ausgezeichnet waren, starten die neuen Modelle 2023 bei 2399 Euro.<\/p>\n<p><a href=\"https:\/\/images.ifun.de\/wp-content\/uploads\/2023\/01\/macbook-pro-dual-scaled.jpg\"><img loading=\"lazy\" decoding=\"async\" class=\"aligncenter size-large wp-image-202377\" src=\"https:\/\/images.ifun.de\/wp-content\/uploads\/2023\/01\/macbook-pro-dual-700x394.jpg\" alt=\"Macbook Pro Dual\" width=\"700\" height=\"394\" srcset=\"https:\/\/images.ifun.de\/wp-content\/uploads\/2023\/01\/macbook-pro-dual-700x394.jpg 700w, https:\/\/images.ifun.de\/wp-content\/uploads\/2023\/01\/macbook-pro-dual-500x281.jpg 500w, https:\/\/images.ifun.de\/wp-content\/uploads\/2023\/01\/macbook-pro-dual-768x432.jpg 768w, https:\/\/images.ifun.de\/wp-content\/uploads\/2023\/01\/macbook-pro-dual-1536x864.jpg 1536w, https:\/\/images.ifun.de\/wp-content\/uploads\/2023\/01\/macbook-pro-dual-2048x1152.jpg 2048w\" sizes=\"auto, (max-width: 700px) 100vw, 700px\" \/><\/a><\/p>\n<h2>Warum so verhalten?<\/h2>\n<p>Bevor wir uns Apples offizieller Meldung zu den neuen Modellen widmen, wollen wir uns kurz der Frage annehmen, die Apple mit der verhaltenen Ank\u00fcndigung der neuen Laptop-Flaggschiffe aufwirft: Warum g\u00f6nnt der Konzern seinen Rechnern kein eigenes Medien-Event?<\/p>\n<p>Hier muss spekuliert werden, allerdings deutet vieles daraufhin, dass Apple das neue MacBook Pro 2023 eigentlich gemeinsam mit dem Mixed-Reality-Headset im Januar vorstellen wollte. Da sich die Massenfertigung des Headsets dann jedoch unvorhergesehen verz\u00f6gerte und der Launch der neuen Produktkategorie wegen Problemen in der Qualit\u00e4tskontrolle in das zweite Halbjahr 2023 <a href=\"https:\/\/www.ifun.de\/apple-headset-falltests-machen-probleme-vorstellung-erst-im-sommer-201688\/\">verlegt werden musste<\/a>, strich Apple das intern geplante Event.<br \/>\n<a href=\"https:\/\/images.ifun.de\/wp-content\/uploads\/2023\/01\/macbook-pro-specs-1400.jpg\"><img loading=\"lazy\" decoding=\"async\" src=\"https:\/\/images.ifun.de\/wp-content\/uploads\/2023\/01\/macbook-pro-specs-1400-700x394.jpg\" alt=\"Macbook Pro Specs 1400\" width=\"700\" height=\"394\" class=\"aligncenter size-large wp-image-202414\" srcset=\"https:\/\/images.ifun.de\/wp-content\/uploads\/2023\/01\/macbook-pro-specs-1400-700x394.jpg 700w, https:\/\/images.ifun.de\/wp-content\/uploads\/2023\/01\/macbook-pro-specs-1400-500x281.jpg 500w, https:\/\/images.ifun.de\/wp-content\/uploads\/2023\/01\/macbook-pro-specs-1400-768x432.jpg 768w, https:\/\/images.ifun.de\/wp-content\/uploads\/2023\/01\/macbook-pro-specs-1400.jpg 1400w\" sizes=\"auto, (max-width: 700px) 100vw, 700px\" \/><\/a><br \/>\nDie Folge: Statt ihre f\u00fcnf Minuten im Rampenlicht zu bekommen, begr\u00fc\u00dft uns das neuen MacBook Pro heute mit einer schn\u00f6den Presse-Mitteilung, die wir im Anschluss im Wortlaut abgedruckt haben.<\/p>\n<p>Immerhin: Ein 20 Minuten langes Video im Keynote-Stil beschreibt die Leistungsf\u00e4higkeit der neuen Prozessoren und stellt die frischen Apple-Rechner vor.<\/p>\n<p><div class=\"responsive-video\"><iframe loading=\"lazy\" title=\"Meet the new MacBook Pro and Mac mini | Apple\" width=\"500\" height=\"281\" src=\"https:\/\/www.youtube-nocookie.com\/embed\/6Ij9PiehENA?feature=oembed\" frameborder=\"0\" allow=\"accelerometer; autoplay; clipboard-write; encrypted-media; gyroscope; picture-in-picture; web-share\" referrerpolicy=\"strict-origin-when-cross-origin\" allowfullscreen><\/iframe><\/div><\/p>\n<h2>Die Pressemitteilung im Wortlaut<\/h2>\n<blockquote>\n<div class=\"pagebody text component\">\n<div class=\"component-content\">\n<div class=\"pagebody-copy\">Apple hat heute das neue <a href=\"https:\/\/www.apple.com\/de\/macbook-pro-14-and-16\/\" target=\"_blank\" rel=\"noopener\">14&#8243; und 16&#8243; MacBook Pro<\/a> mit M2 Pro und M2 Max vorgestellt, den Apple Pro Chips der n\u00e4chsten Generation f\u00fcr noch mehr energieeffiziente Performance und Batterielaufzeit f\u00fcr professionelle Nutzer:innen. Mit dem M2 Pro und M2 Max, den weltweit leistungsst\u00e4rksten und effizientesten Chips in einem Pro Laptop, erledigt das MacBook Pro anspruchsvolle Aufgaben wie das Rendern von Effekten bis zu 6-mal schneller und Farbkorrekturen bis zu 2-mal schneller als das schnellste MacBook Pro mit Intel Prozessor. Durch die einzigartige Energieeffizienz der Apple Chips hat das MacBook Pro jetzt eine Batterielaufzeit von bis zu 22 Stunden \u2013 die l\u00e4ngste Batterielaufzeit aller Zeiten in einem Mac. Das neue MacBook Pro unterst\u00fctzt f\u00fcr eine bessere Anschlussm\u00f6glichkeit WLAN 6E, das bis zu doppelt so schnell ist wie die vorherige Generation, sowie fortschrittliches HDMI, das zum ersten Mal 8K Displays unterst\u00fctzt. Mit bis zu 96 GB gemeinsamem Arbeits\u00adspeicher beim M2 Max Modell k\u00f6nnen Kreative mit Szenen arbeiten, die so riesig sind, dass die meisten PC Laptops sie nicht einmal \u00f6ffnen k\u00f6nnen. Das beliebte Liquid Retina XDR Display, die umfassenden Anschlussm\u00f6glichkeiten, eine 1080p FaceTime HD Kamera, das Audiosystem mit 6 Lautsprechern und Mikrofone in Studioqualit\u00e4t runden die einzigartigen Funktionen des MacBook Pro ab. Zusammen mit macOS Ventura ist das Benutzererlebnis des MacBook Pro einzigartig. Kund:innen k\u00f6nnen das neue 14&#8243; und 16&#8243; MacBook Pro ab heute bestellen, das ab Dienstag, 24. Januar erh\u00e4ltlich sein wird.<\/div>\n<div class=\"pagebody-copy\">\u201eDas MacBook Pro mit Apple Chips hat alles ver\u00e4ndert und Pros die Power gegeben, ihre Workflows unterwegs auf ein neues Level zu bringen und Dinge zu tun, die sie auf einem Laptop nie f\u00fcr m\u00f6glich gehalten h\u00e4tten\u201c, sagt Greg Joswiak, Senior Vice President of Worldwide Marketing bei Apple. \u201eUnd heute wird das MacBook Pro sogar noch besser. Mit einer schnelleren Performance, besseren Anschlussm\u00f6glichkeiten und der l\u00e4ngsten Batterielaufzeit, die ein Mac je hatte, ist es zusammen mit dem besten Display in einem Laptop einfach einzigartig.\u201c<\/div>\n<\/div>\n<\/div>\n<\/blockquote>\n<p><img loading=\"lazy\" decoding=\"async\" src=\"https:\/\/vg07.met.vgwort.de\/na\/187afc6f605e46fea6c673b973c54cb3\" width=\"1\" height=\"1\" no-lazy class=\"tracking\"><\/p>\n","protected":false},"excerpt":{"rendered":"<a href=\"https:\/\/www.ifun.de\/macbook-pro-2023-neue-modelle-mit-14-und-16-zoll-202340\/\"><img width=\"150\" height=\"150\" src=\"https:\/\/images.ifun.de\/wp-content\/uploads\/2023\/01\/macbook-pro-familie-150x150.jpg\" class=\"alignright tfe wp-post-image\" alt=\"Macbook Pro Familie\" decoding=\"async\" loading=\"lazy\" \/><\/a><p>Ohne gro\u00dfe Showeinlagen, ohne Medien-Event und ohne langen Vorlauf hat Apple heute zwei neue Modelle des MacBook Pro pr\u00e4sentiert, die in die Fussstapfen des MacBook Pro 14 Zoll und des MacBook Pro 16 Zoll treten werden. 15 Monate nach den Vorg\u00e4ngern Rund 15 Monate nach Vorstellung der beiden schnellsten und bestausgestatteten Rechner in Apples tragbarem [&hellip;]<\/p>\n","protected":false},"author":1,"featured_media":202368,"comment_status":"open","ping_status":"closed","sticky":false,"template":"","format":"standard","meta":{"_acf_changed":false,"footnotes":""},"categories":[1],"tags":[4736,224],"class_list":["post-202340","post","type-post","status-publish","format-standard","has-post-thumbnail","hentry","category-news","tag-apple","tag-macbook-pro"],"acf":[],"aioseo_notices":[],"subheadline":["Warum so verhalten?"],"featured_image":["https:\/\/images.ifun.de\/wp-content\/uploads\/2023\/01\/macbook-pro.jpg"],"rest_api_enabler":{"subheadline":"Warum so verhalten?","featured_image":"https:\/\/images.ifun.de\/wp-content\/uploads\/2023\/01\/macbook-pro.jpg"},"_links":{"self":[{"href":"https:\/\/www.ifun.de\/apiv2\/wp\/v2\/posts\/202340","targetHints":{"allow":["GET"]}}],"collection":[{"href":"https:\/\/www.ifun.de\/apiv2\/wp\/v2\/posts"}],"about":[{"href":"https:\/\/www.ifun.de\/apiv2\/wp\/v2\/types\/post"}],"author":[{"embeddable":true,"href":"https:\/\/www.ifun.de\/apiv2\/wp\/v2\/users\/1"}],"replies":[{"embeddable":true,"href":"https:\/\/www.ifun.de\/apiv2\/wp\/v2\/comments?post=202340"}],"version-history":[{"count":17,"href":"https:\/\/www.ifun.de\/apiv2\/wp\/v2\/posts\/202340\/revisions"}],"predecessor-version":[{"id":202426,"href":"https:\/\/www.ifun.de\/apiv2\/wp\/v2\/posts\/202340\/revisions\/202426"}],"wp:featuredmedia":[{"embeddable":true,"href":"https:\/\/www.ifun.de\/apiv2\/wp\/v2\/media\/202368"}],"wp:attachment":[{"href":"https:\/\/www.ifun.de\/apiv2\/wp\/v2\/media?parent=202340"}],"wp:term":[{"taxonomy":"category","embeddable":true,"href":"https:\/\/www.ifun.de\/apiv2\/wp\/v2\/categories?post=202340"},{"taxonomy":"post_tag","embeddable":true,"href":"https:\/\/www.ifun.de\/apiv2\/wp\/v2\/tags?post=202340"}],"curies":[{"name":"wp","href":"https:\/\/api.w.org\/{rel}","templated":true}]}}