{"id":202289,"date":"2023-01-16T17:49:01","date_gmt":"2023-01-16T16:49:01","guid":{"rendered":"https:\/\/www.ifun.de\/?p=202289"},"modified":"2023-01-16T17:52:51","modified_gmt":"2023-01-16T16:52:51","slug":"apple-wird-wahrscheinlich-morgen-neue-hardware-ankuendigen","status":"publish","type":"post","link":"https:\/\/www.ifun.de\/apple-wird-wahrscheinlich-morgen-neue-hardware-ankuendigen-202289\/","title":{"rendered":"Apple wird wahrscheinlich morgen neue Hardware ank\u00fcndigen"},"content":{"rendered":"<p>Apple k\u00f6nnte bereits am morgigen Dienstag seine ersten neuen Hardware-Produkte in diesem Jahr vorstellen. Mit dem Hinweis, man solle morgen <a href=\"https:\/\/www.apple.com\/de\/newsroom\/\">Apples Newsroom-Webseite<\/a> im Auge behalten, bringt sich der einst durchaus treffsichere und mit guten Quellen ausgestattete Blogger Jon Prosser in Erinnerung.<\/p>\n<blockquote class=\"twitter-tweet\">\n<p lang=\"en\" dir=\"ltr\">keep an eye on apple\u2019s newsroom tomorrow &#x1f60f;<\/p>\n<p>&#8211; jon<\/p>\n<p>&mdash; frontpagetech.com &#x1f9fb; (@frontpagetech) <a href=\"https:\/\/twitter.com\/frontpagetech\/status\/1615008571246403585?ref_src=twsrc%5Etfw\">January 16, 2023<\/a><\/p><\/blockquote>\n<p> <script async src=\"https:\/\/platform.twitter.com\/widgets.js\" charset=\"utf-8\"><\/script><\/p>\n<p>Prossers Statement auf Twitter alleine h\u00e4tten wir vielleicht noch ein ganzes St\u00fcck skeptischer betrachtet, wenn da nicht begleitend auch der Hinweis vom Apple-Blog <a href=\"https:\/\/www.macrumors.com\/2023\/01\/16\/apple-product-announcement-tomorrow\/\">MacRumors<\/a> k\u00e4me, dass man zumindest best\u00e4tigen k\u00f6nne, dass eine Apple-Produktank\u00fcndigung im Laufe der aktuellen Woche zu erwarten sei.<\/p>\n<h2>Macs stehen ganz oben auf der Liste<\/h2>\n<p>Die Chancen auf eine bevorstehende Produktank\u00fcndigung stehen also ziemlich gut. Fragt sich nur, was konkret wird neu von Apple erwarten d\u00fcrfen. Ganz oben auf der Warteliste stehen weiterhin verschiedene Mac-Modelle, allem voran die MacBook-Pro-Modelle mit 14 und 16 Zoll Bildschirmgr\u00f6\u00dfe, der Mac mini und der immer noch nur mit Intel-Prozessoren erh\u00e4ltliche Mac Pro.<\/p>\n<p>Es wird zudem gemunkelt, dass Apple noch im Laufe der Woche erste Journalisten mit der neuen Hardware ausstattet, die ihre Reviews dann n\u00e4chste Woche ver\u00f6ffentlichen d\u00fcrfen. Dies deutet darauf hin, dass die neuen Ger\u00e4te dann auch recht kurzfristig lieferbar sind.<\/p>\n<h2>Letzte &#8222;Stille Ank\u00fcndigung&#8220; im Oktober<\/h2>\n<p>Apple hat bereits in der Vergangenheit immer wieder auch den Weg gew\u00e4hlt, neue Produkte ohne gesondertes \u201eSpecial Event\u201c schlicht \u00fcber im hauseigenen Newsroom ver\u00f6ffentlichte Pressemitteilungen anzuk\u00fcndigen.<\/p>\n<p>Pr\u00e4destinierte Wochentage f\u00fcr derartige Ank\u00fcndigungen sind bei Apple der Dienstag oder der Mittwoch. Zuletzt hat Apple am 18. Oktober vergangenen Jahres &#8211; ein Dienstag &#8211; auf diesem Weg das iPad 10, das neue iPad Pro und das neue Apple TV 4K pr\u00e4sentiert. Die zugeh\u00f6rigen Pressemitteilungen wurden damals ohne gesonderte Vorank\u00fcndigung am sp\u00e4ten Nachmittag im Apple Newsroom ver\u00f6ffentlicht. Teils hat Apple derartige Produktank\u00fcndigungen aber auch schon um 13 oder 14 Uhr ausgesandt.<img loading=\"lazy\" decoding=\"async\" src=\"https:\/\/vg06.met.vgwort.de\/na\/f98dfea616b145c08b167abf7088097c\" width=\"1\" height=\"1\" no-lazy class=\"tracking\"><\/p>\n","protected":false},"excerpt":{"rendered":"<a href=\"https:\/\/www.ifun.de\/apple-wird-wahrscheinlich-morgen-neue-hardware-ankuendigen-202289\/\"><img decoding=\"async\" width=\"150\" src=\"https:\/\/vg06.met.vgwort.de\/na\/f98dfea616b145c08b167abf7088097c\" class=\"alignright wp-post-image tfe\" alt=\"\" title=\"\" \/><\/a><p>Apple k\u00f6nnte bereits am morgigen Dienstag seine ersten neuen Hardware-Produkte in diesem Jahr vorstellen. Mit dem Hinweis, man solle morgen Apples Newsroom-Webseite im Auge behalten, bringt sich der einst durchaus treffsichere und mit guten Quellen ausgestattete Blogger Jon Prosser in Erinnerung. keep an eye on apple\u2019s newsroom tomorrow &#x1f60f; &#8211; jon &mdash; frontpagetech.com &#x1f9fb; (@frontpagetech) [&hellip;]<\/p>\n","protected":false},"author":2,"featured_media":0,"comment_status":"open","ping_status":"closed","sticky":false,"template":"","format":"standard","meta":{"_acf_changed":false,"footnotes":""},"categories":[3],"tags":[],"class_list":["post-202289","post","type-post","status-publish","format-standard","hentry","category-apple"],"acf":[],"aioseo_notices":[],"subheadline":["Ohne \"Special Event\""],"featured_image":["https:\/\/images.ifun.de\/wp-content\/uploads\/2022\/03\/tim-cook-kino-feature.jpg"],"rest_api_enabler":{"subheadline":"Ohne \"Special Event\"","featured_image":"https:\/\/images.ifun.de\/wp-content\/uploads\/2022\/03\/tim-cook-kino-feature.jpg"},"_links":{"self":[{"href":"https:\/\/www.ifun.de\/apiv2\/wp\/v2\/posts\/202289","targetHints":{"allow":["GET"]}}],"collection":[{"href":"https:\/\/www.ifun.de\/apiv2\/wp\/v2\/posts"}],"about":[{"href":"https:\/\/www.ifun.de\/apiv2\/wp\/v2\/types\/post"}],"author":[{"embeddable":true,"href":"https:\/\/www.ifun.de\/apiv2\/wp\/v2\/users\/2"}],"replies":[{"embeddable":true,"href":"https:\/\/www.ifun.de\/apiv2\/wp\/v2\/comments?post=202289"}],"version-history":[{"count":5,"href":"https:\/\/www.ifun.de\/apiv2\/wp\/v2\/posts\/202289\/revisions"}],"predecessor-version":[{"id":202300,"href":"https:\/\/www.ifun.de\/apiv2\/wp\/v2\/posts\/202289\/revisions\/202300"}],"wp:attachment":[{"href":"https:\/\/www.ifun.de\/apiv2\/wp\/v2\/media?parent=202289"}],"wp:term":[{"taxonomy":"category","embeddable":true,"href":"https:\/\/www.ifun.de\/apiv2\/wp\/v2\/categories?post=202289"},{"taxonomy":"post_tag","embeddable":true,"href":"https:\/\/www.ifun.de\/apiv2\/wp\/v2\/tags?post=202289"}],"curies":[{"name":"wp","href":"https:\/\/api.w.org\/{rel}","templated":true}]}}