{"id":201770,"date":"2023-01-09T11:01:03","date_gmt":"2023-01-09T10:01:03","guid":{"rendered":"https:\/\/www.ifun.de\/?p=201770"},"modified":"2023-01-09T11:04:14","modified_gmt":"2023-01-09T10:04:14","slug":"microsoft-pleite-windows-8-endgueltig-im-ruhestand","status":"publish","type":"post","link":"https:\/\/www.ifun.de\/microsoft-pleite-windows-8-endgueltig-im-ruhestand-201770\/","title":{"rendered":"Microsoft-Pleite &#8222;Windows 8&#8220; endg\u00fcltig im Ruhestand"},"content":{"rendered":"<p>Wer erinnert sich noch an Windows 8? Als Microsoft das PC-Betriebssystem im Jahr 2012 vorgestellt hat, befand sich der Konzern unter der Leitung von Steve Ballmer. Bereits vier Jahre sp\u00e4ter wurde der Support f\u00fcr Windows 8 wieder eingestellt und die generelle Unterst\u00fctzung f\u00fcr die Unterversion Windows 8.1 wurde urspr\u00fcnglich bereits 2018 beendet, vom morgigen 10. Januar an wird es f\u00fcr Windows 8.1 auch keine Sicherheitsupdates mehr geben.<\/p>\n<p>Die Zahl der Windows-PCs bei Privatanwendern, auf denen tats\u00e4chlich noch Windows 8.1 l\u00e4uft, d\u00fcrfte inzwischen allerdings auch sehr \u00fcberschaubar sein. Eher noch k\u00f6nnte das veraltete Betriebssystem im Firmenumfeld hier und da Verwendung finden. Windows 8 hat unterm Strich vor allem negative Geschichte geschrieben, so fand das Konzept, die Bedienung gleicherma\u00dfen auf klassische Weise mit Tastatur und Maus oder auch per Touchscreen zu erm\u00f6glichen, wenig Anklang.<\/p>\n<p><a href=\"https:\/\/images.ifun.de\/wp-content\/uploads\/2023\/01\/windows-8-dp.jpg\"><img loading=\"lazy\" decoding=\"async\" src=\"https:\/\/images.ifun.de\/wp-content\/uploads\/2023\/01\/windows-8-dp-700x419.jpg\" alt=\"Windows 8 Dp\" width=\"700\" height=\"419\" class=\"alignnone size-large wp-image-201774\" srcset=\"https:\/\/images.ifun.de\/wp-content\/uploads\/2023\/01\/windows-8-dp-700x419.jpg 700w, https:\/\/images.ifun.de\/wp-content\/uploads\/2023\/01\/windows-8-dp-500x299.jpg 500w, https:\/\/images.ifun.de\/wp-content\/uploads\/2023\/01\/windows-8-dp-768x459.jpg 768w, https:\/\/images.ifun.de\/wp-content\/uploads\/2023\/01\/windows-8-dp.jpg 1400w\" sizes=\"auto, (max-width: 700px) 100vw, 700px\" \/><\/a><\/p>\n<p>Marktforscher sprachen bereits ein Jahr nach dem Start von Windows 8 davon, dass das Betriebssystem gescheitert sei und Microsoft damit eher Kunden vergrault als gewonnen habe. Mit dem sp\u00e4ter dann noch freigegebenen Update auf Windows 8.1 hatte Microsoft dann versucht, zumindest die gr\u00f6\u00dften Kritikpunkte von Anwenderseite zu adressieren.<\/p>\n<p>Steve Ballmer hat seinen Gesch\u00e4ftsf\u00fchrerposten bei Microsoft im Jahr darauf &#8211; die offizielle Version lautet \u201eauf eigenen Wunsch hin\u201c &#8211; an seinen Nachfolger Satya Nadella \u00fcbertragen. Uns ist Ballmer noch zu gut mit seinen Aussagen anl\u00e4sslich der iPhone-Vorstellung im Jahr 2007 in Erinnerung (Video unten).<\/p>\n<h2>Microsoft r\u00e4t von weiterer Nutzung ab<\/h2>\n<p>Anwender, die tats\u00e4chlich noch einen Rechner mit Windows 8.1 in Verwendung haben, sollten einen Blick auf das von Microsoft ver\u00f6ffentlichte <a href=\"https:\/\/support.microsoft.com\/de-de\/windows\/windows-8-1-support-endet-am-10-januar-2023-3cfd4cde-f611-496a-8057-923fba401e93\">Info-Dokument zum Thema<\/a> werfen. Der Hersteller betont in diesem Zusammenhang unter anderem, dass die Verwendung des Betriebssystems \u00fcber den 10. Januar 2023 hinaus mit sicherheitsrelevanten Risiken verbunden ist.<\/p>\n<blockquote>\n<p>Zur Erinnerung: Windows 8.1 wird das Ende des Supports am 10. Januar 2023 erreichen. Zu diesem Zeitpunkt werden keine technischen Unterst\u00fctzungs- und Softwareupdates mehr bereitgestellt. Wenn Sie \u00fcber Ger\u00e4te verf\u00fcgen, auf denen Windows 8.1 ausgef\u00fchrt werden, empfehlen wir, sie auf eine aktuellere, in Betrieb und unterst\u00fctzte Windows-Version zu aktualisieren. Wenn Ger\u00e4te die technischen Anforderungen f\u00fcr die Ausf\u00fchrung einer aktuelleren Version von Windows nicht erf\u00fcllen, wird empfohlen, das Ger\u00e4t durch ein Ger\u00e4t zu ersetzen, das Windows 11 unterst\u00fctzt.<img loading=\"lazy\" decoding=\"async\" src=\"https:\/\/vg09.met.vgwort.de\/na\/b05ce57b728d4a13ab8194ce4cb9a180\" width=\"1\" height=\"1\" alt=\"\" no-lazy class=\"tracking\"><\/p>\n<\/blockquote>\n<h2>Microsofts Steve Ballmer zum iPhone<\/h2>\n<p><div class=\"responsive-video\"><iframe loading=\"lazy\" title=\"Ballmer Laughs at iPhone\" width=\"500\" height=\"375\" src=\"https:\/\/www.youtube-nocookie.com\/embed\/eywi0h_Y5_U?feature=oembed\" frameborder=\"0\" allow=\"accelerometer; autoplay; clipboard-write; encrypted-media; gyroscope; picture-in-picture; web-share\" referrerpolicy=\"strict-origin-when-cross-origin\" allowfullscreen><\/iframe><\/div><\/p>\n","protected":false},"excerpt":{"rendered":"<a href=\"https:\/\/www.ifun.de\/microsoft-pleite-windows-8-endgueltig-im-ruhestand-201770\/\"><img width=\"150\" height=\"150\" src=\"https:\/\/images.ifun.de\/wp-content\/uploads\/2023\/01\/windows-8-dp-150x150.jpg\" class=\"alignright tfe wp-post-image\" alt=\"Windows 8 Dp\" decoding=\"async\" loading=\"lazy\" \/><\/a><p>Wer erinnert sich noch an Windows 8? Als Microsoft das PC-Betriebssystem im Jahr 2012 vorgestellt hat, befand sich der Konzern unter der Leitung von Steve Ballmer. Bereits vier Jahre sp\u00e4ter wurde der Support f\u00fcr Windows 8 wieder eingestellt und die generelle Unterst\u00fctzung f\u00fcr die Unterversion Windows 8.1 wurde urspr\u00fcnglich bereits 2018 beendet, vom morgigen 10. [&hellip;]<\/p>\n","protected":false},"author":2,"featured_media":201774,"comment_status":"open","ping_status":"closed","sticky":false,"template":"","format":"standard","meta":{"_acf_changed":false,"footnotes":""},"categories":[1],"tags":[216],"class_list":["post-201770","post","type-post","status-publish","format-standard","has-post-thumbnail","hentry","category-news","tag-microsoft"],"acf":[],"aioseo_notices":[],"subheadline":["Support f\u00fcr Version 8.1 l\u00e4uft aus"],"featured_image":["https:\/\/images.ifun.de\/wp-content\/uploads\/2023\/01\/ballmer-feature-dp.jpg"],"rest_api_enabler":{"subheadline":"Support f\u00fcr Version 8.1 l\u00e4uft aus","featured_image":"https:\/\/images.ifun.de\/wp-content\/uploads\/2023\/01\/ballmer-feature-dp.jpg"},"_links":{"self":[{"href":"https:\/\/www.ifun.de\/apiv2\/wp\/v2\/posts\/201770","targetHints":{"allow":["GET"]}}],"collection":[{"href":"https:\/\/www.ifun.de\/apiv2\/wp\/v2\/posts"}],"about":[{"href":"https:\/\/www.ifun.de\/apiv2\/wp\/v2\/types\/post"}],"author":[{"embeddable":true,"href":"https:\/\/www.ifun.de\/apiv2\/wp\/v2\/users\/2"}],"replies":[{"embeddable":true,"href":"https:\/\/www.ifun.de\/apiv2\/wp\/v2\/comments?post=201770"}],"version-history":[{"count":9,"href":"https:\/\/www.ifun.de\/apiv2\/wp\/v2\/posts\/201770\/revisions"}],"predecessor-version":[{"id":201785,"href":"https:\/\/www.ifun.de\/apiv2\/wp\/v2\/posts\/201770\/revisions\/201785"}],"wp:featuredmedia":[{"embeddable":true,"href":"https:\/\/www.ifun.de\/apiv2\/wp\/v2\/media\/201774"}],"wp:attachment":[{"href":"https:\/\/www.ifun.de\/apiv2\/wp\/v2\/media?parent=201770"}],"wp:term":[{"taxonomy":"category","embeddable":true,"href":"https:\/\/www.ifun.de\/apiv2\/wp\/v2\/categories?post=201770"},{"taxonomy":"post_tag","embeddable":true,"href":"https:\/\/www.ifun.de\/apiv2\/wp\/v2\/tags?post=201770"}],"curies":[{"name":"wp","href":"https:\/\/api.w.org\/{rel}","templated":true}]}}