{"id":201492,"date":"2023-01-03T14:19:11","date_gmt":"2023-01-03T13:19:11","guid":{"rendered":"https:\/\/www.ifun.de\/?p=201492"},"modified":"2023-01-03T14:19:11","modified_gmt":"2023-01-03T13:19:11","slug":"gefesselt-prime-video-trailert-erste-deutsche-true-crime-serie","status":"publish","type":"post","link":"https:\/\/www.ifun.de\/gefesselt-prime-video-trailert-erste-deutsche-true-crime-serie-201492\/","title":{"rendered":"Gefesselt: Prime Video trailert erste deutsche True-Crime-Serie"},"content":{"rendered":"<p>Unter der \u00dcberschrift &#8222;German Crime Story: Gefesselt&#8220; wird der Video-Streaming-Dienst Amazon Prime Video schon bald mit dem bei Netflix \u00e4u\u00dferst beliebten Genre der True-Crime-Formate konkurrieren.<\/p>\n<p><a href=\"https:\/\/images.ifun.de\/wp-content\/uploads\/2023\/01\/dahmer-poster.jpg\"><img loading=\"lazy\" decoding=\"async\" class=\"aligncenter size-medium wp-image-201494\" src=\"https:\/\/images.ifun.de\/wp-content\/uploads\/2023\/01\/dahmer-poster-500x500.jpg\" alt=\"Dahmer Poster\" width=\"500\" height=\"500\" srcset=\"https:\/\/images.ifun.de\/wp-content\/uploads\/2023\/01\/dahmer-poster-500x500.jpg 500w, https:\/\/images.ifun.de\/wp-content\/uploads\/2023\/01\/dahmer-poster-700x700.jpg 700w, https:\/\/images.ifun.de\/wp-content\/uploads\/2023\/01\/dahmer-poster-150x150.jpg 150w, https:\/\/images.ifun.de\/wp-content\/uploads\/2023\/01\/dahmer-poster-768x768.jpg 768w, https:\/\/images.ifun.de\/wp-content\/uploads\/2023\/01\/dahmer-poster.jpg 1111w\" sizes=\"auto, (max-width: 500px) 100vw, 500px\" \/><\/a><\/p>\n<h2>Amazons Antwort auf &#8222;Dahmer&#8220;<\/h2>\n<p>So gelang Netflix mit der semi-dokumentarischen Aufbereitung der Verbrechen des US-amerikanischen Serienm\u00f6rders Jeffrey Dahmer erst k\u00fcrzlich ein \u00dcberraschungserfolg. In ihrer Deb\u00fct-Woche f\u00fchrte die zehnteilige Miniserie &#8222;Dahmer \u2013 Monster: Die Geschichte von Jeffrey Dahmer&#8220; die weltweiten Nielsen-Streaming-Charts an und z\u00e4hlt jetzt zu den meistgesehenen englischsprachigen Serien bei Netflix \u00fcberhaupt.<\/p>\n<p>Amazon Prime Video setzt bei der neuen Eigenproduktion auf den so genannten &#8222;Hamburger S\u00e4urefassm\u00f6rder&#8220; und hat heute den offiziellen Trailer zur ersten deutschen True Crime Serie bei Prime Video freigegebenen.<\/p>\n<p><div class=\"responsive-video\"><iframe loading=\"lazy\" title=\"German Crime Story: Gefesselt Trailer | Prime Video DE\" width=\"500\" height=\"281\" src=\"https:\/\/www.youtube-nocookie.com\/embed\/Gx-it0z8VkU?feature=oembed\" frameborder=\"0\" allow=\"accelerometer; autoplay; clipboard-write; encrypted-media; gyroscope; picture-in-picture; web-share\" referrerpolicy=\"strict-origin-when-cross-origin\" allowfullscreen><\/iframe><\/div><\/p>\n<h2>Ab 13. Januar auf Prime Video<\/h2>\n<p>Auch &#8222;German Crime Story: Gefesselt&#8220; mischt Fiktion und Fakten um bestm\u00f6glich zu unterhalten und gibt an von dem wahren Kriminalfall lediglich inspiriert zu sein. Die Miniserie erz\u00e4hlt die Geschichte der Mordkomissarin Nela Langenbeck (Angelina H\u00e4ntsch), die sich an der Aufkl\u00e4rung des Falls versucht und dabei immer wieder auch mit polizeiinternen Hindernissen zu tun hat. Der &#8222;S\u00e4urefassm\u00f6rder&#8220; Raik Doormann wird seinerseits von Oliver Masucci gespielt.<\/p>\n<p><a href=\"https:\/\/images.ifun.de\/wp-content\/uploads\/2023\/01\/gefesselt-screen.jpg\"><img loading=\"lazy\" decoding=\"async\" class=\"aligncenter size-large wp-image-201496\" src=\"https:\/\/images.ifun.de\/wp-content\/uploads\/2023\/01\/gefesselt-screen-700x394.jpg\" alt=\"Gefesselt Screen\" width=\"700\" height=\"394\" srcset=\"https:\/\/images.ifun.de\/wp-content\/uploads\/2023\/01\/gefesselt-screen-700x394.jpg 700w, https:\/\/images.ifun.de\/wp-content\/uploads\/2023\/01\/gefesselt-screen-500x281.jpg 500w, https:\/\/images.ifun.de\/wp-content\/uploads\/2023\/01\/gefesselt-screen-768x432.jpg 768w, https:\/\/images.ifun.de\/wp-content\/uploads\/2023\/01\/gefesselt-screen-1536x864.jpg 1536w, https:\/\/images.ifun.de\/wp-content\/uploads\/2023\/01\/gefesselt-screen.jpg 1920w\" sizes=\"auto, (max-width: 700px) 100vw, 700px\" \/><\/a><\/p>\n<p>Die Besetzung der restlichen Rollen rekrutiert sich zu einem gro\u00dfen Teil aus bereits bekannten Serien. So sind unter anderem Angelina H\u00e4ntsch (Wir Kinder vom Bahnhof Zoo), Sylvester Groth (Deutschland89) und Christian Beermann (Charit\u00e9) mit von der Partie.<\/p>\n<p>&#8222;German Crime Story: Gefesselt&#8220; wird in knapp zwei Wochen, am 13. Januar 2023 bei Amazon Prime Video anlaufen und spielt im Hamburg der fr\u00fchen 80er und 90er Jahre.<\/p>\n<p><img loading=\"lazy\" decoding=\"async\" src=\"https:\/\/vg08.met.vgwort.de\/na\/7819bd390cda4d08804242d732d6a742\" width=\"1\" height=\"1\" no-lazy class=\"tracking\"><\/p>\n","protected":false},"excerpt":{"rendered":"<a href=\"https:\/\/www.ifun.de\/gefesselt-prime-video-trailert-erste-deutsche-true-crime-serie-201492\/\"><img width=\"150\" height=\"150\" src=\"https:\/\/images.ifun.de\/wp-content\/uploads\/2023\/01\/gefesselt-screen-150x150.jpg\" class=\"alignright tfe wp-post-image\" alt=\"Gefesselt Screen\" decoding=\"async\" loading=\"lazy\" \/><\/a><p>Unter der \u00dcberschrift &#8222;German Crime Story: Gefesselt&#8220; wird der Video-Streaming-Dienst Amazon Prime Video schon bald mit dem bei Netflix \u00e4u\u00dferst beliebten Genre der True-Crime-Formate konkurrieren. Amazons Antwort auf &#8222;Dahmer&#8220; So gelang Netflix mit der semi-dokumentarischen Aufbereitung der Verbrechen des US-amerikanischen Serienm\u00f6rders Jeffrey Dahmer erst k\u00fcrzlich ein \u00dcberraschungserfolg. In ihrer Deb\u00fct-Woche f\u00fchrte die zehnteilige Miniserie &#8222;Dahmer [&hellip;]<\/p>\n","protected":false},"author":1,"featured_media":201496,"comment_status":"open","ping_status":"closed","sticky":false,"template":"","format":"standard","meta":{"_acf_changed":false,"footnotes":""},"categories":[1],"tags":[3135,60,1885,31],"class_list":["post-201492","post","type-post","status-publish","format-standard","has-post-thumbnail","hentry","category-news","tag-prime-video","tag-streaming","tag-trailer","tag-video"],"acf":[],"aioseo_notices":[],"subheadline":["Amazons Antwort auf \"Dahmer\"","Amazons Antwort auf \"Dahmer\""],"featured_image":["https:\/\/images.ifun.de\/wp-content\/uploads\/2023\/01\/true-crime-gefesselt.jpg"],"rest_api_enabler":{"subheadline":["Amazons Antwort auf \"Dahmer\"","Amazons Antwort auf \"Dahmer\""],"featured_image":"https:\/\/images.ifun.de\/wp-content\/uploads\/2023\/01\/true-crime-gefesselt.jpg"},"_links":{"self":[{"href":"https:\/\/www.ifun.de\/apiv2\/wp\/v2\/posts\/201492","targetHints":{"allow":["GET"]}}],"collection":[{"href":"https:\/\/www.ifun.de\/apiv2\/wp\/v2\/posts"}],"about":[{"href":"https:\/\/www.ifun.de\/apiv2\/wp\/v2\/types\/post"}],"author":[{"embeddable":true,"href":"https:\/\/www.ifun.de\/apiv2\/wp\/v2\/users\/1"}],"replies":[{"embeddable":true,"href":"https:\/\/www.ifun.de\/apiv2\/wp\/v2\/comments?post=201492"}],"version-history":[{"count":2,"href":"https:\/\/www.ifun.de\/apiv2\/wp\/v2\/posts\/201492\/revisions"}],"predecessor-version":[{"id":201497,"href":"https:\/\/www.ifun.de\/apiv2\/wp\/v2\/posts\/201492\/revisions\/201497"}],"wp:featuredmedia":[{"embeddable":true,"href":"https:\/\/www.ifun.de\/apiv2\/wp\/v2\/media\/201496"}],"wp:attachment":[{"href":"https:\/\/www.ifun.de\/apiv2\/wp\/v2\/media?parent=201492"}],"wp:term":[{"taxonomy":"category","embeddable":true,"href":"https:\/\/www.ifun.de\/apiv2\/wp\/v2\/categories?post=201492"},{"taxonomy":"post_tag","embeddable":true,"href":"https:\/\/www.ifun.de\/apiv2\/wp\/v2\/tags?post=201492"}],"curies":[{"name":"wp","href":"https:\/\/api.w.org\/{rel}","templated":true}]}}