{"id":201172,"date":"2022-12-28T13:05:17","date_gmt":"2022-12-28T12:05:17","guid":{"rendered":"https:\/\/www.ifun.de\/?p=201172"},"modified":"2022-12-28T13:05:47","modified_gmt":"2022-12-28T12:05:47","slug":"zdf-intendant-spricht-sich-gegen-gemeinsame-mediathek-aus","status":"publish","type":"post","link":"https:\/\/www.ifun.de\/zdf-intendant-spricht-sich-gegen-gemeinsame-mediathek-aus-201172\/","title":{"rendered":"ZDF-Intendant spricht sich gegen gemeinsame Mediathek aus"},"content":{"rendered":"<p>Die Frage, ob die \u00f6ffentlich-rechtlichen Sender tats\u00e4chlich weiterhin auch getrennte Mediatheken anbieten sollen, haben wir uns auch hier bereits an verschiedener Stelle gestellt. Die derzeit verf\u00fcgbaren Angebote unterscheiden sich zum Teil deutlich mit Blick auf ihren Aufbau, die Bedienung und den damit verbundenen Komfort f\u00fcr Benutzer, zugleich m\u00fcssen Betrieb und Entwicklung quasi doppelt aus dem Geb\u00fchrentopf beglichen werden.<\/p>\n<p>Der WDR-Chef und fr\u00fchere Moderator der Sendung \u201eTagesthemen\u201c Tom Buhrow hat ja erst <a href=\"https:\/\/kress.de\/news\/detail\/beitrag\/150323-muessen-aus-bisherigem-system-ausbrechen-tom-buhrow-ruft-revolution-bei-ard-und-zdf-aus.html\">Anfang November<\/a> f\u00fcr Furore gesorgt und einen aus Sicht der \u00f6ffentlich-rechtlichen Anstalten beinahe provokanten Gedanken in den Raum geworfen: \u201eMein fester Eindruck ist: Deutschland scheint uns in zehn Jahren nicht mehr in dem Umfang zu wollen &#8211; und auch finanzieren zu wollen wie heute\u201c. Damit verbunden hatte Buhrow einmal mehr auf seine Idee von einer gemeinsamen Mediathek der Sendergruppe ARD und des ZDF hingewiesen.<\/p>\n<p><a href=\"https:\/\/images.ifun.de\/wp-content\/uploads\/2022\/12\/norbert-himmler-copyright-zdf.jpg\"><img loading=\"lazy\" decoding=\"async\" src=\"https:\/\/images.ifun.de\/wp-content\/uploads\/2022\/12\/norbert-himmler-copyright-zdf-700x495.jpg\" alt=\"Norbert Himmler Copyright Zdf\" width=\"700\" height=\"495\" class=\"alignnone size-large wp-image-201174\" srcset=\"https:\/\/images.ifun.de\/wp-content\/uploads\/2022\/12\/norbert-himmler-copyright-zdf-700x495.jpg 700w, https:\/\/images.ifun.de\/wp-content\/uploads\/2022\/12\/norbert-himmler-copyright-zdf-500x354.jpg 500w, https:\/\/images.ifun.de\/wp-content\/uploads\/2022\/12\/norbert-himmler-copyright-zdf.jpg 756w\" sizes=\"auto, (max-width: 700px) 100vw, 700px\" \/><\/a><\/p>\n<h6>Norbert Himmler (Bilder: ZDF\/Tim Thiel<\/h6>\n<p>In den Reihen des ZDF scheint man dergleichen allerdings noch konsequent abzulehnen. So l\u00e4sst sich heute der <a href=\"https:\/\/www.sueddeutsche.de\/medien\/fernsehen-zdf-intendant-sieht-keine-gemeinsame-mediathek-mit-ard-dpa.urn-newsml-dpa-com-20090101-221228-99-32200\">S\u00fcddeutschen Zeitung<\/a> nachlesen, dass der Intendant des Zweiten Deutschen Fernsehens, Norbert Himmler, sich weiterhin f\u00fcr zwei eigenst\u00e4ndige Mediatheken stark macht. Himmler spricht sich dagegen f\u00fcr ein \u201everkn\u00fcpftes Inhalte-Netzwerk\u201c aus, was allerdings kaum finanzielle Entlastungen mit sich bringen d\u00fcrfte &#8211; von Verbesserungen f\u00fcr die Endnutzer ganz zu schweigen.<\/p>\n<p>Auch die Vision des WDR-Programmdirektors J\u00f6rg Sch\u00f6nenborn r\u00fcckt damit in weite Ferne. Dieser hat sich zuletzt ebenfalls f\u00fcr eine gro\u00dfe Mediathek mit allen \u00f6ffentlich-rechtlichen Sendern ausgesprochen und attestiert, dass man der Gesellschaft ein Portal schuldig sei, der den zentralen Zugriff auf alle \u00f6ffentlich-rechtlichen Inhalte erm\u00f6gliche, anstatt wie bisher zwischen unterschiedlichen Kn\u00f6pfen und Adressen w\u00e4hlen zu m\u00fcssen.<img loading=\"lazy\" decoding=\"async\" src=\"https:\/\/vg01.met.vgwort.de\/na\/53427683de394ff9a1569aeb888df916\" width=\"1\" height=\"1\" no-lazy class=\"tracking\"><\/p>\n","protected":false},"excerpt":{"rendered":"<a href=\"https:\/\/www.ifun.de\/zdf-intendant-spricht-sich-gegen-gemeinsame-mediathek-aus-201172\/\"><img width=\"150\" height=\"150\" src=\"https:\/\/images.ifun.de\/wp-content\/uploads\/2022\/12\/zdf-feature-150x150.jpg\" class=\"alignright tfe wp-post-image\" alt=\"Zdf Feature\" decoding=\"async\" loading=\"lazy\" \/><\/a><p>Die Frage, ob die \u00f6ffentlich-rechtlichen Sender tats\u00e4chlich weiterhin auch getrennte Mediatheken anbieten sollen, haben wir uns auch hier bereits an verschiedener Stelle gestellt. Die derzeit verf\u00fcgbaren Angebote unterscheiden sich zum Teil deutlich mit Blick auf ihren Aufbau, die Bedienung und den damit verbundenen Komfort f\u00fcr Benutzer, zugleich m\u00fcssen Betrieb und Entwicklung quasi doppelt aus dem [&hellip;]<\/p>\n","protected":false},"author":2,"featured_media":201176,"comment_status":"open","ping_status":"closed","sticky":false,"template":"","format":"standard","meta":{"_acf_changed":false,"footnotes":""},"categories":[1],"tags":[183,1169,62],"class_list":["post-201172","post","type-post","status-publish","format-standard","has-post-thumbnail","hentry","category-news","tag-ard","tag-mediathek","tag-zdf"],"acf":[],"aioseo_notices":[],"subheadline":["Trennung von ARD soll bleiben"],"featured_image":["https:\/\/images.ifun.de\/wp-content\/uploads\/2022\/12\/zdf-feature.jpg"],"rest_api_enabler":{"subheadline":"Trennung von ARD soll bleiben","featured_image":"https:\/\/images.ifun.de\/wp-content\/uploads\/2022\/12\/zdf-feature.jpg"},"_links":{"self":[{"href":"https:\/\/www.ifun.de\/apiv2\/wp\/v2\/posts\/201172","targetHints":{"allow":["GET"]}}],"collection":[{"href":"https:\/\/www.ifun.de\/apiv2\/wp\/v2\/posts"}],"about":[{"href":"https:\/\/www.ifun.de\/apiv2\/wp\/v2\/types\/post"}],"author":[{"embeddable":true,"href":"https:\/\/www.ifun.de\/apiv2\/wp\/v2\/users\/2"}],"replies":[{"embeddable":true,"href":"https:\/\/www.ifun.de\/apiv2\/wp\/v2\/comments?post=201172"}],"version-history":[{"count":4,"href":"https:\/\/www.ifun.de\/apiv2\/wp\/v2\/posts\/201172\/revisions"}],"predecessor-version":[{"id":201180,"href":"https:\/\/www.ifun.de\/apiv2\/wp\/v2\/posts\/201172\/revisions\/201180"}],"wp:featuredmedia":[{"embeddable":true,"href":"https:\/\/www.ifun.de\/apiv2\/wp\/v2\/media\/201176"}],"wp:attachment":[{"href":"https:\/\/www.ifun.de\/apiv2\/wp\/v2\/media?parent=201172"}],"wp:term":[{"taxonomy":"category","embeddable":true,"href":"https:\/\/www.ifun.de\/apiv2\/wp\/v2\/categories?post=201172"},{"taxonomy":"post_tag","embeddable":true,"href":"https:\/\/www.ifun.de\/apiv2\/wp\/v2\/tags?post=201172"}],"curies":[{"name":"wp","href":"https:\/\/api.w.org\/{rel}","templated":true}]}}