{"id":201125,"date":"2022-12-27T19:19:03","date_gmt":"2022-12-27T18:19:03","guid":{"rendered":"https:\/\/www.ifun.de\/?p=201125"},"modified":"2022-12-28T09:38:42","modified_gmt":"2022-12-28T08:38:42","slug":"ipad-mini-spekulationen-ueber-apple-prozessor-und-klappversion","status":"publish","type":"post","link":"https:\/\/www.ifun.de\/ipad-mini-spekulationen-ueber-apple-prozessor-und-klappversion-201125\/","title":{"rendered":"iPad mini: Spekulationen \u00fcber Apple-Prozessor und Klappversion"},"content":{"rendered":"<p>Wenn es nach dem auf Apple-Themen spezialisierten Analysten Ming-Chi Kuo geht, steht die n\u00e4chste Generation des <a href=\"https:\/\/www.apple.com\/de\/ipad-mini\/\">iPad mini<\/a> f\u00fcr Ende kommenden Jahres oder sp\u00e4testens das erste Halbjahr 2024 auf dem Plan. Apple arbeitet Kuo zufolge an einem neuen, mit einem leistungsst\u00e4rkeren Prozessor ausgestatteten Modell des kleinen Tablets.<\/p>\n<blockquote class=\"twitter-tweet\" data-conversation=\"none\">\n<p lang=\"en\" dir=\"ltr\">(3\/3)<br \/>Additionally, Apple is currently working on a new version of the iPad mini equipped with a new processor as the main selling point, and the mass shipment is expected to start by the end of 2023 or in 1H24.<\/p>\n<p>&mdash; \u90ed\u660e\u9324 (Ming-Chi Kuo) (@mingchikuo) <a href=\"https:\/\/twitter.com\/mingchikuo\/status\/1607714641987407872?ref_src=twsrc%5Etfw\">December 27, 2022<\/a><\/p><\/blockquote>\n<p> <script async src=\"https:\/\/platform.twitter.com\/widgets.js\" charset=\"utf-8\"><\/script><\/p>\n<p>Kuos Aussage hat f\u00fcr sich gestellt zun\u00e4chst wenig Essenz, daher muss man erw\u00e4hnen, dass der oben eingebettete Tweet zu einer Serie von \u00c4u\u00dferungen geh\u00f6rt, die sich auf die aktuellen Ger\u00fcchte bezieht, Apple werde das iPad mini sp\u00e4testens in drei Jahren durch ein faltbares iPad ersetzen. Dieses Szenario h\u00e4lt Kuo auch im Jahr 2025 nicht f\u00fcr realistisch. Ein faltbares iPad w\u00fcrde seiner Meinung nach deutlich \u00fcber dem Preis des jetzigen iPad mini liegen und w\u00e4re dementsprechend kaum realistisch.<\/p>\n<p>Die Frage nach dem Preis des Ger\u00e4ts stellt sich auch, wenn man in den von Kuo angesprochenen \u201eneuen Prozessor als wesentliches Verkaufsargument\u201c den Wechsel von Apples A-Serie auf die in den Apple-Computern verbauten M-Prozessoren hineininterpretiert. Apple stattet ja bereits die Pro-Modelle des iPad und das iPad Air mit M-Prozessoren aus. Eine entsprechende Erweiterung des iPad mini w\u00fcrde wohl aber zwingend auch eine Preissteigerung zur Folge haben, die sich nicht gut ins aktuelle Portfolio f\u00fcgt.<\/p>\n<p><a href=\"https:\/\/images.ifun.de\/wp-content\/uploads\/2022\/12\/ipad-lineup-apple-2022.jpg\"><img loading=\"lazy\" decoding=\"async\" src=\"https:\/\/images.ifun.de\/wp-content\/uploads\/2022\/12\/ipad-lineup-apple-2022-700x288.jpg\" alt=\"Ipad Lineup Apple 2022\" width=\"700\" height=\"288\" class=\"alignnone size-large wp-image-201127\" srcset=\"https:\/\/images.ifun.de\/wp-content\/uploads\/2022\/12\/ipad-lineup-apple-2022-700x288.jpg 700w, https:\/\/images.ifun.de\/wp-content\/uploads\/2022\/12\/ipad-lineup-apple-2022-500x206.jpg 500w, https:\/\/images.ifun.de\/wp-content\/uploads\/2022\/12\/ipad-lineup-apple-2022-768x316.jpg 768w, https:\/\/images.ifun.de\/wp-content\/uploads\/2022\/12\/ipad-lineup-apple-2022.jpg 1400w\" sizes=\"auto, (max-width: 700px) 100vw, 700px\" \/><\/a><\/p>\n<p>Aktuell reiht sich das iPad mini preislich in der Mitte zwischen dem iPad der zehnten Generation und dem iPad Air ein. Man darf davon ausgehen, dass Apple diese Staffelung auch in Zukunft beibehalten und das iPad mini nicht nur von der Bildschirmgr\u00f6\u00dfe, sondern auch vom Preis her einen Abstand zu beiden Seiten hin bewahren soll.<\/p>\n<p>Die aktuelle sechste Generation des iPad mini wurde im September vergangenen Jahres vorgestellt und ist mit wahlweise 64 oder 256 GB Speicherplatz zu Preisen ab 649 beziehungsweise 849 Euro erh\u00e4ltlich. F\u00fcr das iPad Air muss man mit gleicher Speicherkonfiguration 769 beziehungsweise 969 Euro hinlegen. Wenn man zus\u00e4tzlich zu WLAN auch \u00fcber Mobilfunk online gehen und GPS nutzen will, werden ungeachtet der Version jeweils nochmals 200 Euro mehr f\u00e4llig.<img loading=\"lazy\" decoding=\"async\" src=\"https:\/\/vg01.met.vgwort.de\/na\/0a270463f1d042c487a9d6f85492f3e8\" width=\"1\" height=\"1\" no-lazy class=\"tracking\"><\/p>\n","protected":false},"excerpt":{"rendered":"<a href=\"https:\/\/www.ifun.de\/ipad-mini-spekulationen-ueber-apple-prozessor-und-klappversion-201125\/\"><img width=\"150\" height=\"150\" src=\"https:\/\/images.ifun.de\/wp-content\/uploads\/2022\/12\/ipad-lineup-apple-2022-150x150.jpg\" class=\"alignright tfe wp-post-image\" alt=\"Ipad Lineup Apple 2022\" decoding=\"async\" loading=\"lazy\" \/><\/a><p>Wenn es nach dem auf Apple-Themen spezialisierten Analysten Ming-Chi Kuo geht, steht die n\u00e4chste Generation des iPad mini f\u00fcr Ende kommenden Jahres oder sp\u00e4testens das erste Halbjahr 2024 auf dem Plan. Apple arbeitet Kuo zufolge an einem neuen, mit einem leistungsst\u00e4rkeren Prozessor ausgestatteten Modell des kleinen Tablets. (3\/3)Additionally, Apple is currently working on a new [&hellip;]<\/p>\n","protected":false},"author":2,"featured_media":201127,"comment_status":"open","ping_status":"closed","sticky":false,"template":"","format":"standard","meta":{"_acf_changed":false,"footnotes":""},"categories":[10],"tags":[1335],"class_list":["post-201125","post","type-post","status-publish","format-standard","has-post-thumbnail","hentry","category-ipad","tag-ipad-mini"],"acf":[],"aioseo_notices":[],"subheadline":["Schwierig zu verorten"],"featured_image":["https:\/\/images.ifun.de\/wp-content\/uploads\/2021\/12\/ipad-mini-feature.jpg"],"rest_api_enabler":{"subheadline":"Schwierig zu verorten","featured_image":"https:\/\/images.ifun.de\/wp-content\/uploads\/2021\/12\/ipad-mini-feature.jpg"},"_links":{"self":[{"href":"https:\/\/www.ifun.de\/apiv2\/wp\/v2\/posts\/201125","targetHints":{"allow":["GET"]}}],"collection":[{"href":"https:\/\/www.ifun.de\/apiv2\/wp\/v2\/posts"}],"about":[{"href":"https:\/\/www.ifun.de\/apiv2\/wp\/v2\/types\/post"}],"author":[{"embeddable":true,"href":"https:\/\/www.ifun.de\/apiv2\/wp\/v2\/users\/2"}],"replies":[{"embeddable":true,"href":"https:\/\/www.ifun.de\/apiv2\/wp\/v2\/comments?post=201125"}],"version-history":[{"count":8,"href":"https:\/\/www.ifun.de\/apiv2\/wp\/v2\/posts\/201125\/revisions"}],"predecessor-version":[{"id":201160,"href":"https:\/\/www.ifun.de\/apiv2\/wp\/v2\/posts\/201125\/revisions\/201160"}],"wp:featuredmedia":[{"embeddable":true,"href":"https:\/\/www.ifun.de\/apiv2\/wp\/v2\/media\/201127"}],"wp:attachment":[{"href":"https:\/\/www.ifun.de\/apiv2\/wp\/v2\/media?parent=201125"}],"wp:term":[{"taxonomy":"category","embeddable":true,"href":"https:\/\/www.ifun.de\/apiv2\/wp\/v2\/categories?post=201125"},{"taxonomy":"post_tag","embeddable":true,"href":"https:\/\/www.ifun.de\/apiv2\/wp\/v2\/tags?post=201125"}],"curies":[{"name":"wp","href":"https:\/\/api.w.org\/{rel}","templated":true}]}}