{"id":200597,"date":"2022-12-16T11:30:43","date_gmt":"2022-12-16T10:30:43","guid":{"rendered":"https:\/\/www.ifun.de\/?p=200597"},"modified":"2022-12-16T11:36:36","modified_gmt":"2022-12-16T10:36:36","slug":"mac-fehler-verschobene-fenster-auch-mit-macos-13-1","status":"publish","type":"post","link":"https:\/\/www.ifun.de\/mac-fehler-verschobene-fenster-auch-mit-macos-13-1-200597\/","title":{"rendered":"Mac-Fehler: Verschobene Fenster auch mit macOS 13.1"},"content":{"rendered":"<p>Diese Meldung wird die meisten betroffenen Apple-Kunden wohl nichtmal mehr gro\u00df \u00fcberraschen: Apple hat es auch mit macOS 13.1 nicht geschafft, das Problem mit den nach dem Ruhezustand verschobenen Anwendungsfenstern zu beheben.<\/p>\n<p>Mac-Besitzer, bei denen der Fehler auftritt, hegen ja mittlerweile seit etlichen Systemversionen die Hoffnung, dass Apple dieses Problem doch noch ernst nimmt und auch behebt. In Verbindung mit externen Bildschirmen findet sich nachdem man den Mac aus dem Ruhezustand geholt hat regelm\u00e4\u00dfig ein Teil der Programmfenster in der Gr\u00f6\u00dfe und Position ver\u00e4ndert wieder. Meistens werden die Programme wie auf dem Screenshot hier zu sehen verkleinert und unten links in die Ecke ger\u00fcckt.<\/p>\n<p><img loading=\"lazy\" decoding=\"async\" src=\"https:\/\/images.ifun.de\/wp-content\/uploads\/2022\/08\/mac-darstellungsfehler-fenster-kleiner-700x394.jpg\" alt=\"Mac Darstellungsfehler Fenster Kleiner\" width=\"700\" height=\"394\" class=\"alignnone size-large wp-image-192011\" srcset=\"https:\/\/images.ifun.de\/wp-content\/uploads\/2022\/08\/mac-darstellungsfehler-fenster-kleiner-700x394.jpg 700w, https:\/\/images.ifun.de\/wp-content\/uploads\/2022\/08\/mac-darstellungsfehler-fenster-kleiner-500x281.jpg 500w, https:\/\/images.ifun.de\/wp-content\/uploads\/2022\/08\/mac-darstellungsfehler-fenster-kleiner-768x432.jpg 768w, https:\/\/images.ifun.de\/wp-content\/uploads\/2022\/08\/mac-darstellungsfehler-fenster-kleiner.jpg 1400w\" sizes=\"auto, (max-width: 700px) 100vw, 700px\" \/><\/p>\n<p>Der Fehler tritt gleicherma\u00dfen im Zusammenspiel mit Programmen von externen Entwicklern wie auch mit Anwendungen von Apple auf. Dies l\u00e4ssst dann auch kaum einen anderen Schluss zu, als das hier von Systemseite her Abhilfe geschaffen werden muss. Apple stellt sich diesbez\u00fcglich allerdings taub. Weder kann der Apple Support hier mit hilfreichen Tipps dienen, noch reagiert das Unternehmen auf \u00fcbermittelte Fehlerberichte. Von Seiten des Herstellers hei\u00dft es schlicht, dass derartige Berichte von Kunden nicht bekannt seien.<\/p>\n<h2>Fehler auch in reinen Apple-Setups<\/h2>\n<p>Besonders \u00e4rgerlich ist die Tatsache, dass der Fehler auch dann auftritt, wenn man ausschlie\u00dflich mit Apple-Produkten arbeitet. So finden sich mittlerweile auch zahlreiche Berichte von Nutzern, die sich bei der Arbeit mit einem mehrere Tausend Euro teuren Setup aus Apples neuem Mac Studio und einem angeschlossenen Apple Studio Display mit dem Problem konfrontiert sehen. Als Workaround macht der Tipp die Runde, dass man alle ge\u00f6ffneten Programme ausblenden soll, bevor man den Mac in den Ruhezustand versetzt. Hier muss nun jeder Mac-Nutzer selbst abw\u00e4gen, ob es mehr Aufwand ist, diesen Ratschlag zu befolgen, oder beim Weiterarbeiten die Fenster wieder in die richtige Position zu r\u00fccken.<\/p>\n<p><img loading=\"lazy\" decoding=\"async\" src=\"https:\/\/vg05.met.vgwort.de\/na\/ed17727224994b628a95e3910e28f6a2\" width=\"1\" height=\"1\" no-lazy class=\"tracking\"><\/p>\n","protected":false},"excerpt":{"rendered":"<a href=\"https:\/\/www.ifun.de\/mac-fehler-verschobene-fenster-auch-mit-macos-13-1-200597\/\"><img decoding=\"async\" width=\"150\" src=\"https:\/\/images.ifun.de\/wp-content\/uploads\/2022\/08\/mac-darstellungsfehler-fenster-kleiner-700x394.jpg\" class=\"alignright wp-post-image tfe\" alt=\"Mac Darstellungsfehler Fenster Kleiner\" title=\"\" \/><\/a><p>Diese Meldung wird die meisten betroffenen Apple-Kunden wohl nichtmal mehr gro\u00df \u00fcberraschen: Apple hat es auch mit macOS 13.1 nicht geschafft, das Problem mit den nach dem Ruhezustand verschobenen Anwendungsfenstern zu beheben. Mac-Besitzer, bei denen der Fehler auftritt, hegen ja mittlerweile seit etlichen Systemversionen die Hoffnung, dass Apple dieses Problem doch noch ernst nimmt und [&hellip;]<\/p>\n","protected":false},"author":2,"featured_media":0,"comment_status":"open","ping_status":"closed","sticky":false,"template":"","format":"standard","meta":{"_acf_changed":false,"footnotes":""},"categories":[1],"tags":[6321,177],"class_list":["post-200597","post","type-post","status-publish","format-standard","hentry","category-news","tag-mac","tag-problem"],"acf":[],"aioseo_notices":[],"featured_image":["https:\/\/images.ifun.de\/wp-content\/uploads\/2022\/08\/mac-studio-display-app-falsche-position.jpg"],"subheadline":["Ruhezustand und externe Bildschirme"],"rest_api_enabler":{"featured_image":"https:\/\/images.ifun.de\/wp-content\/uploads\/2022\/08\/mac-studio-display-app-falsche-position.jpg","subheadline":"Ruhezustand und externe Bildschirme"},"_links":{"self":[{"href":"https:\/\/www.ifun.de\/apiv2\/wp\/v2\/posts\/200597","targetHints":{"allow":["GET"]}}],"collection":[{"href":"https:\/\/www.ifun.de\/apiv2\/wp\/v2\/posts"}],"about":[{"href":"https:\/\/www.ifun.de\/apiv2\/wp\/v2\/types\/post"}],"author":[{"embeddable":true,"href":"https:\/\/www.ifun.de\/apiv2\/wp\/v2\/users\/2"}],"replies":[{"embeddable":true,"href":"https:\/\/www.ifun.de\/apiv2\/wp\/v2\/comments?post=200597"}],"version-history":[{"count":5,"href":"https:\/\/www.ifun.de\/apiv2\/wp\/v2\/posts\/200597\/revisions"}],"predecessor-version":[{"id":200603,"href":"https:\/\/www.ifun.de\/apiv2\/wp\/v2\/posts\/200597\/revisions\/200603"}],"wp:attachment":[{"href":"https:\/\/www.ifun.de\/apiv2\/wp\/v2\/media?parent=200597"}],"wp:term":[{"taxonomy":"category","embeddable":true,"href":"https:\/\/www.ifun.de\/apiv2\/wp\/v2\/categories?post=200597"},{"taxonomy":"post_tag","embeddable":true,"href":"https:\/\/www.ifun.de\/apiv2\/wp\/v2\/tags?post=200597"}],"curies":[{"name":"wp","href":"https:\/\/api.w.org\/{rel}","templated":true}]}}