{"id":199525,"date":"2022-11-30T11:34:47","date_gmt":"2022-11-30T10:34:47","guid":{"rendered":"https:\/\/www.ifun.de\/?p=199525"},"modified":"2022-11-30T11:34:47","modified_gmt":"2022-11-30T10:34:47","slug":"zens-multi-ladegeraete-fuer-macbook-air-ipad-co-bei-apple-erhaeltlich","status":"publish","type":"post","link":"https:\/\/www.ifun.de\/zens-multi-ladegeraete-fuer-macbook-air-ipad-co-bei-apple-erhaeltlich-199525\/","title":{"rendered":"Zens Multi-Ladeger\u00e4te f\u00fcr MacBook Air, iPad &#038; Co. bei Apple erh\u00e4ltlich"},"content":{"rendered":"<p>Der auf Ladetechnologie spezialisierte Anbieter <a href=\"https:\/\/makezens.com\">Zens<\/a> vertreibt seine Ladestationen jetzt auch \u00fcber den Apple Store. In Kooperation mit Apple sind hier zun\u00e4chst drei aktuelle Kombi-Ladestationen von Zens erh\u00e4ltlich.<\/p>\n<p>Der niederl\u00e4ndische Anbieter betont, dass bei der Herstellung der neuen Modellreihe recycelter Kunststoff verwendet wird, was den Ger\u00e4ten gleicherma\u00dfen einen eigenen Stil verleiht, sowie die Bestrebungen von Zens in Sachen Nachhaltigkeit unterst\u00fctzt.<\/p>\n<h2>Zens 60W Ladestation f\u00fcr iPad &amp; MacBook Air<\/h2>\n<p>Mit der <a href=\"https:\/\/apple.sjv.io\/jWkoP0\">Zens 60W Ladestation f\u00fcr iPad &amp; MacBook Air<\/a> ist im Apple Store jetzt ein neuer, pyramidenf\u00f6rmiger Kunststoffst\u00e4nder erh\u00e4ltlich, der mit 12 Grad einen angenehmen Betrachtungswinkel bieten soll und sich dabei gleichzeitig dazu verwenden l\u00e4sst, ein darauf abgelegtes iPad oder MacBook Air (im zusammengeklappten Zustand) \u00fcber USB-C mit Strom zu versorgen.<\/p>\n<p><a href=\"https:\/\/images.ifun.de\/wp-content\/uploads\/2022\/11\/zens-ipad-macbook-air-60w.jpg\"><img loading=\"lazy\" decoding=\"async\" src=\"https:\/\/images.ifun.de\/wp-content\/uploads\/2022\/11\/zens-ipad-macbook-air-60w-700x475.jpg\" alt=\"Zens Ipad Macbook Air 60w\" width=\"700\" height=\"475\" class=\"alignnone size-large wp-image-199528\" srcset=\"https:\/\/images.ifun.de\/wp-content\/uploads\/2022\/11\/zens-ipad-macbook-air-60w-700x475.jpg 700w, https:\/\/images.ifun.de\/wp-content\/uploads\/2022\/11\/zens-ipad-macbook-air-60w-500x339.jpg 500w, https:\/\/images.ifun.de\/wp-content\/uploads\/2022\/11\/zens-ipad-macbook-air-60w-768x521.jpg 768w, https:\/\/images.ifun.de\/wp-content\/uploads\/2022\/11\/zens-ipad-macbook-air-60w.jpg 1144w\" sizes=\"auto, (max-width: 700px) 100vw, 700px\" \/><\/a><\/p>\n<p>Der Ladeanschluss f\u00fcr das auf der R\u00fcckseite des St\u00e4nders aufbewahrte geflochtene USB-C-Kabel befindet sich seitlich. F\u00fcr die Stromversorgung ist ein ein externes Ladeger\u00e4t im Lieferumfang enthalten. Der Verkaufspreis im Apple Store liegt bei 89,95 Euro.<\/p>\n<h2>Modulare MagSafe-Ladestationen<\/h2>\n<p>Dar\u00fcber hinaus hat Zens noch zwei modulare Tisch-Ladestationen im Apple Store platziert, mit denen sich entweder nur ein iPhone, iPad und die AirPods oder zus\u00e4tzlich auch eine Apple Watch aufladen l\u00e4sst.<\/p>\n<p><a href=\"https:\/\/images.ifun.de\/wp-content\/uploads\/2022\/11\/zens-3-in-1-multi-ladegeraet.jpg\"><img loading=\"lazy\" decoding=\"async\" src=\"https:\/\/images.ifun.de\/wp-content\/uploads\/2022\/11\/zens-3-in-1-multi-ladegeraet-700x452.jpg\" alt=\"Zens 3 In 1 Multi Ladegeraet\" width=\"700\" height=\"452\" class=\"alignnone size-large wp-image-199529\" srcset=\"https:\/\/images.ifun.de\/wp-content\/uploads\/2022\/11\/zens-3-in-1-multi-ladegeraet-700x452.jpg 700w, https:\/\/images.ifun.de\/wp-content\/uploads\/2022\/11\/zens-3-in-1-multi-ladegeraet-500x323.jpg 500w, https:\/\/images.ifun.de\/wp-content\/uploads\/2022\/11\/zens-3-in-1-multi-ladegeraet-768x496.jpg 768w, https:\/\/images.ifun.de\/wp-content\/uploads\/2022\/11\/zens-3-in-1-multi-ladegeraet.jpg 1144w\" sizes=\"auto, (max-width: 700px) 100vw, 700px\" \/><\/a><\/p>\n<p>Der <a href=\"https:\/\/apple.sjv.io\/3PnDBM\">Zens 3-in-1 Modular Wireless Charger<\/a> fungiert mit einem Preispunkt von 179,95 Euro als Kombi-Ladestation f\u00fcr iPhone, iPad und AirPods, wobei das iPad mit einem Ladekabel verbunden und das iPhone an einen MagSafe-Teller davor \u201egeklebt\u201c wird. Die AirPods werden drahtlos auf einer Qi-Ablagefl\u00e4che geladen.<\/p>\n<p><a href=\"https:\/\/images.ifun.de\/wp-content\/uploads\/2022\/11\/zens-4-in-1-multi-ladegeraet.jpg\"><img loading=\"lazy\" decoding=\"async\" src=\"https:\/\/images.ifun.de\/wp-content\/uploads\/2022\/11\/zens-4-in-1-multi-ladegeraet-700x546.jpg\" alt=\"Zens 4 In 1 Multi Ladegeraet\" width=\"700\" height=\"546\" class=\"alignnone size-large wp-image-199530\" srcset=\"https:\/\/images.ifun.de\/wp-content\/uploads\/2022\/11\/zens-4-in-1-multi-ladegeraet-700x546.jpg 700w, https:\/\/images.ifun.de\/wp-content\/uploads\/2022\/11\/zens-4-in-1-multi-ladegeraet-500x390.jpg 500w, https:\/\/images.ifun.de\/wp-content\/uploads\/2022\/11\/zens-4-in-1-multi-ladegeraet-768x599.jpg 768w, https:\/\/images.ifun.de\/wp-content\/uploads\/2022\/11\/zens-4-in-1-multi-ladegeraet.jpg 1144w\" sizes=\"auto, (max-width: 700px) 100vw, 700px\" \/><\/a><\/p>\n<p>In der erweiterten Version als <a href=\"https:\/\/apple.sjv.io\/mgAWLM\">Zens 4-in-1 Modular Wireless Charger<\/a> ist dann noch ein zus\u00e4tzliches Lademodul f\u00fcr die Apple Watch enthalten, das seitlich an der Haupteinheit angebracht wird und den Preis f\u00fcr das Ger\u00e4t auf insgesamt 209,95 Euro nach oben treibt.<\/p>\n<p><div class=\"responsive-video\"><iframe loading=\"lazy\" title=\"Zens Modulare 4-in-1-Ladestation\" width=\"500\" height=\"281\" src=\"https:\/\/www.youtube-nocookie.com\/embed\/KeHuq7XKIlw?feature=oembed\" frameborder=\"0\" allow=\"accelerometer; autoplay; clipboard-write; encrypted-media; gyroscope; picture-in-picture; web-share\" referrerpolicy=\"strict-origin-when-cross-origin\" allowfullscreen><\/iframe><\/div><\/p>\n<p><img loading=\"lazy\" decoding=\"async\" src=\"https:\/\/vg06.met.vgwort.de\/na\/94055f61109d414f936dd5d1a4630381\" width=\"1\" height=\"1\" no-lazy class=\"tracking\"><\/p>\n","protected":false},"excerpt":{"rendered":"<a href=\"https:\/\/www.ifun.de\/zens-multi-ladegeraete-fuer-macbook-air-ipad-co-bei-apple-erhaeltlich-199525\/\"><img width=\"150\" height=\"150\" src=\"https:\/\/images.ifun.de\/wp-content\/uploads\/2022\/11\/zens-4-in-1-multi-ladegeraet-150x150.jpg\" class=\"alignright tfe wp-post-image\" alt=\"Zens 4 In 1 Multi Ladegeraet\" decoding=\"async\" loading=\"lazy\" \/><\/a><p>Der auf Ladetechnologie spezialisierte Anbieter Zens vertreibt seine Ladestationen jetzt auch \u00fcber den Apple Store. In Kooperation mit Apple sind hier zun\u00e4chst drei aktuelle Kombi-Ladestationen von Zens erh\u00e4ltlich. Der niederl\u00e4ndische Anbieter betont, dass bei der Herstellung der neuen Modellreihe recycelter Kunststoff verwendet wird, was den Ger\u00e4ten gleicherma\u00dfen einen eigenen Stil verleiht, sowie die Bestrebungen von [&hellip;]<\/p>\n","protected":false},"author":2,"featured_media":199530,"comment_status":"open","ping_status":"closed","sticky":false,"template":"","format":"standard","meta":{"_acf_changed":false,"footnotes":""},"categories":[1],"tags":[136,449,6002],"class_list":["post-199525","post","type-post","status-publish","format-standard","has-post-thumbnail","hentry","category-news","tag-ladegerat","tag-magsafe","tag-zens"],"acf":[],"aioseo_notices":[],"subheadline":["Gew\u00f6hnungsbed\u00fcrftige Recycling-Optik"],"featured_image":["https:\/\/images.ifun.de\/wp-content\/uploads\/2022\/11\/zens-multi-ladegeraet-feature.jpg"],"rest_api_enabler":{"subheadline":"Gew\u00f6hnungsbed\u00fcrftige Recycling-Optik","featured_image":"https:\/\/images.ifun.de\/wp-content\/uploads\/2022\/11\/zens-multi-ladegeraet-feature.jpg"},"_links":{"self":[{"href":"https:\/\/www.ifun.de\/apiv2\/wp\/v2\/posts\/199525","targetHints":{"allow":["GET"]}}],"collection":[{"href":"https:\/\/www.ifun.de\/apiv2\/wp\/v2\/posts"}],"about":[{"href":"https:\/\/www.ifun.de\/apiv2\/wp\/v2\/types\/post"}],"author":[{"embeddable":true,"href":"https:\/\/www.ifun.de\/apiv2\/wp\/v2\/users\/2"}],"replies":[{"embeddable":true,"href":"https:\/\/www.ifun.de\/apiv2\/wp\/v2\/comments?post=199525"}],"version-history":[{"count":3,"href":"https:\/\/www.ifun.de\/apiv2\/wp\/v2\/posts\/199525\/revisions"}],"predecessor-version":[{"id":199532,"href":"https:\/\/www.ifun.de\/apiv2\/wp\/v2\/posts\/199525\/revisions\/199532"}],"wp:featuredmedia":[{"embeddable":true,"href":"https:\/\/www.ifun.de\/apiv2\/wp\/v2\/media\/199530"}],"wp:attachment":[{"href":"https:\/\/www.ifun.de\/apiv2\/wp\/v2\/media?parent=199525"}],"wp:term":[{"taxonomy":"category","embeddable":true,"href":"https:\/\/www.ifun.de\/apiv2\/wp\/v2\/categories?post=199525"},{"taxonomy":"post_tag","embeddable":true,"href":"https:\/\/www.ifun.de\/apiv2\/wp\/v2\/tags?post=199525"}],"curies":[{"name":"wp","href":"https:\/\/api.w.org\/{rel}","templated":true}]}}