{"id":198997,"date":"2022-11-22T12:35:11","date_gmt":"2022-11-22T11:35:11","guid":{"rendered":"https:\/\/www.ifun.de\/?p=198997"},"modified":"2022-11-22T12:37:37","modified_gmt":"2022-11-22T11:37:37","slug":"ard-audiothek-jetzt-auch-ueber-die-rote-taste-verfuegbar","status":"publish","type":"post","link":"https:\/\/www.ifun.de\/ard-audiothek-jetzt-auch-ueber-die-rote-taste-verfuegbar-198997\/","title":{"rendered":"ARD Audiothek jetzt auch \u00fcber die &#8222;rote Taste&#8220; verf\u00fcgbar"},"content":{"rendered":"<p>Die <a href=\"https:\/\/www.ardaudiothek.de\/\">ARD Audiothek<\/a> l\u00e4sst sich jetzt auch vom TV-Ger\u00e4t aus nutzen. Die verantwortlichen Sendeanstalten haben das Audioprogramm in ihr HbbTV-Angebot integriert. Der Zugriff darauf kann in gleicher Weise erfolgen, wie dies bei den sonstigen Mediathek-Inhalten der Sender der Fall ist. Nach dem Dr\u00fccken der roten Taste auf der Fernbedienung steht hier nun zus\u00e4tzlich auch die Audiothek zur Verf\u00fcgung.<\/p>\n<p>Das kryptisch anmutende K\u00fcrzel HbbTV stehe f\u00fcr \u201eHybrid Broadcasting Broadband TV\u201c, die \u201erote Taste\u201c d\u00fcrfte als Startknopf f\u00fcr die Mediathek-Inhalte des jeweils ausgew\u00e4hlten Senders deutlich weiter bekannt sein. Die neuen Audiothek-Inhalte sind auf diesem Weg verf\u00fcgbar, wenn man die Mediathek \u00fcber das erste Programm, alle dritten Programme der ARD sowie \u00fcber ARD alpha, ONE und tagesschau24 aufruft. Zudem wird die Funktion auch \u00fcber alle Radiosender unterst\u00fctzt, die \u00fcber HbbTV zur Verf\u00fcgung stehen.<\/p>\n<p><a href=\"https:\/\/images.ifun.de\/wp-content\/uploads\/2022\/11\/ard-audiothek.jpg\"><img loading=\"lazy\" decoding=\"async\" src=\"https:\/\/images.ifun.de\/wp-content\/uploads\/2022\/11\/ard-audiothek-700x478.jpg\" alt=\"Ard Audiothek\" width=\"700\" height=\"478\" class=\"alignnone size-large wp-image-198999\" srcset=\"https:\/\/images.ifun.de\/wp-content\/uploads\/2022\/11\/ard-audiothek-700x478.jpg 700w, https:\/\/images.ifun.de\/wp-content\/uploads\/2022\/11\/ard-audiothek-500x341.jpg 500w, https:\/\/images.ifun.de\/wp-content\/uploads\/2022\/11\/ard-audiothek-768x524.jpg 768w, https:\/\/images.ifun.de\/wp-content\/uploads\/2022\/11\/ard-audiothek.jpg 1400w\" sizes=\"auto, (max-width: 700px) 100vw, 700px\" \/><\/a><\/p>\n<p>Als Nutzer hat man jetzt auch vom Fernseher aus Zugriff auf Podcasts und Radio-Livestreams von mehr als 60 \u00f6ffentlich-rechtlichen H\u00f6rfunkangeboten, die ansonsten bisher schon \u00fcber die Audiothek-App beim Zugriff \u00fcber den Webbrowser verf\u00fcgbar waren.<\/p>\n<p>Die ARD bewirbt die Inhalte der Audiothek als gro\u00dfe Auswahl an Audiobeitr\u00e4gen, darunter H\u00f6rspiele, Krimis, Podcasts, Comedy, Dokumentationen, Reportagen und Wissensformate. Die Podcasts sind in der Audiothek nach Rubriken oder Sendern sortiert, alternativ lassen sich die Inhalte auch \u00fcber den sogenannten \u201eEntdeckermodus\u201c erkunden.<\/p>\n<h2>ARD Mediathek bekommt neue Funktionen<\/h2>\n<p>Unabh\u00e4ngig davon steht Nutzern von iPhone und iPad nat\u00fcrlich weiterhin die <a href=\"https:\/\/apps.apple.com\/de\/app\/ard-audiothek\/id1224607890\">Audiothek-App<\/a> zur Verf\u00fcgung. Die <a href=\"https:\/\/apps.apple.com\/de\/app\/ard-mediathek\/id981496660\">ARD Mediathek<\/a> ist derweil in Version 9.0 erschienen und bereitet ihren Entwicklern zufolge die Einf\u00fchrung von neuen Funktionen vor. Hier l\u00e4uft ja schon seit geraumer Zeit ein <a href=\"https:\/\/www.iphone-ticker.de\/ard-mediathek-oeffentliches-beta-programm-fuer-die-ios-apps-200172\/\">\u00f6ffentlicher Beta-Test<\/a>, in dessen Rahmen Nutzer der Anwendung die Weiterentwicklung aktiv unterst\u00fctzen sollen.<\/p>\n<p><img loading=\"lazy\" decoding=\"async\" src=\"https:\/\/vg01.met.vgwort.de\/na\/8f73afd034c84c818fa3d78a4bb76a0e\" width=\"1\" height=\"1\" no-lazy class=\"tracking\"><\/p>\n","protected":false},"excerpt":{"rendered":"<a href=\"https:\/\/www.ifun.de\/ard-audiothek-jetzt-auch-ueber-die-rote-taste-verfuegbar-198997\/\"><img width=\"150\" height=\"150\" src=\"https:\/\/images.ifun.de\/wp-content\/uploads\/2022\/11\/ard-audiothek-feature-150x150.jpg\" class=\"alignright tfe wp-post-image\" alt=\"Ard Audiothek Feature\" decoding=\"async\" loading=\"lazy\" \/><\/a><p>Die ARD Audiothek l\u00e4sst sich jetzt auch vom TV-Ger\u00e4t aus nutzen. Die verantwortlichen Sendeanstalten haben das Audioprogramm in ihr HbbTV-Angebot integriert. Der Zugriff darauf kann in gleicher Weise erfolgen, wie dies bei den sonstigen Mediathek-Inhalten der Sender der Fall ist. Nach dem Dr\u00fccken der roten Taste auf der Fernbedienung steht hier nun zus\u00e4tzlich auch die [&hellip;]<\/p>\n","protected":false},"author":2,"featured_media":199000,"comment_status":"open","ping_status":"closed","sticky":false,"template":"","format":"standard","meta":{"_acf_changed":false,"footnotes":""},"categories":[1],"tags":[5993],"class_list":["post-198997","post","type-post","status-publish","format-standard","has-post-thumbnail","hentry","category-news","tag-ard-audiothek"],"acf":[],"aioseo_notices":[],"subheadline":["Radio und Podcast am Fernseher"],"featured_image":["https:\/\/images.ifun.de\/wp-content\/uploads\/2022\/11\/ard-audiothek-feature.jpg"],"rest_api_enabler":{"subheadline":"Radio und Podcast am Fernseher","featured_image":"https:\/\/images.ifun.de\/wp-content\/uploads\/2022\/11\/ard-audiothek-feature.jpg"},"_links":{"self":[{"href":"https:\/\/www.ifun.de\/apiv2\/wp\/v2\/posts\/198997","targetHints":{"allow":["GET"]}}],"collection":[{"href":"https:\/\/www.ifun.de\/apiv2\/wp\/v2\/posts"}],"about":[{"href":"https:\/\/www.ifun.de\/apiv2\/wp\/v2\/types\/post"}],"author":[{"embeddable":true,"href":"https:\/\/www.ifun.de\/apiv2\/wp\/v2\/users\/2"}],"replies":[{"embeddable":true,"href":"https:\/\/www.ifun.de\/apiv2\/wp\/v2\/comments?post=198997"}],"version-history":[{"count":4,"href":"https:\/\/www.ifun.de\/apiv2\/wp\/v2\/posts\/198997\/revisions"}],"predecessor-version":[{"id":199005,"href":"https:\/\/www.ifun.de\/apiv2\/wp\/v2\/posts\/198997\/revisions\/199005"}],"wp:featuredmedia":[{"embeddable":true,"href":"https:\/\/www.ifun.de\/apiv2\/wp\/v2\/media\/199000"}],"wp:attachment":[{"href":"https:\/\/www.ifun.de\/apiv2\/wp\/v2\/media?parent=198997"}],"wp:term":[{"taxonomy":"category","embeddable":true,"href":"https:\/\/www.ifun.de\/apiv2\/wp\/v2\/categories?post=198997"},{"taxonomy":"post_tag","embeddable":true,"href":"https:\/\/www.ifun.de\/apiv2\/wp\/v2\/tags?post=198997"}],"curies":[{"name":"wp","href":"https:\/\/api.w.org\/{rel}","templated":true}]}}