{"id":198777,"date":"2022-11-17T19:38:42","date_gmt":"2022-11-17T18:38:42","guid":{"rendered":"https:\/\/www.ifun.de\/?p=198777"},"modified":"2022-11-17T19:39:31","modified_gmt":"2022-11-17T18:39:31","slug":"share-the-joy-apples-weihnachtsvideo-wirbt-fuer-die-airpods","status":"publish","type":"post","link":"https:\/\/www.ifun.de\/share-the-joy-apples-weihnachtsvideo-wirbt-fuer-die-airpods-198777\/","title":{"rendered":"&#8222;Share the Joy&#8220;: Apples Weihnachtsvideo wirbt f\u00fcr die AirPods"},"content":{"rendered":"<p>Es kommt fr\u00fcher als sonst, aber \u201eShare the Joy\u201c scheint Apples offizielles Weihnachtsvideo f\u00fcr dieses Jahr zu sein. Apple nutzt die Gelegenheit in diesem Jahr, um die AirPods Pro und damit verbunden die M\u00f6glichkeit, Audio \u00fcber AirPods oder Beats-Kopfh\u00f6rer zu teilen zu bewerben.<\/p>\n<p>Gro\u00dfartige Weihnachtsstimmung vermittelt Apples Weihnachtsvideo in diesem Jahr eher nicht. Wir sehen zu dem Titel \u201ePuff\u201c von Bhavi &amp; Bizarrap ein P\u00e4rchen durch die Stadt tanzen und ein wenig Kunstschnee muss gen\u00fcgen, um dem Weihnachtsbezug gerecht zu werden.<\/p>\n<p>https:\/\/www.youtube.com\/watch?v=I_40JFauCFk<\/p>\n<p>Dagegen war das vor zwei Jahren von Apple ver\u00f6ffentlichte <a href=\"https:\/\/www.iphone-ticker.de\/apples-weihnachtsvideo-ein-werbeclip-fuer-den-homepod-mini-166552\/\">Werbevideo f\u00fcr den HomePod<\/a> mini ja noch richtig festlich. Zu den unserer Meinung nach besten Weihnachtsvideos von Apple geh\u00f6rt weiterhin der Clip \u201e<a href=\"https:\/\/youtu.be\/03KQTCEM08k\">Misunderstood<\/a>\u201c aus dem Jahr 2013 und auch im vergangenen Jahr hat sich Apple mit dem Film \u201e<a href=\"https:\/\/www.iphone-ticker.de\/wieder-sehenswert-apples-weihnachtsvideo-2021-182959\/\">Saving Simon<\/a>\u201c mit mehr Bezug zum eigentlichen Thema gezeigt.<\/p>\n","protected":false},"excerpt":{"rendered":"<a href=\"https:\/\/www.ifun.de\/share-the-joy-apples-weihnachtsvideo-wirbt-fuer-die-airpods-198777\/\"><img width=\"150\" height=\"150\" src=\"https:\/\/images.ifun.de\/wp-content\/uploads\/2022\/11\/apple-share-the-joy-150x150.jpg\" class=\"alignright tfe wp-post-image\" alt=\"Apple Share The Joy\" decoding=\"async\" loading=\"lazy\" \/><\/a><p>Es kommt fr\u00fcher als sonst, aber \u201eShare the Joy\u201c scheint Apples offizielles Weihnachtsvideo f\u00fcr dieses Jahr zu sein. Apple nutzt die Gelegenheit in diesem Jahr, um die AirPods Pro und damit verbunden die M\u00f6glichkeit, Audio \u00fcber AirPods oder Beats-Kopfh\u00f6rer zu teilen zu bewerben. Gro\u00dfartige Weihnachtsstimmung vermittelt Apples Weihnachtsvideo in diesem Jahr eher nicht. Wir sehen [&hellip;]<\/p>\n","protected":false},"author":2,"featured_media":198779,"comment_status":"open","ping_status":"closed","sticky":false,"template":"","format":"standard","meta":{"_acf_changed":false,"footnotes":""},"categories":[],"tags":[4736,31,30],"class_list":["post-198777","post","type-post","status-publish","format-standard","has-post-thumbnail","hentry","tag-apple","tag-video","tag-werbung"],"acf":[],"aioseo_notices":[],"subheadline":["Das war schon besser"],"featured_image":["https:\/\/images.ifun.de\/wp-content\/uploads\/2022\/11\/apple-share-the-joy.jpg"],"rest_api_enabler":{"subheadline":"Das war schon besser","featured_image":"https:\/\/images.ifun.de\/wp-content\/uploads\/2022\/11\/apple-share-the-joy.jpg"},"_links":{"self":[{"href":"https:\/\/www.ifun.de\/apiv2\/wp\/v2\/posts\/198777","targetHints":{"allow":["GET"]}}],"collection":[{"href":"https:\/\/www.ifun.de\/apiv2\/wp\/v2\/posts"}],"about":[{"href":"https:\/\/www.ifun.de\/apiv2\/wp\/v2\/types\/post"}],"author":[{"embeddable":true,"href":"https:\/\/www.ifun.de\/apiv2\/wp\/v2\/users\/2"}],"replies":[{"embeddable":true,"href":"https:\/\/www.ifun.de\/apiv2\/wp\/v2\/comments?post=198777"}],"version-history":[{"count":3,"href":"https:\/\/www.ifun.de\/apiv2\/wp\/v2\/posts\/198777\/revisions"}],"predecessor-version":[{"id":198782,"href":"https:\/\/www.ifun.de\/apiv2\/wp\/v2\/posts\/198777\/revisions\/198782"}],"wp:featuredmedia":[{"embeddable":true,"href":"https:\/\/www.ifun.de\/apiv2\/wp\/v2\/media\/198779"}],"wp:attachment":[{"href":"https:\/\/www.ifun.de\/apiv2\/wp\/v2\/media?parent=198777"}],"wp:term":[{"taxonomy":"category","embeddable":true,"href":"https:\/\/www.ifun.de\/apiv2\/wp\/v2\/categories?post=198777"},{"taxonomy":"post_tag","embeddable":true,"href":"https:\/\/www.ifun.de\/apiv2\/wp\/v2\/tags?post=198777"}],"curies":[{"name":"wp","href":"https:\/\/api.w.org\/{rel}","templated":true}]}}