{"id":19785,"date":"2011-12-12T08:15:09","date_gmt":"2011-12-12T07:15:09","guid":{"rendered":"http:\/\/www.ifun.de\/?p=19785"},"modified":"2011-12-12T08:15:48","modified_gmt":"2011-12-12T07:15:48","slug":"apple-klage-mannheim-iphone-motorola","status":"publish","type":"post","link":"https:\/\/www.ifun.de\/apple-klage-mannheim-iphone-motorola-19785\/","title":{"rendered":"\u00c4rger und Ger\u00fcchte: Apples Markenprobleme in Deutschland und China, iPad 3 im Fr\u00fchjahr, AirPlay \u00fcber Bluetooth"},"content":{"rendered":"<ul>\n<li><strong>Ger\u00fccht 1:<\/strong> Aus asiatischen Zuliefererkeisen <a href=\"http:\/\/www.appleinsider.com\/articles\/11\/12\/12\/apples_next_gen_ipad_arriving_in_3_4_months_suppliers_say.html\">hei\u00dft es<\/a>, dass mit dem Verkauf der n\u00e4chsten iPad-Generation in 3 bis 4 Monaten zu rechnen ist. Viel muss hinter solchen Spekulationen nicht stecken, allgemein wird damit gerechnet, dass im Fr\u00fchjahr ein neues iPad, unter anderem mit h\u00f6herer Bildschirmaufl\u00f6sung und schnellerem Prozessor auf dem Markt kommt.<\/li>\n<li><strong>Ger\u00fccht 2:<\/strong> Die drahtlose Bild- und Ton\u00fcbertragung mittels AirPlay k\u00f6nnte zuk\u00fcnftig auch \u00fcber Bluetooth funktionieren. Bislang ist eine WLAN-Verbindung Voraussetzung, jetzt hat Apple im Rahmen einer Technikkonferenz offenbar die m\u00f6gliche Erweiterung auf Bluetooth 4.0 <a href=\"http:\/\/www.appleinsider.com\/articles\/11\/12\/11\/briefly_airplay_to_add_bluetooth_support_stephen_wolfram_on_steve_jobs_upcoming_iphone_4s_launches.html\">angedeutet<\/a>.<\/li>\n<li><strong>Panne 1:<\/strong> Apple muss in Deutschland darum bangen, iPhones sowie die 3G-Variante des iPad weiter Verkaufen zu d\u00fcrfen. Ein Mannheimer Gerichtsurteil gibt Motorola in einer Patentklage recht. Vorerst liegt es nun in den H\u00e4nden von Motorola, ob das Urteil auch vollstreckt wird. Apple bereits angek\u00fcndigt, gegen die Entscheidung vorzugehen. Mehr dazu <a href=\"http:\/\/www.iphone-ticker.de\/motorola-erwirkt-einstweilige-verfugung-verkaufsverbot-fur-ios-gerate-in-deutschland-28539\/\">auf dem iPhone-Ticker<\/a>.<\/li>\n<li><strong>Panne 2:<\/strong> In China hat Apple zudem Probleme mit der Marke &#8222;iPad&#8220;, dort hat ein anderes Unternehmen die entsprechenden Markenrechte <a href=\"http:\/\/www.spiegel.de\/netzwelt\/gadgets\/0,1518,802691,00.html\">zugesprochen bekommen<\/a>. Apple war der Annahme, 2006 die iPad-Markenrechte weltweit erworben zu haben, im Nachhinein gab es jedoch unterschiedliche Auffassungen dar\u00fcber, ob in diesem Deal auch die entsprechenden Rechte f\u00fcr China enthalten waren &#8211; eine Einigung steht hier bislang noch aus.<\/li>\n<\/ul>\n","protected":false},"excerpt":{"rendered":"<a href=\"https:\/\/www.ifun.de\/apple-klage-mannheim-iphone-motorola-19785\/\"><img width=\"150\" height=\"90\" src=\"https:\/\/images.ifun.de\/wp-content\/uploads\/2011\/12\/cyber3-150x90.gif\" class=\"alignright tfe wp-post-image\" alt=\"\" decoding=\"async\" loading=\"lazy\" \/><\/a><p>Ger\u00fccht 1: Aus asiatischen Zuliefererkeisen hei\u00dft es, dass mit dem Verkauf der n\u00e4chsten iPad-Generation in 3 bis 4 Monaten zu rechnen ist. Viel muss hinter solchen Spekulationen nicht stecken, allgemein wird damit gerechnet, dass im Fr\u00fchjahr ein neues iPad, unter anderem mit h\u00f6herer Bildschirmaufl\u00f6sung und schnellerem Prozessor auf dem Markt kommt. Ger\u00fccht 2: Die drahtlose [&hellip;]<\/p>\n","protected":false},"author":2,"featured_media":19788,"comment_status":"open","ping_status":"closed","sticky":false,"template":"","format":"standard","meta":{"_acf_changed":false,"footnotes":""},"categories":[15],"tags":[4736,304,400,3910,4740,4741,829,828,157],"class_list":["post-19785","post","type-post","status-publish","format-standard","has-post-thumbnail","hentry","category-kurznachrichten","tag-apple","tag-china","tag-deutschland","tag-geruechte","tag-ipad","tag-iphone","tag-mannheim","tag-marke","tag-patent"],"acf":[],"aioseo_notices":[],"rest_api_enabler":[],"_links":{"self":[{"href":"https:\/\/www.ifun.de\/apiv2\/wp\/v2\/posts\/19785","targetHints":{"allow":["GET"]}}],"collection":[{"href":"https:\/\/www.ifun.de\/apiv2\/wp\/v2\/posts"}],"about":[{"href":"https:\/\/www.ifun.de\/apiv2\/wp\/v2\/types\/post"}],"author":[{"embeddable":true,"href":"https:\/\/www.ifun.de\/apiv2\/wp\/v2\/users\/2"}],"replies":[{"embeddable":true,"href":"https:\/\/www.ifun.de\/apiv2\/wp\/v2\/comments?post=19785"}],"version-history":[{"count":2,"href":"https:\/\/www.ifun.de\/apiv2\/wp\/v2\/posts\/19785\/revisions"}],"predecessor-version":[{"id":19787,"href":"https:\/\/www.ifun.de\/apiv2\/wp\/v2\/posts\/19785\/revisions\/19787"}],"wp:featuredmedia":[{"embeddable":true,"href":"https:\/\/www.ifun.de\/apiv2\/wp\/v2\/media\/19788"}],"wp:attachment":[{"href":"https:\/\/www.ifun.de\/apiv2\/wp\/v2\/media?parent=19785"}],"wp:term":[{"taxonomy":"category","embeddable":true,"href":"https:\/\/www.ifun.de\/apiv2\/wp\/v2\/categories?post=19785"},{"taxonomy":"post_tag","embeddable":true,"href":"https:\/\/www.ifun.de\/apiv2\/wp\/v2\/tags?post=19785"}],"curies":[{"name":"wp","href":"https:\/\/api.w.org\/{rel}","templated":true}]}}