{"id":197319,"date":"2022-10-26T10:21:28","date_gmt":"2022-10-26T08:21:28","guid":{"rendered":"https:\/\/www.ifun.de\/?p=197319"},"modified":"2022-10-26T10:26:50","modified_gmt":"2022-10-26T08:26:50","slug":"das-wsj-grillt-apples-manager-federighi-und-joswiak-im-podiumsgespraech","status":"publish","type":"post","link":"https:\/\/www.ifun.de\/das-wsj-grillt-apples-manager-federighi-und-joswiak-im-podiumsgespraech-197319\/","title":{"rendered":"Das WSJ grillt Apples Manager: Federighi und Joswiak im Podiumsgespr\u00e4ch"},"content":{"rendered":"<p>Apples Chefetage gibt vergleichsweise selten Interviews. Zudem finden diese h\u00e4ufig in sehr kontrollierten Umgebungen statt und liefern fast nie Antworten auf Fragen, die nicht unmittelbar mit den gerade neu vorgestellten Produkten oder dem eigentlichen Gespr\u00e4chsanlass, wie etwa der Er\u00f6ffnung eines Stores zu tun haben.<\/p>\n<p><a href=\"https:\/\/images.ifun.de\/wp-content\/uploads\/2022\/10\/Podium-stern-craig-greg-1400.jpg\"><img loading=\"lazy\" decoding=\"async\" src=\"https:\/\/images.ifun.de\/wp-content\/uploads\/2022\/10\/Podium-stern-craig-greg-1400-500x281.jpg\" alt=\"Podium Stern Craig Greg 1400\" width=\"500\" height=\"281\" class=\"aligncenter size-medium wp-image-197322\" srcset=\"https:\/\/images.ifun.de\/wp-content\/uploads\/2022\/10\/Podium-stern-craig-greg-1400-500x281.jpg 500w, https:\/\/images.ifun.de\/wp-content\/uploads\/2022\/10\/Podium-stern-craig-greg-1400-700x394.jpg 700w, https:\/\/images.ifun.de\/wp-content\/uploads\/2022\/10\/Podium-stern-craig-greg-1400-768x432.jpg 768w, https:\/\/images.ifun.de\/wp-content\/uploads\/2022\/10\/Podium-stern-craig-greg-1400.jpg 1400w\" sizes=\"auto, (max-width: 500px) 100vw, 500px\" \/><\/a><\/p>\n<p>Ein gutes Beispiel daf\u00fcr ist die <a href=\"https:\/\/www.youtube.com\/watch?v=44w-RYurbN4\">im Video festgehaltene<\/a> Konversation zwischen Apples damaligem Marketing-Chef Phil Schiller und dem britischen &#8222;Channel 4&#8220;-Reporter Benjamin Cohen, der den Apple-Mitarbeiter ohne Vorwarnung auf die Monopolstellung ansprach, die Apples iTunes Music Store damals innehatte.<\/p>\n<p>Entsprechend interessiert verfolgen wir die noch selteneren Podiumsgespr\u00e4ch mit Apples Chefetage, bei denen kritische Nachfragen \u00fcblicherweise mit der Lupe <a href=\"https:\/\/www.youtube.com\/watch?v=WfnvsepVJC0\">gesucht werden m\u00fcssen<\/a>.<\/p>\n<p><div class=\"responsive-video\"><iframe loading=\"lazy\" title=\"Channel 4 News iPhone interview  interrupted by Apple\" width=\"500\" height=\"281\" src=\"https:\/\/www.youtube-nocookie.com\/embed\/44w-RYurbN4?feature=oembed\" frameborder=\"0\" allow=\"accelerometer; autoplay; clipboard-write; encrypted-media; gyroscope; picture-in-picture; web-share\" referrerpolicy=\"strict-origin-when-cross-origin\" allowfullscreen><\/iframe><\/div><\/p>\n<h2>Das Wall Street Journal hakt nach<\/h2>\n<p>Nicht so bei dem gestrigen Auftritt der beiden Apple-Manager Craig Federighi und Greg Joswiak auf der B\u00fchne des Wall Street Journal.<\/p>\n<p>Im Dialog mit der WSJ-Reporterin Joanna Stern, \u00e4u\u00dferten sich die beiden Top-Manager zu mehreren durchaus kontroversen Themen und wurden von Stern, teils regelrecht gegrillt.<\/p>\n<p><a href=\"https:\/\/images.ifun.de\/wp-content\/uploads\/2022\/10\/usb-c-kabel-stern-1400.jpg\"><img loading=\"lazy\" decoding=\"async\" class=\"aligncenter size-large wp-image-197320\" src=\"https:\/\/images.ifun.de\/wp-content\/uploads\/2022\/10\/usb-c-kabel-stern-1400-700x394.jpg\" alt=\"Usb C Kabel Stern 1400\" width=\"700\" height=\"394\" srcset=\"https:\/\/images.ifun.de\/wp-content\/uploads\/2022\/10\/usb-c-kabel-stern-1400-700x394.jpg 700w, https:\/\/images.ifun.de\/wp-content\/uploads\/2022\/10\/usb-c-kabel-stern-1400-500x281.jpg 500w, https:\/\/images.ifun.de\/wp-content\/uploads\/2022\/10\/usb-c-kabel-stern-1400-768x432.jpg 768w, https:\/\/images.ifun.de\/wp-content\/uploads\/2022\/10\/usb-c-kabel-stern-1400.jpg 1400w\" sizes=\"auto, (max-width: 700px) 100vw, 700px\" \/><\/a><\/p>\n<p>So etwa bei der Frage zur Verf\u00fcgbarkeit von iMessage auf Android-Ger\u00e4ten. Stern legte Apples Software-Chef Craig Federighi hier eine E-Mail-Kopie vor (im Video bei Minute 22:30), die im Rahmen eines Rechtsstreits <a href=\"https:\/\/www.iphone-ticker.de\/apple-ios-exklusivitaet-von-imessage-soll-android-abwanderung-verhindern-172808\/\">ans Licht der \u00d6ffentlichkeit<\/a> geraten war.<\/p>\n<p>In der E-Mail sprach sich Apple Software-Chef damals gegen die Ausweitung des iMessage-Kurznachrichtendienstes auf Android aus. Federighis Sorge: W\u00fcrde der Messenger auch auf Googles Betriebssystem verf\u00fcgbar sein, k\u00f6nnte dies Eltern dazu animieren, ihren Kindern g\u00fcnstigere Android-Ger\u00e4te zu kaufen, statt zum iPhone zugreifen.<br \/>\n<center><\/p>\n<blockquote class=\"twitter-tweet\">\n<p dir=\"ltr\" lang=\"en\">Apple\u2019s Craig Federighi and Greg Joswiak (<a href=\"https:\/\/twitter.com\/gregjoz?ref_src=twsrc%5Etfw\">@gregjoz<\/a>) join <a href=\"https:\/\/twitter.com\/JoannaStern?ref_src=twsrc%5Etfw\">@JoannaStern<\/a> at <a href=\"https:\/\/twitter.com\/hashtag\/WSJTechLive?src=hash&amp;ref_src=twsrc%5Etfw\">#WSJTechLive<\/a> to discuss products, privacy and power at the tech giant <a href=\"https:\/\/t.co\/fNo2JGwMB4\">https:\/\/t.co\/fNo2JGwMB4<\/a> <a href=\"https:\/\/t.co\/aGrTlZrUo4\">https:\/\/t.co\/aGrTlZrUo4<\/a><\/p>\n<p>\u2014 The Wall Street Journal (@WSJ) <a href=\"https:\/\/twitter.com\/WSJ\/status\/1585100274657419264?ref_src=twsrc%5Etfw\">October 26, 2022<\/a><\/p><\/blockquote>\n<p><\/center><br \/>\n<script async src=\"https:\/\/platform.twitter.com\/widgets.js\" charset=\"utf-8\"><\/script><\/p>\n<h2>USB-C und Apples Werbe-Aktivit\u00e4ten<\/h2>\n<p>In dem Podiumsgespr\u00e4ch, das ich in voller L\u00e4nge auf dem Kurznachrichtenportal Twitter <a href=\"https:\/\/twitter.com\/wsj\/status\/1585100274657419264\">anschauen l\u00e4sst<\/a>, kommt auch der bevorstehende Wechsel des iPhones vom Lightning- zum USB-C-Standard zur Sprache.<\/p>\n<p>Zudem thematisiert Stern die Integration der sogenannten &#8222;App Tracking Transparency&#8220;-Richtlinien, mit denen Apple das Werbegesch\u00e4ft auf dem iPhone f\u00fcr Unternehmen wie Meta und Google nicht nur \u00fcberaus unattraktiv gemacht hat, sondern beiden Konzernen Einnahmeverluste in H\u00f6he von mehreren Milliarden Dollar beschert haben soll.<\/p>\n<p><img loading=\"lazy\" decoding=\"async\" src=\"https:\/\/vg06.met.vgwort.de\/na\/b326b2e2ab0848fa8c125b239ea7c786\" width=\"1\" height=\"1\" no-lazy class=\"tracking\"><\/p>\n","protected":false},"excerpt":{"rendered":"<a href=\"https:\/\/www.ifun.de\/das-wsj-grillt-apples-manager-federighi-und-joswiak-im-podiumsgespraech-197319\/\"><img width=\"150\" height=\"150\" src=\"https:\/\/images.ifun.de\/wp-content\/uploads\/2022\/10\/Podium-stern-craig-greg-1400-150x150.jpg\" class=\"alignright tfe wp-post-image\" alt=\"Podium Stern Craig Greg 1400\" decoding=\"async\" loading=\"lazy\" \/><\/a><p>Apples Chefetage gibt vergleichsweise selten Interviews. Zudem finden diese h\u00e4ufig in sehr kontrollierten Umgebungen statt und liefern fast nie Antworten auf Fragen, die nicht unmittelbar mit den gerade neu vorgestellten Produkten oder dem eigentlichen Gespr\u00e4chsanlass, wie etwa der Er\u00f6ffnung eines Stores zu tun haben. Ein gutes Beispiel daf\u00fcr ist die im Video festgehaltene Konversation zwischen [&hellip;]<\/p>\n","protected":false},"author":1,"featured_media":197322,"comment_status":"open","ping_status":"closed","sticky":false,"template":"","format":"standard","meta":{"_acf_changed":false,"footnotes":""},"categories":[1],"tags":[2952,736],"class_list":["post-197319","post","type-post","status-publish","format-standard","has-post-thumbnail","hentry","category-news","tag-craig-federighi","tag-interview"],"acf":[],"aioseo_notices":[],"subheadline":["Das Wall Street Journal hakt nach"],"featured_image":["https:\/\/images.ifun.de\/wp-content\/uploads\/2022\/10\/wsj-video-craig.jpg"],"rest_api_enabler":{"subheadline":"Das Wall Street Journal hakt nach","featured_image":"https:\/\/images.ifun.de\/wp-content\/uploads\/2022\/10\/wsj-video-craig.jpg"},"_links":{"self":[{"href":"https:\/\/www.ifun.de\/apiv2\/wp\/v2\/posts\/197319","targetHints":{"allow":["GET"]}}],"collection":[{"href":"https:\/\/www.ifun.de\/apiv2\/wp\/v2\/posts"}],"about":[{"href":"https:\/\/www.ifun.de\/apiv2\/wp\/v2\/types\/post"}],"author":[{"embeddable":true,"href":"https:\/\/www.ifun.de\/apiv2\/wp\/v2\/users\/1"}],"replies":[{"embeddable":true,"href":"https:\/\/www.ifun.de\/apiv2\/wp\/v2\/comments?post=197319"}],"version-history":[{"count":5,"href":"https:\/\/www.ifun.de\/apiv2\/wp\/v2\/posts\/197319\/revisions"}],"predecessor-version":[{"id":197331,"href":"https:\/\/www.ifun.de\/apiv2\/wp\/v2\/posts\/197319\/revisions\/197331"}],"wp:featuredmedia":[{"embeddable":true,"href":"https:\/\/www.ifun.de\/apiv2\/wp\/v2\/media\/197322"}],"wp:attachment":[{"href":"https:\/\/www.ifun.de\/apiv2\/wp\/v2\/media?parent=197319"}],"wp:term":[{"taxonomy":"category","embeddable":true,"href":"https:\/\/www.ifun.de\/apiv2\/wp\/v2\/categories?post=197319"},{"taxonomy":"post_tag","embeddable":true,"href":"https:\/\/www.ifun.de\/apiv2\/wp\/v2\/tags?post=197319"}],"curies":[{"name":"wp","href":"https:\/\/api.w.org\/{rel}","templated":true}]}}