{"id":196835,"date":"2022-10-19T09:00:12","date_gmt":"2022-10-19T07:00:12","guid":{"rendered":"https:\/\/www.ifun.de\/?p=196835"},"modified":"2022-10-19T09:00:12","modified_gmt":"2022-10-19T07:00:12","slug":"ipad-10-und-ipad-pro-neue-apple-tastatur-und-die-neuen-modelle-im-video","status":"publish","type":"post","link":"https:\/\/www.ifun.de\/ipad-10-und-ipad-pro-neue-apple-tastatur-und-die-neuen-modelle-im-video-196835\/","title":{"rendered":"iPad 10 und iPad Pro: Neue Apple-Tastatur und die neuen Modelle im Video"},"content":{"rendered":"<p>Apple hat ja bei der Vorstellung seiner neuen iPad-Modelle auf das \u00fcbliche, mit einer ausf\u00fchrlichen Produktvorstellung verbundene Event verzichtet. Stellvertretend daf\u00fcr steht allerdings ein knapp zehn Minuten langes Video zum Abruf bereit, in dem die wichtigsten Neuerungen des iPad der zehnten Generation und der neuen iPad-Pro-Modelle ausf\u00fchrlich erl\u00e4utert werden.<\/p>\n<p>Apple hat es zwar nicht geschafft, eine deutsch synchronisierte Fassung der Videovorstellung bereitzustellen. Wer sich mit dem Verst\u00e4ndnis der englischen Sprache schwer tut, findet inzwischen immerhin auch eine mit deutschen Untertiteln versehene Version des Videos.<\/p>\n<p><div class=\"responsive-video\"><iframe loading=\"lazy\" title=\"Das neue iPad und das neue iPad Pro sind da | Apple\" width=\"500\" height=\"281\" src=\"https:\/\/www.youtube-nocookie.com\/embed\/Br4e9iCFCyg?feature=oembed\" frameborder=\"0\" allow=\"accelerometer; autoplay; clipboard-write; encrypted-media; gyroscope; picture-in-picture; web-share\" referrerpolicy=\"strict-origin-when-cross-origin\" allowfullscreen><\/iframe><\/div><\/p>\n<p>Wir haben ja gestern schon \u00fcber die neuen Apple-Ger\u00e4te informiert. Neben dem <a href=\"https:\/\/www.ifun.de\/ipad-jetzt-ohne-home-taste-und-in-vier-farben-196755\/\">iPad der zehnten Generation<\/a> &#8211; dem ersten Standard-iPad, das auf die Home-Taste verzichtet &#8211; hat Apple auch das <a href=\"https:\/\/www.ifun.de\/apple-stellt-neues-ipad-pro-mit-m2-prozessor-vor-196726\/\">iPad Pro<\/a> mit 11 Zoll und 12,9 Zoll Bildschirmgr\u00f6\u00dfe neu vorgestellt, die beiden Pro-Modelle setzen jetzt auf einen M2-Prozessor unter der Haube.<\/p>\n<h2>Neue iPad-Tastatur und Smart Folio<\/h2>\n<p>Als neues Zubeh\u00f6r bietet Apple mit dem <a href=\"https:\/\/apple.sjv.io\/Ao7ej1\">Magic Keyboard Folio<\/a> jetzt einen Ableger des f\u00fcr das iPad Pro und das iPad Air erh\u00e4ltlichen Magic Keyboard f\u00fcr das gew\u00f6hnliche iPad an. Die Tastaturerweiterung im Textildesign besteht aus einem abnehmbaren Schutz f\u00fcr die R\u00fcckseite und einer Tastatur. Beide Komponenten lassen sich magnetisch am neuen iPad der zehnten Generation befestigen, der Deckel f\u00fcr die R\u00fcckseite ist zus\u00e4tzlich auch als einstellbare St\u00fctze verwendbar.<\/p>\n<p><a href=\"https:\/\/images.ifun.de\/wp-content\/uploads\/2022\/10\/apple-smart-folio-fuer-ipad-10.jpg\"><img loading=\"lazy\" decoding=\"async\" src=\"https:\/\/images.ifun.de\/wp-content\/uploads\/2022\/10\/apple-smart-folio-fuer-ipad-10-700x363.jpg\" alt=\"Apple Smart Folio Fuer Ipad 10\" width=\"700\" height=\"363\" class=\"alignnone size-large wp-image-196846\" srcset=\"https:\/\/images.ifun.de\/wp-content\/uploads\/2022\/10\/apple-smart-folio-fuer-ipad-10-700x363.jpg 700w, https:\/\/images.ifun.de\/wp-content\/uploads\/2022\/10\/apple-smart-folio-fuer-ipad-10-500x259.jpg 500w, https:\/\/images.ifun.de\/wp-content\/uploads\/2022\/10\/apple-smart-folio-fuer-ipad-10-768x398.jpg 768w, https:\/\/images.ifun.de\/wp-content\/uploads\/2022\/10\/apple-smart-folio-fuer-ipad-10.jpg 1400w\" sizes=\"auto, (max-width: 700px) 100vw, 700px\" \/><\/a><\/p>\n<p>Apple bewirbt die neue iPad-Tastatur mit komfortabel gro\u00dfen Tasten, die auf Basis eines Scherenmechanismus einen Millimeter Hub aufweisen. Die Tastatur verf\u00fcgt \u00fcber 14 Funktionstasten und ein zentrales Multitouch-Trackpad.<\/p>\n<p>Apples neues Magic Keyboard Folio f\u00fcr das iPad der zehnten Generation ist ausschlie\u00dflich in Wei\u00df zum Preis von 299 Euro erh\u00e4ltlich. Alternativ dazu gibt es auch wieder ein f\u00fcr das neue iPad passendes <a href=\"https:\/\/apple.sjv.io\/vnYkVe\">Smart Folio<\/a>, das in den Farben Wei\u00df, Blau, Rot und Gelb zum Preis von 99 Euro angeboten wird.<img loading=\"lazy\" decoding=\"async\" src=\"https:\/\/vg02.met.vgwort.de\/na\/caf56c407b9449bd813be94dc6deea60\" width=\"1\" height=\"1\" no-lazy class=\"tracking\"><\/p>\n","protected":false},"excerpt":{"rendered":"<a href=\"https:\/\/www.ifun.de\/ipad-10-und-ipad-pro-neue-apple-tastatur-und-die-neuen-modelle-im-video-196835\/\"><img width=\"150\" height=\"150\" src=\"https:\/\/images.ifun.de\/wp-content\/uploads\/2022\/10\/apple-smart-folio-fuer-ipad-10-150x150.jpg\" class=\"alignright tfe wp-post-image\" alt=\"Apple Smart Folio Fuer Ipad 10\" decoding=\"async\" loading=\"lazy\" \/><\/a><p>Apple hat ja bei der Vorstellung seiner neuen iPad-Modelle auf das \u00fcbliche, mit einer ausf\u00fchrlichen Produktvorstellung verbundene Event verzichtet. Stellvertretend daf\u00fcr steht allerdings ein knapp zehn Minuten langes Video zum Abruf bereit, in dem die wichtigsten Neuerungen des iPad der zehnten Generation und der neuen iPad-Pro-Modelle ausf\u00fchrlich erl\u00e4utert werden. Apple hat es zwar nicht geschafft, [&hellip;]<\/p>\n","protected":false},"author":2,"featured_media":196846,"comment_status":"open","ping_status":"closed","sticky":false,"template":"","format":"standard","meta":{"_acf_changed":false,"footnotes":""},"categories":[10],"tags":[4740,2486,31],"class_list":["post-196835","post","type-post","status-publish","format-standard","has-post-thumbnail","hentry","category-ipad","tag-ipad","tag-ipad-pro","tag-video"],"acf":[],"aioseo_notices":[],"featured_image":["https:\/\/images.ifun.de\/wp-content\/uploads\/2022\/10\/ipad-10-feature.jpg"],"subheadline":["Verkaufsstart n\u00e4chste Woche"],"rest_api_enabler":{"featured_image":"https:\/\/images.ifun.de\/wp-content\/uploads\/2022\/10\/ipad-10-feature.jpg","subheadline":"Verkaufsstart n\u00e4chste Woche"},"_links":{"self":[{"href":"https:\/\/www.ifun.de\/apiv2\/wp\/v2\/posts\/196835","targetHints":{"allow":["GET"]}}],"collection":[{"href":"https:\/\/www.ifun.de\/apiv2\/wp\/v2\/posts"}],"about":[{"href":"https:\/\/www.ifun.de\/apiv2\/wp\/v2\/types\/post"}],"author":[{"embeddable":true,"href":"https:\/\/www.ifun.de\/apiv2\/wp\/v2\/users\/2"}],"replies":[{"embeddable":true,"href":"https:\/\/www.ifun.de\/apiv2\/wp\/v2\/comments?post=196835"}],"version-history":[{"count":3,"href":"https:\/\/www.ifun.de\/apiv2\/wp\/v2\/posts\/196835\/revisions"}],"predecessor-version":[{"id":196847,"href":"https:\/\/www.ifun.de\/apiv2\/wp\/v2\/posts\/196835\/revisions\/196847"}],"wp:featuredmedia":[{"embeddable":true,"href":"https:\/\/www.ifun.de\/apiv2\/wp\/v2\/media\/196846"}],"wp:attachment":[{"href":"https:\/\/www.ifun.de\/apiv2\/wp\/v2\/media?parent=196835"}],"wp:term":[{"taxonomy":"category","embeddable":true,"href":"https:\/\/www.ifun.de\/apiv2\/wp\/v2\/categories?post=196835"},{"taxonomy":"post_tag","embeddable":true,"href":"https:\/\/www.ifun.de\/apiv2\/wp\/v2\/tags?post=196835"}],"curies":[{"name":"wp","href":"https:\/\/api.w.org\/{rel}","templated":true}]}}