{"id":19679,"date":"2011-12-08T08:47:49","date_gmt":"2011-12-08T07:47:49","guid":{"rendered":"http:\/\/www.ifun.de\/?p=19679"},"modified":"2011-12-08T19:06:57","modified_gmt":"2011-12-08T18:06:57","slug":"ipad-3-dicker-smart-cover-passt","status":"publish","type":"post","link":"https:\/\/www.ifun.de\/ipad-3-dicker-smart-cover-passt-19679\/","title":{"rendered":"Neue Ger\u00fcchte: iPad 3 dicker aber Smart-Cover-kompatibel"},"content":{"rendered":"<p><img loading=\"lazy\" decoding=\"async\" src=\"http:\/\/images.ifun.de\/wp-content\/uploads\/2011\/12\/ipad-prototyp.jpg\" alt=\"\" title=\"ipad-prototyp\" width=\"220\" height=\"152\" class=\"alignright size-full wp-image-19680\" \/><a href=\"http:\/\/www.macotakara.jp\/blog\/index.php?ID=15024\">Aus Japan<\/a> kommen neue Ger\u00fcchte zum iPad 3. Demnach soll die f\u00fcr die erste Jahresh\u00e4lfte erwartete n\u00e4chste Generation des Apple-Tablets etwas dicker als die gegenw\u00e4rtige Generation, die Bildschirmgr\u00f6\u00dfe soll unver\u00e4ndert bleiben.<\/p>\n<p>Dies deckt sich dann auch mit unseren bisherigen Erwartungen, der Schritt zur &#8222;doppelten&#8220; Retina-Aufl\u00f6sung bei gleichbleibender Bildschirmgr\u00f6\u00dfe macht Sinn, da auf diese Weise wie beim iPhone damals alle bestehenden Apps ohne Qualit\u00e4tsverlust weiter genutzt werden k\u00f6nnen. Das leicht dickere Geh\u00e4use k\u00f6nnte auch mit dem h\u00f6her aufl\u00f6senden Bildschirm und der daf\u00fcr ben\u00f6tigten zus\u00e4tzlichen Bildschirmbeleuchtung zusammenh\u00e4ngen.<\/p>\n<p>In der Folge w\u00fcrden die aktuellen iPad-H\u00fcllen nicht zur neuen Ger\u00e4tegeneration passen, die angeblich unver\u00e4nderte Frontseite k\u00f6nne jedoch weiterhin mit Apples Smart Covers genutzt werden. Die Webseite bebildert ihren Artikel mit nebenstehendem, nicht n\u00e4her definierten Foto, dass die R\u00fcckseite eines Prototyps zeigen k\u00f6nnte.<\/p>\n","protected":false},"excerpt":{"rendered":"<a href=\"https:\/\/www.ifun.de\/ipad-3-dicker-smart-cover-passt-19679\/\"><img width=\"150\" height=\"150\" src=\"https:\/\/images.ifun.de\/wp-content\/uploads\/2011\/12\/ipad-prototyp-150x150.jpg\" class=\"alignright tfe wp-post-image\" alt=\"\" decoding=\"async\" loading=\"lazy\" \/><\/a><p>Neue Ger\u00fcchte:<br \/>\niPad 3 dicker aber Smart-Cover-kompatibel<\/p>\n","protected":false},"author":2,"featured_media":19680,"comment_status":"open","ping_status":"closed","sticky":false,"template":"","format":"standard","meta":{"footnotes":""},"categories":[1,19],"tags":[3910,4740,819],"class_list":["post-19679","post","type-post","status-publish","format-standard","has-post-thumbnail","hentry","category-news","category-topnews","tag-geruechte","tag-ipad","tag-ipad-3"],"aioseo_notices":[],"aioseo_head":"\n\t\t<!-- All in One SEO Pro 5.0.1 - aioseo.com -->\n\t<meta name=\"description\" content=\"Neue Ger\u00fcchte: iPad 3 dicker aber Smart-Cover-kompatibel\" \/>\n\t<meta name=\"robots\" content=\"max-image-preview:large\" \/>\n\t<meta name=\"author\" content=\"Chris\"\/>\n\t<meta name=\"google-site-verification\" content=\"uH_IhWlZO-QDb51DGwVoGT_GCZmfJp98klL3XmbE3ow\" \/>\n\t<link rel=\"canonical\" href=\"https:\/\/www.ifun.de\/ipad-3-dicker-smart-cover-passt-19679\/\" \/>\n\t<meta name=\"generator\" content=\"All in One SEO Pro (AIOSEO) 5.0.1\" \/>\n\t\t<meta property=\"og:locale\" content=\"de_DE\" \/>\n\t\t<meta property=\"og:site_name\" content=\"ifun.de | Apple-News seit 2001\" \/>\n\t\t<meta property=\"og:type\" content=\"article\" \/>\n\t\t<meta property=\"og:title\" content=\"Neue Ger\u00fcchte: iPad 3 dicker aber Smart-Cover-kompatibel | ifun.de\" \/>\n\t\t<meta property=\"og:description\" content=\"Neue Ger\u00fcchte: iPad 3 dicker aber Smart-Cover-kompatibel\" \/>\n\t\t<meta property=\"og:url\" content=\"https:\/\/www.ifun.de\/ipad-3-dicker-smart-cover-passt-19679\/\" \/>\n\t\t<meta property=\"article:published_time\" content=\"2011-12-08T07:47:49+00:00\" \/>\n\t\t<meta property=\"article:modified_time\" content=\"2011-12-08T18:06:57+00:00\" \/>\n\t\t<meta property=\"article:publisher\" content=\"https:\/\/facebook.com\/ifun.de\" \/>\n\t\t<meta name=\"twitter:card\" content=\"summary_large_image\" \/>\n\t\t<meta name=\"twitter:site\" content=\"@ifun_news\" \/>\n\t\t<meta name=\"twitter:title\" content=\"Neue Ger\u00fcchte: iPad 3 dicker aber Smart-Cover-kompatibel | ifun.de\" \/>\n\t\t<meta name=\"twitter:description\" content=\"Neue Ger\u00fcchte: iPad 3 dicker aber Smart-Cover-kompatibel\" \/>\n\t\t<meta name=\"twitter:creator\" content=\"@ifun_news\" \/>\n\t\t<script type=\"application\/ld+json\" class=\"aioseo-schema\">\n\t\t\t{\"@context\":\"https:\\\/\\\/schema.org\",\"@graph\":[{\"@type\":\"Article\",\"@id\":\"https:\\\/\\\/www.ifun.de\\\/ipad-3-dicker-smart-cover-passt-19679\\\/#article\",\"name\":\"Neue Ger\\u00fcchte: iPad 3 dicker aber Smart-Cover-kompatibel | ifun.de\",\"headline\":\"Neue Ger\\u00fcchte: iPad 3 dicker aber Smart-Cover-kompatibel\",\"author\":{\"@id\":\"https:\\\/\\\/www.ifun.de\\\/author\\\/chris\\\/#author\"},\"publisher\":{\"@id\":\"https:\\\/\\\/www.ifun.de\\\/#organization\"},\"image\":{\"@type\":\"ImageObject\",\"url\":\"https:\\\/\\\/images.ifun.de\\\/wp-content\\\/uploads\\\/2011\\\/12\\\/ipad-prototyp.jpg\",\"width\":220,\"height\":152},\"datePublished\":\"2011-12-08T08:47:49+01:00\",\"dateModified\":\"2011-12-08T19:06:57+01:00\",\"inLanguage\":\"de-DE\",\"commentCount\":24,\"mainEntityOfPage\":{\"@id\":\"https:\\\/\\\/www.ifun.de\\\/ipad-3-dicker-smart-cover-passt-19679\\\/#webpage\"},\"isPartOf\":{\"@id\":\"https:\\\/\\\/www.ifun.de\\\/ipad-3-dicker-smart-cover-passt-19679\\\/#webpage\"},\"articleSection\":\"News, Topnews, Ger\\u00fcchte, iPad, iPad 3\"},{\"@type\":\"BreadcrumbList\",\"@id\":\"https:\\\/\\\/www.ifun.de\\\/ipad-3-dicker-smart-cover-passt-19679\\\/#breadcrumblist\",\"itemListElement\":[{\"@type\":\"ListItem\",\"@id\":\"https:\\\/\\\/www.ifun.de#listItem\",\"position\":1,\"name\":\"Home\",\"item\":\"https:\\\/\\\/www.ifun.de\",\"nextItem\":{\"@type\":\"ListItem\",\"@id\":\"https:\\\/\\\/www.ifun.de\\\/category\\\/news\\\/#listItem\",\"name\":\"News\"}},{\"@type\":\"ListItem\",\"@id\":\"https:\\\/\\\/www.ifun.de\\\/category\\\/news\\\/#listItem\",\"position\":2,\"name\":\"News\",\"item\":\"https:\\\/\\\/www.ifun.de\\\/category\\\/news\\\/\",\"nextItem\":{\"@type\":\"ListItem\",\"@id\":\"https:\\\/\\\/www.ifun.de\\\/ipad-3-dicker-smart-cover-passt-19679\\\/#listItem\",\"name\":\"Neue Ger\\u00fcchte: iPad 3 dicker aber Smart-Cover-kompatibel\"},\"previousItem\":{\"@type\":\"ListItem\",\"@id\":\"https:\\\/\\\/www.ifun.de#listItem\",\"name\":\"Home\"}},{\"@type\":\"ListItem\",\"@id\":\"https:\\\/\\\/www.ifun.de\\\/ipad-3-dicker-smart-cover-passt-19679\\\/#listItem\",\"position\":3,\"name\":\"Neue Ger\\u00fcchte: iPad 3 dicker aber Smart-Cover-kompatibel\",\"previousItem\":{\"@type\":\"ListItem\",\"@id\":\"https:\\\/\\\/www.ifun.de\\\/category\\\/news\\\/#listItem\",\"name\":\"News\"}}]},{\"@type\":\"Organization\",\"@id\":\"https:\\\/\\\/www.ifun.de\\\/#organization\",\"name\":\"ifun.de\",\"description\":\"Apple-News seit 2001\",\"url\":\"https:\\\/\\\/www.ifun.de\\\/\",\"telephone\":\"+493057707123\",\"logo\":{\"@type\":\"ImageObject\",\"url\":\"https:\\\/\\\/images.ifun.de\\\/wp-content\\\/uploads\\\/2026\\\/02\\\/apple-touch-icon.png\",\"@id\":\"https:\\\/\\\/www.ifun.de\\\/ipad-3-dicker-smart-cover-passt-19679\\\/#organizationLogo\",\"width\":512,\"height\":512,\"caption\":\"Apple Touch Icon\"},\"image\":{\"@id\":\"https:\\\/\\\/www.ifun.de\\\/ipad-3-dicker-smart-cover-passt-19679\\\/#organizationLogo\"},\"sameAs\":[\"https:\\\/\\\/facebook.com\\\/ifun.de\",\"https:\\\/\\\/x.com\\\/ifun_news\"]},{\"@type\":\"Person\",\"@id\":\"https:\\\/\\\/www.ifun.de\\\/author\\\/chris\\\/#author\",\"url\":\"https:\\\/\\\/www.ifun.de\\\/author\\\/chris\\\/\",\"name\":\"Chris\"},{\"@type\":\"WebPage\",\"@id\":\"https:\\\/\\\/www.ifun.de\\\/ipad-3-dicker-smart-cover-passt-19679\\\/#webpage\",\"url\":\"https:\\\/\\\/www.ifun.de\\\/ipad-3-dicker-smart-cover-passt-19679\\\/\",\"name\":\"Neue Ger\\u00fcchte: iPad 3 dicker aber Smart-Cover-kompatibel | ifun.de\",\"description\":\"Neue Ger\\u00fcchte: iPad 3 dicker aber Smart-Cover-kompatibel\",\"inLanguage\":\"de-DE\",\"isPartOf\":{\"@id\":\"https:\\\/\\\/www.ifun.de\\\/#website\"},\"breadcrumb\":{\"@id\":\"https:\\\/\\\/www.ifun.de\\\/ipad-3-dicker-smart-cover-passt-19679\\\/#breadcrumblist\"},\"author\":{\"@id\":\"https:\\\/\\\/www.ifun.de\\\/author\\\/chris\\\/#author\"},\"creator\":{\"@id\":\"https:\\\/\\\/www.ifun.de\\\/author\\\/chris\\\/#author\"},\"image\":{\"@type\":\"ImageObject\",\"url\":\"https:\\\/\\\/images.ifun.de\\\/wp-content\\\/uploads\\\/2011\\\/12\\\/ipad-prototyp.jpg\",\"@id\":\"https:\\\/\\\/www.ifun.de\\\/ipad-3-dicker-smart-cover-passt-19679\\\/#mainImage\",\"width\":220,\"height\":152},\"primaryImageOfPage\":{\"@id\":\"https:\\\/\\\/www.ifun.de\\\/ipad-3-dicker-smart-cover-passt-19679\\\/#mainImage\"},\"datePublished\":\"2011-12-08T08:47:49+01:00\",\"dateModified\":\"2011-12-08T19:06:57+01:00\"},{\"@type\":\"WebSite\",\"@id\":\"https:\\\/\\\/www.ifun.de\\\/#website\",\"url\":\"https:\\\/\\\/www.ifun.de\\\/\",\"name\":\"ifun.de\",\"description\":\"Apple-News seit 2001\",\"inLanguage\":\"de-DE\",\"publisher\":{\"@id\":\"https:\\\/\\\/www.ifun.de\\\/#organization\"}}]}\n\t\t<\/script>\n\t\t<!-- All in One SEO Pro -->\r\n\t\t<title>Neue Ger\u00fcchte: iPad 3 dicker aber Smart-Cover-kompatibel | ifun.de<\/title>\n\n","aioseo_head_json":{"title":"Neue Ger\u00fcchte: iPad 3 dicker aber Smart-Cover-kompatibel | ifun.de","description":"Neue Ger\u00fcchte: iPad 3 dicker aber Smart-Cover-kompatibel","canonical_url":"https:\/\/www.ifun.de\/ipad-3-dicker-smart-cover-passt-19679\/","robots":"max-image-preview:large","keywords":"","webmasterTools":{"google-site-verification":"uH_IhWlZO-QDb51DGwVoGT_GCZmfJp98klL3XmbE3ow","miscellaneous":""},"schema":{"@context":"https:\/\/schema.org","@graph":[{"@type":"Article","@id":"https:\/\/www.ifun.de\/ipad-3-dicker-smart-cover-passt-19679\/#article","name":"Neue Ger\u00fcchte: iPad 3 dicker aber Smart-Cover-kompatibel | ifun.de","headline":"Neue Ger\u00fcchte: iPad 3 dicker aber Smart-Cover-kompatibel","author":{"@id":"https:\/\/www.ifun.de\/author\/chris\/#author"},"publisher":{"@id":"https:\/\/www.ifun.de\/#organization"},"image":{"@type":"ImageObject","url":"https:\/\/images.ifun.de\/wp-content\/uploads\/2011\/12\/ipad-prototyp.jpg","width":220,"height":152},"datePublished":"2011-12-08T08:47:49+01:00","dateModified":"2011-12-08T19:06:57+01:00","inLanguage":"de-DE","commentCount":24,"mainEntityOfPage":{"@id":"https:\/\/www.ifun.de\/ipad-3-dicker-smart-cover-passt-19679\/#webpage"},"isPartOf":{"@id":"https:\/\/www.ifun.de\/ipad-3-dicker-smart-cover-passt-19679\/#webpage"},"articleSection":"News, Topnews, Ger\u00fcchte, iPad, iPad 3"},{"@type":"BreadcrumbList","@id":"https:\/\/www.ifun.de\/ipad-3-dicker-smart-cover-passt-19679\/#breadcrumblist","itemListElement":[{"@type":"ListItem","@id":"https:\/\/www.ifun.de#listItem","position":1,"name":"Home","item":"https:\/\/www.ifun.de","nextItem":{"@type":"ListItem","@id":"https:\/\/www.ifun.de\/category\/news\/#listItem","name":"News"}},{"@type":"ListItem","@id":"https:\/\/www.ifun.de\/category\/news\/#listItem","position":2,"name":"News","item":"https:\/\/www.ifun.de\/category\/news\/","nextItem":{"@type":"ListItem","@id":"https:\/\/www.ifun.de\/ipad-3-dicker-smart-cover-passt-19679\/#listItem","name":"Neue Ger\u00fcchte: iPad 3 dicker aber Smart-Cover-kompatibel"},"previousItem":{"@type":"ListItem","@id":"https:\/\/www.ifun.de#listItem","name":"Home"}},{"@type":"ListItem","@id":"https:\/\/www.ifun.de\/ipad-3-dicker-smart-cover-passt-19679\/#listItem","position":3,"name":"Neue Ger\u00fcchte: iPad 3 dicker aber Smart-Cover-kompatibel","previousItem":{"@type":"ListItem","@id":"https:\/\/www.ifun.de\/category\/news\/#listItem","name":"News"}}]},{"@type":"Organization","@id":"https:\/\/www.ifun.de\/#organization","name":"ifun.de","description":"Apple-News seit 2001","url":"https:\/\/www.ifun.de\/","telephone":"+493057707123","logo":{"@type":"ImageObject","url":"https:\/\/images.ifun.de\/wp-content\/uploads\/2026\/02\/apple-touch-icon.png","@id":"https:\/\/www.ifun.de\/ipad-3-dicker-smart-cover-passt-19679\/#organizationLogo","width":512,"height":512,"caption":"Apple Touch Icon"},"image":{"@id":"https:\/\/www.ifun.de\/ipad-3-dicker-smart-cover-passt-19679\/#organizationLogo"},"sameAs":["https:\/\/facebook.com\/ifun.de","https:\/\/x.com\/ifun_news"]},{"@type":"Person","@id":"https:\/\/www.ifun.de\/author\/chris\/#author","url":"https:\/\/www.ifun.de\/author\/chris\/","name":"Chris"},{"@type":"WebPage","@id":"https:\/\/www.ifun.de\/ipad-3-dicker-smart-cover-passt-19679\/#webpage","url":"https:\/\/www.ifun.de\/ipad-3-dicker-smart-cover-passt-19679\/","name":"Neue Ger\u00fcchte: iPad 3 dicker aber Smart-Cover-kompatibel | ifun.de","description":"Neue Ger\u00fcchte: iPad 3 dicker aber Smart-Cover-kompatibel","inLanguage":"de-DE","isPartOf":{"@id":"https:\/\/www.ifun.de\/#website"},"breadcrumb":{"@id":"https:\/\/www.ifun.de\/ipad-3-dicker-smart-cover-passt-19679\/#breadcrumblist"},"author":{"@id":"https:\/\/www.ifun.de\/author\/chris\/#author"},"creator":{"@id":"https:\/\/www.ifun.de\/author\/chris\/#author"},"image":{"@type":"ImageObject","url":"https:\/\/images.ifun.de\/wp-content\/uploads\/2011\/12\/ipad-prototyp.jpg","@id":"https:\/\/www.ifun.de\/ipad-3-dicker-smart-cover-passt-19679\/#mainImage","width":220,"height":152},"primaryImageOfPage":{"@id":"https:\/\/www.ifun.de\/ipad-3-dicker-smart-cover-passt-19679\/#mainImage"},"datePublished":"2011-12-08T08:47:49+01:00","dateModified":"2011-12-08T19:06:57+01:00"},{"@type":"WebSite","@id":"https:\/\/www.ifun.de\/#website","url":"https:\/\/www.ifun.de\/","name":"ifun.de","description":"Apple-News seit 2001","inLanguage":"de-DE","publisher":{"@id":"https:\/\/www.ifun.de\/#organization"}}]},"og:locale":"de_DE","og:site_name":"ifun.de | Apple-News seit 2001","og:type":"article","og:title":"Neue Ger\u00fcchte: iPad 3 dicker aber Smart-Cover-kompatibel | ifun.de","og:description":"Neue Ger\u00fcchte: iPad 3 dicker aber Smart-Cover-kompatibel","og:url":"https:\/\/www.ifun.de\/ipad-3-dicker-smart-cover-passt-19679\/","article:published_time":"2011-12-08T07:47:49+00:00","article:modified_time":"2011-12-08T18:06:57+00:00","article:publisher":"https:\/\/facebook.com\/ifun.de","twitter:card":"summary_large_image","twitter:site":"@ifun_news","twitter:title":"Neue Ger\u00fcchte: iPad 3 dicker aber Smart-Cover-kompatibel | ifun.de","twitter:description":"Neue Ger\u00fcchte: iPad 3 dicker aber Smart-Cover-kompatibel","twitter:creator":"@ifun_news"},"aioseo_meta_data":{"post_id":"19679","title":null,"description":null,"keywords":null,"keyphrases":null,"primary_term":null,"canonical_url":null,"og_title":null,"og_description":null,"og_object_type":"default","og_image_type":"default","og_image_url":null,"og_image_width":null,"og_image_height":null,"og_image_custom_url":null,"og_image_custom_fields":null,"og_video":null,"og_custom_url":null,"og_article_section":null,"og_article_tags":null,"twitter_use_og":false,"twitter_card":"default","twitter_image_type":"default","twitter_image_url":null,"twitter_image_custom_url":null,"twitter_image_custom_fields":null,"twitter_title":null,"twitter_description":null,"schema":{"blockGraphs":[],"customGraphs":[],"default":{"data":{"Article":[],"Course":[],"Dataset":[],"FAQPage":[],"Movie":[],"Person":[],"Product":[],"ProductReview":[],"Car":[],"Recipe":[],"Service":[],"SoftwareApplication":[],"WebPage":[]},"graphName":"Article","isEnabled":true},"graphs":[]},"schema_type":"default","schema_type_options":null,"pillar_content":false,"robots_default":true,"robots_noindex":false,"robots_noarchive":false,"robots_nosnippet":false,"robots_nofollow":false,"robots_noimageindex":false,"robots_noodp":false,"robots_notranslate":false,"robots_max_snippet":null,"robots_max_videopreview":null,"robots_max_imagepreview":"large","priority":null,"frequency":null,"local_seo":null,"seo_analyzer_scan_date":null,"breadcrumb_settings":null,"limit_modified_date":false,"reviewed_by":null,"open_ai":null,"ai":null,"created":"2026-02-25 23:30:50","updated":"2026-02-25 23:30:50","focus_keyword":null,"additional_keywords":null,"truseo_locale":null},"aioseo_breadcrumb":"<div class=\"aioseo-breadcrumbs\"><span class=\"aioseo-breadcrumb\">\n\t<a href=\"https:\/\/www.ifun.de\" title=\"Home\">Home<\/a>\n<\/span><span class=\"aioseo-breadcrumb-separator\">\u00bb<\/span><span class=\"aioseo-breadcrumb\">\n\t<a href=\"https:\/\/www.ifun.de\/category\/news\/\" title=\"News\">News<\/a>\n<\/span><span class=\"aioseo-breadcrumb-separator\">\u00bb<\/span><span class=\"aioseo-breadcrumb\">\n\tNeue Ger\u00fcchte: iPad 3 dicker aber Smart-Cover-kompatibel\n<\/span><\/div>","aioseo_breadcrumb_json":[{"label":"Home","link":"https:\/\/www.ifun.de"},{"label":"News","link":"https:\/\/www.ifun.de\/category\/news\/"},{"label":"Neue Ger\u00fcchte: iPad 3 dicker aber Smart-Cover-kompatibel","link":"https:\/\/www.ifun.de\/ipad-3-dicker-smart-cover-passt-19679\/"}],"rest_api_enabler":[],"_links":{"self":[{"href":"https:\/\/www.ifun.de\/apiv2\/wp\/v2\/posts\/19679","targetHints":{"allow":["GET"]}}],"collection":[{"href":"https:\/\/www.ifun.de\/apiv2\/wp\/v2\/posts"}],"about":[{"href":"https:\/\/www.ifun.de\/apiv2\/wp\/v2\/types\/post"}],"author":[{"embeddable":true,"href":"https:\/\/www.ifun.de\/apiv2\/wp\/v2\/users\/2"}],"replies":[{"embeddable":true,"href":"https:\/\/www.ifun.de\/apiv2\/wp\/v2\/comments?post=19679"}],"version-history":[{"count":2,"href":"https:\/\/www.ifun.de\/apiv2\/wp\/v2\/posts\/19679\/revisions"}],"predecessor-version":[{"id":19728,"href":"https:\/\/www.ifun.de\/apiv2\/wp\/v2\/posts\/19679\/revisions\/19728"}],"wp:featuredmedia":[{"embeddable":true,"href":"https:\/\/www.ifun.de\/apiv2\/wp\/v2\/media\/19680"}],"wp:attachment":[{"href":"https:\/\/www.ifun.de\/apiv2\/wp\/v2\/media?parent=19679"}],"wp:term":[{"taxonomy":"category","embeddable":true,"href":"https:\/\/www.ifun.de\/apiv2\/wp\/v2\/categories?post=19679"},{"taxonomy":"post_tag","embeddable":true,"href":"https:\/\/www.ifun.de\/apiv2\/wp\/v2\/tags?post=19679"}],"curies":[{"name":"wp","href":"https:\/\/api.w.org\/{rel}","templated":true}]}}