{"id":196726,"date":"2022-10-18T16:55:35","date_gmt":"2022-10-18T14:55:35","guid":{"rendered":"https:\/\/www.ifun.de\/?p=196726"},"modified":"2022-10-19T08:42:14","modified_gmt":"2022-10-19T06:42:14","slug":"apple-stellt-neues-ipad-pro-mit-m2-prozessor-vor","status":"publish","type":"post","link":"https:\/\/www.ifun.de\/apple-stellt-neues-ipad-pro-mit-m2-prozessor-vor-196726\/","title":{"rendered":"Apple stellt neues iPad Pro mit M2-Prozessor vor"},"content":{"rendered":"<p>Apple hat das <a href=\"https:\/\/apple.sjv.io\/ezYjX\">iPad Pro<\/a> \u00fcberarbeitet und bietet die leistungsf\u00e4higste Version seines Tablet-Computers jetzt mit dem neusten hauseigenen M2-Prozessor an. Zudem kommt das Ger\u00e4t mit WLAN 6E an Bord. Das neue iPad Pro l\u00e4sst sich ab sofort bei Apple bestellen und wird vom 26. Oktober an ausgeliefert.<\/p>\n<p><a href=\"https:\/\/images.ifun.de\/wp-content\/uploads\/2022\/10\/ipad-pro.jpg\"><img loading=\"lazy\" decoding=\"async\" src=\"https:\/\/images.ifun.de\/wp-content\/uploads\/2022\/10\/ipad-pro.jpg\" alt=\"Ipad Pro\" width=\"500\" height=\"527\" class=\"alignnone size-full wp-image-196778\" srcset=\"https:\/\/images.ifun.de\/wp-content\/uploads\/2022\/10\/ipad-pro.jpg 1000w, https:\/\/images.ifun.de\/wp-content\/uploads\/2022\/10\/ipad-pro-474x500.jpg 474w, https:\/\/images.ifun.de\/wp-content\/uploads\/2022\/10\/ipad-pro-664x700.jpg 664w, https:\/\/images.ifun.de\/wp-content\/uploads\/2022\/10\/ipad-pro-768x810.jpg 768w\" sizes=\"auto, (max-width: 500px) 100vw, 500px\" \/><\/a><\/p>\n<p>Das iPad Pro ist auch in der neuen Version wieder mit wahlweise 11 Zoll oder 12,9 Zoll Bildschirmgr\u00f6\u00dfe erh\u00e4ltlich. Apple stattet sein Topmodell im Tablet-Segment mit seinem aktuell auch neusten Desktop-Prozessor vom Typ M2 aus. Damit verbunden verspricht der Hersteller ein deutliches Plus an Leistung auch schon gegen\u00fcber den vor anderthalb Jahren und mit dem Vorg\u00e4nger-Prozessor M1 ausgestatteten Vorl\u00e4ufer-Modellen. Apple wirbt hier mit bis zu 15 Prozent mehr Geschwindigkeit gegen\u00fcber dem M1 und einer bis zu 35 Prozent schnelleren Grafikleistung.<\/p>\n<p><a href=\"https:\/\/images.ifun.de\/wp-content\/uploads\/2022\/10\/ipad-pro-2022-funktionen.jpg\"><img loading=\"lazy\" decoding=\"async\" src=\"https:\/\/images.ifun.de\/wp-content\/uploads\/2022\/10\/ipad-pro-2022-funktionen-700x394.jpg\" alt=\"Ipad Pro 2022 Funktionen\" width=\"700\" height=\"394\" class=\"alignnone size-large wp-image-196838\" srcset=\"https:\/\/images.ifun.de\/wp-content\/uploads\/2022\/10\/ipad-pro-2022-funktionen-700x394.jpg 700w, https:\/\/images.ifun.de\/wp-content\/uploads\/2022\/10\/ipad-pro-2022-funktionen-500x281.jpg 500w, https:\/\/images.ifun.de\/wp-content\/uploads\/2022\/10\/ipad-pro-2022-funktionen-768x432.jpg 768w, https:\/\/images.ifun.de\/wp-content\/uploads\/2022\/10\/ipad-pro-2022-funktionen.jpg 1400w\" sizes=\"auto, (max-width: 700px) 100vw, 700px\" \/><\/a><\/p>\n<p>Als neue Funktion im Zusammenspiel mit iPadOS 16.1 bewirbt Apple die sogenannte Schwebefunktion f\u00fcr den Apple Pencil. Der Stift wird bereits mit zw\u00f6lf Millimetern Abstand zum Bildschirm erkannt, sodass man eine Vorschau seiner Aktionen sehen kann, bevor man diese tats\u00e4chlich ausf\u00fchrt.<\/p>\n<p>Die Unterst\u00fctzung von WLAN 6E soll im Zusammenspiel mit kompatiblen Routern f\u00fcr merklichen Geschwindigkeitszuwachs bei drahtlosen Verbindungen sorgen und beispielsweise bis zu doppelt so hohe Download-Geschwindigkeiten als bisher erm\u00f6glichen. Die Cellular-Modelle des iPad Pro unterst\u00fctzen zudem drahtlose Verbindungen \u00fcber 5G.<\/p>\n<p><a href=\"https:\/\/images.ifun.de\/wp-content\/uploads\/2022\/10\/ipad-pro-lifestyle.jpg\"><img loading=\"lazy\" decoding=\"async\" src=\"https:\/\/images.ifun.de\/wp-content\/uploads\/2022\/10\/ipad-pro-lifestyle-700x467.jpg\" alt=\"Ipad Pro Lifestyle\" width=\"700\" height=\"467\" class=\"alignnone size-large wp-image-196779\" srcset=\"https:\/\/images.ifun.de\/wp-content\/uploads\/2022\/10\/ipad-pro-lifestyle-700x467.jpg 700w, https:\/\/images.ifun.de\/wp-content\/uploads\/2022\/10\/ipad-pro-lifestyle-500x333.jpg 500w, https:\/\/images.ifun.de\/wp-content\/uploads\/2022\/10\/ipad-pro-lifestyle-768x512.jpg 768w, https:\/\/images.ifun.de\/wp-content\/uploads\/2022\/10\/ipad-pro-lifestyle.jpg 1400w\" sizes=\"auto, (max-width: 700px) 100vw, 700px\" \/><\/a><\/p>\n<p>Apple bietet das iPad Pro wie gesagt wieder mit zwei verschiedenen Bildschirmgr\u00f6\u00dfen und in den Farben Space Grau und Silber an. Die Preise f\u00fcr das Modell mit einem 11 Zoll gro\u00dfem Display beginnen bei 1.049 Euro, f\u00fcr die 5G-Version muss man mindestens 1.249 Euro anlegen. Mit 12,9 Zoll Bildschirmgr\u00f6\u00dfe ist das iPad Pro zu Preisen ab 1.449 Euro in der WLAN- und 1.649 Euro in der Cellular-Variante zu haben. Als Speicherausstattung kann man jeweils 128 GB, 256 GB, 512 GB, 1 TB oder 2 TB w\u00e4hlen. <\/p>\n<p><img loading=\"lazy\" decoding=\"async\" src=\"https:\/\/vg02.met.vgwort.de\/na\/120f3fadd8b54c11b80bf571832ec5af\" width=\"1\" height=\"1\" no-lazy class=\"tracking\"><\/p>\n","protected":false},"excerpt":{"rendered":"<a href=\"https:\/\/www.ifun.de\/apple-stellt-neues-ipad-pro-mit-m2-prozessor-vor-196726\/\"><img width=\"150\" height=\"150\" src=\"https:\/\/images.ifun.de\/wp-content\/uploads\/2022\/10\/ipad-pro-2021-feature-150x150.jpg\" class=\"alignright tfe wp-post-image\" alt=\"Ipad Pro 2021 Feature\" decoding=\"async\" loading=\"lazy\" \/><\/a><p>Apple hat das iPad Pro \u00fcberarbeitet und bietet die leistungsf\u00e4higste Version seines Tablet-Computers jetzt mit dem neusten hauseigenen M2-Prozessor an. Zudem kommt das Ger\u00e4t mit WLAN 6E an Bord. Das neue iPad Pro l\u00e4sst sich ab sofort bei Apple bestellen und wird vom 26. Oktober an ausgeliefert. Das iPad Pro ist auch in der neuen [&hellip;]<\/p>\n","protected":false},"author":2,"featured_media":196729,"comment_status":"open","ping_status":"closed","sticky":false,"template":"","format":"standard","meta":{"_acf_changed":false,"footnotes":""},"categories":[10,1783],"tags":[2486,5739],"class_list":["post-196726","post","type-post","status-publish","format-standard","has-post-thumbnail","hentry","category-ipad","category-feature","tag-ipad-pro","tag-m2-prozessor"],"acf":[],"aioseo_notices":[],"featured_image":["https:\/\/images.ifun.de\/wp-content\/uploads\/2022\/10\/ipad-pro-feature.jpg"],"subheadline":["Neue Modelle mit 11\" und 12,9\""],"rest_api_enabler":{"featured_image":"https:\/\/images.ifun.de\/wp-content\/uploads\/2022\/10\/ipad-pro-feature.jpg","subheadline":"Neue Modelle mit 11\" und 12,9\""},"_links":{"self":[{"href":"https:\/\/www.ifun.de\/apiv2\/wp\/v2\/posts\/196726","targetHints":{"allow":["GET"]}}],"collection":[{"href":"https:\/\/www.ifun.de\/apiv2\/wp\/v2\/posts"}],"about":[{"href":"https:\/\/www.ifun.de\/apiv2\/wp\/v2\/types\/post"}],"author":[{"embeddable":true,"href":"https:\/\/www.ifun.de\/apiv2\/wp\/v2\/users\/2"}],"replies":[{"embeddable":true,"href":"https:\/\/www.ifun.de\/apiv2\/wp\/v2\/comments?post=196726"}],"version-history":[{"count":12,"href":"https:\/\/www.ifun.de\/apiv2\/wp\/v2\/posts\/196726\/revisions"}],"predecessor-version":[{"id":196844,"href":"https:\/\/www.ifun.de\/apiv2\/wp\/v2\/posts\/196726\/revisions\/196844"}],"wp:featuredmedia":[{"embeddable":true,"href":"https:\/\/www.ifun.de\/apiv2\/wp\/v2\/media\/196729"}],"wp:attachment":[{"href":"https:\/\/www.ifun.de\/apiv2\/wp\/v2\/media?parent=196726"}],"wp:term":[{"taxonomy":"category","embeddable":true,"href":"https:\/\/www.ifun.de\/apiv2\/wp\/v2\/categories?post=196726"},{"taxonomy":"post_tag","embeddable":true,"href":"https:\/\/www.ifun.de\/apiv2\/wp\/v2\/tags?post=196726"}],"curies":[{"name":"wp","href":"https:\/\/api.w.org\/{rel}","templated":true}]}}