{"id":196712,"date":"2022-10-18T11:56:30","date_gmt":"2022-10-18T09:56:30","guid":{"rendered":"https:\/\/www.ifun.de\/?p=196712"},"modified":"2022-10-18T11:56:59","modified_gmt":"2022-10-18T09:56:59","slug":"zuckerberg-whatsapp-viel-privater-und-sicherer-als-imessage","status":"publish","type":"post","link":"https:\/\/www.ifun.de\/zuckerberg-whatsapp-viel-privater-und-sicherer-als-imessage-196712\/","title":{"rendered":"Zuckerberg: &#8222;WhatsApp viel privater und sicherer als iMessage&#8220;"},"content":{"rendered":"<p>Der Facebook-Gr\u00fcnder und Meta-CEO Mark Zuckerberg hat den zum Meta-Konzern geh\u00f6renden Kurznachrichten-Messenger WhatsApp als &#8222;viel privater und sicherer&#8220; als Apples iMessage-Konkurrenz bezeichnet und diese Meinung <a href=\"https:\/\/www.instagram.com\/p\/Cj0Tyr6Lh1u\">in einen Eintrag<\/a> auf der ebenfalls zum hauseigenen Social-Media-Angebot z\u00e4hlenden Foto-Plattform Instagram festgehalten.<\/p>\n<p><a href=\"https:\/\/images.ifun.de\/wp-content\/uploads\/2022\/10\/plakatwerbung-whatsapp.jpg\"><img loading=\"lazy\" decoding=\"async\" class=\"aligncenter size-medium wp-image-196715\" src=\"https:\/\/images.ifun.de\/wp-content\/uploads\/2022\/10\/plakatwerbung-whatsapp-500x500.jpg\" alt=\"Plakatwerbung Whatsapp\" width=\"500\" height=\"500\" srcset=\"https:\/\/images.ifun.de\/wp-content\/uploads\/2022\/10\/plakatwerbung-whatsapp-500x500.jpg 500w, https:\/\/images.ifun.de\/wp-content\/uploads\/2022\/10\/plakatwerbung-whatsapp-700x700.jpg 700w, https:\/\/images.ifun.de\/wp-content\/uploads\/2022\/10\/plakatwerbung-whatsapp-150x150.jpg 150w, https:\/\/images.ifun.de\/wp-content\/uploads\/2022\/10\/plakatwerbung-whatsapp-768x768.jpg 768w, https:\/\/images.ifun.de\/wp-content\/uploads\/2022\/10\/plakatwerbung-whatsapp.jpg 987w\" sizes=\"auto, (max-width: 500px) 100vw, 500px\" \/><\/a><\/p>\n<p>Neben dem Foto einer WhatsApp-Plakatwerbung \u00fcber dem Bahnhofseingang der &#8222;Pennsylvania Station&#8220; konstatierte der US-amerikanische Unternehmer, dass WhatsApp nicht nur eine Ende-zu-Ende-Verschl\u00fcsselung mitbringen, sondern auch den Einsatz auf iOS und Android zulassen w\u00fcrde &#8211; plattform\u00fcbergreifende Gruppenchats inklusive.<\/p>\n<p>Zudem erg\u00e4nzt der Unternehmer, dass WhatsApp-Nutzer Chats auch einfach wieder verschwinden lassen k\u00f6nnten und man erst im vergangenen Jahr die M\u00f6glichkeit eingef\u00fchrt habe, Ende-zu-Ende-verschl\u00fcsselte Backups zu erstellen. Alles Funktionen, die Apples iMessage noch nicht anbieten w\u00fcrde.<\/p>\n<h2>Der Facebook-Chef hat einen Punkt<\/h2>\n<p>Der Vorstandsvorsitzender des Meta-Konzerns legt seinen Finger damit in eine schon l\u00e4nger schmerzende Wunde: Apples Umgang mit der Nachrichten-Verschl\u00fcsselung auf der eigenen Plattform.<\/p>\n<ul>\n<li><strong>iCloud-Backups:<\/strong> <a href=\"https:\/\/www.iphone-ticker.de\/apple-sicherheitsbericht-icloud-backups-weiterhin-nicht-ende-zu-ende-verschluesselt-170479\/\">Weiterhin nicht Ende-zu-Ende verschl\u00fcsselt<\/a><\/li>\n<\/ul>\n<p>So sind die \u00fcber iMessage ausgetauschten Kurznachrichten auf dem Transportweg zwar ebenfalls verschl\u00fcsselt, sobald ein Teilnehmer der Konversation jedoch Apples iCloud Backup nutzt, landet der Schl\u00fcssel in der Datensicherung auf die Apple und damit auch staatliche Akteure grunds\u00e4tzlich zugreifen k\u00f6nnen.<\/p>\n<p>Medienberichten zu Folge soll Apple auf Druck des FBI davon abgesehen haben vollverschl\u00fcsselte iCloud-Backups anzubieten. Einem entsprechenden Bericht der Nachrichtenagentur Reuters vom Januar 2020 hat Apple bis heute nicht widersprochen.<\/p>\n<ul>\n<li><strong>Auf Druck des FBI:<\/strong> <a href=\"https:\/\/www.iphone-ticker.de\/auf-druck-des-fbi-apple-icloud-backups-ohne-vollverschluesselung-152393\/\">iCloud-Backups ohne Vollverschl\u00fcsselung<\/a><\/li>\n<\/ul>\n<p>Hinweise auf den so m\u00f6glichen iMessage-Zugriff finden sich zudem <a href=\"https:\/\/www.iphone-ticker.de\/fbi-dokument-diese-daten-geben-imessage-whatsapp-und-co-preis-183234\/\">in FBI-Dokumenten<\/a>, die im Dezember 2021 \u00f6ffentlich gemacht wurden.<\/p>\n<p><img loading=\"lazy\" decoding=\"async\" src=\"https:\/\/vg02.met.vgwort.de\/na\/8e65fd0c5c12477d92ae908d3072c192\" width=\"1\" height=\"1\" no-lazy class=\"tracking\"><\/p>\n","protected":false},"excerpt":{"rendered":"<a href=\"https:\/\/www.ifun.de\/zuckerberg-whatsapp-viel-privater-und-sicherer-als-imessage-196712\/\"><img width=\"150\" height=\"150\" src=\"https:\/\/images.ifun.de\/wp-content\/uploads\/2022\/10\/plakatwerbung-whatsapp-150x150.jpg\" class=\"alignright tfe wp-post-image\" alt=\"Plakatwerbung Whatsapp\" decoding=\"async\" loading=\"lazy\" srcset=\"https:\/\/images.ifun.de\/wp-content\/uploads\/2022\/10\/plakatwerbung-whatsapp-150x150.jpg 150w, https:\/\/images.ifun.de\/wp-content\/uploads\/2022\/10\/plakatwerbung-whatsapp-500x500.jpg 500w, https:\/\/images.ifun.de\/wp-content\/uploads\/2022\/10\/plakatwerbung-whatsapp-700x700.jpg 700w, https:\/\/images.ifun.de\/wp-content\/uploads\/2022\/10\/plakatwerbung-whatsapp-768x768.jpg 768w, https:\/\/images.ifun.de\/wp-content\/uploads\/2022\/10\/plakatwerbung-whatsapp.jpg 987w\" sizes=\"auto, (max-width: 150px) 100vw, 150px\" \/><\/a><p>Der Facebook-Gr\u00fcnder und Meta-CEO Mark Zuckerberg hat den zum Meta-Konzern geh\u00f6renden Kurznachrichten-Messenger WhatsApp als &#8222;viel privater und sicherer&#8220; als Apples iMessage-Konkurrenz bezeichnet und diese Meinung in einen Eintrag auf der ebenfalls zum hauseigenen Social-Media-Angebot z\u00e4hlenden Foto-Plattform Instagram festgehalten. Neben dem Foto einer WhatsApp-Plakatwerbung \u00fcber dem Bahnhofseingang der &#8222;Pennsylvania Station&#8220; konstatierte der US-amerikanische Unternehmer, dass WhatsApp [&hellip;]<\/p>\n","protected":false},"author":1,"featured_media":196715,"comment_status":"open","ping_status":"closed","sticky":false,"template":"","format":"standard","meta":{"_acf_changed":false,"footnotes":""},"categories":[1],"tags":[990,460,88,92],"class_list":["post-196712","post","type-post","status-publish","format-standard","has-post-thumbnail","hentry","category-news","tag-datenschutz","tag-imessage","tag-security","tag-sicherheit"],"acf":[],"aioseo_notices":[],"subheadline":["Der Facebook-Chef hat einen Punkt"],"featured_image":["https:\/\/images.ifun.de\/wp-content\/uploads\/2022\/10\/bubble-privat-zuckerberg.jpg"],"rest_api_enabler":{"subheadline":"Der Facebook-Chef hat einen Punkt","featured_image":"https:\/\/images.ifun.de\/wp-content\/uploads\/2022\/10\/bubble-privat-zuckerberg.jpg"},"_links":{"self":[{"href":"https:\/\/www.ifun.de\/apiv2\/wp\/v2\/posts\/196712","targetHints":{"allow":["GET"]}}],"collection":[{"href":"https:\/\/www.ifun.de\/apiv2\/wp\/v2\/posts"}],"about":[{"href":"https:\/\/www.ifun.de\/apiv2\/wp\/v2\/types\/post"}],"author":[{"embeddable":true,"href":"https:\/\/www.ifun.de\/apiv2\/wp\/v2\/users\/1"}],"replies":[{"embeddable":true,"href":"https:\/\/www.ifun.de\/apiv2\/wp\/v2\/comments?post=196712"}],"version-history":[{"count":2,"href":"https:\/\/www.ifun.de\/apiv2\/wp\/v2\/posts\/196712\/revisions"}],"predecessor-version":[{"id":196716,"href":"https:\/\/www.ifun.de\/apiv2\/wp\/v2\/posts\/196712\/revisions\/196716"}],"wp:featuredmedia":[{"embeddable":true,"href":"https:\/\/www.ifun.de\/apiv2\/wp\/v2\/media\/196715"}],"wp:attachment":[{"href":"https:\/\/www.ifun.de\/apiv2\/wp\/v2\/media?parent=196712"}],"wp:term":[{"taxonomy":"category","embeddable":true,"href":"https:\/\/www.ifun.de\/apiv2\/wp\/v2\/categories?post=196712"},{"taxonomy":"post_tag","embeddable":true,"href":"https:\/\/www.ifun.de\/apiv2\/wp\/v2\/tags?post=196712"}],"curies":[{"name":"wp","href":"https:\/\/api.w.org\/{rel}","templated":true}]}}