{"id":196451,"date":"2022-10-12T19:47:31","date_gmt":"2022-10-12T17:47:31","guid":{"rendered":"https:\/\/www.ifun.de\/?p=196451"},"modified":"2022-10-12T19:50:09","modified_gmt":"2022-10-12T17:50:09","slug":"apple-tv-demnaechst-angeblich-mit-werbefinanzierter-variante","status":"publish","type":"post","link":"https:\/\/www.ifun.de\/apple-tv-demnaechst-angeblich-mit-werbefinanzierter-variante-196451\/","title":{"rendered":"Apple TV+ demn\u00e4chst angeblich mit werbefinanzierter Variante"},"content":{"rendered":"<p>Apple plant angeblich, seine Videoinhalte mithilfe von Werbeeinblendungen zus\u00e4tzlich zu monetarisieren. Das Magazin <a href=\"https:\/\/digiday.com\/media\/apple-is-quietly-pushing-a-tv-ad-product-with-media-agencies\/\">Digiday<\/a> berichtet, dass das Unternehmen und allem voran der f\u00fcr Apples Werbegesch\u00e4fte zust\u00e4ndige Manager Todd Teresi bereits verschiedene potenzielle Kunden abgeklappert h\u00e4tte, um sich die ersten Vertr\u00e4ge diesbez\u00fcglich zu sichern.<\/p>\n<p><a href=\"https:\/\/images.ifun.de\/wp-content\/uploads\/2022\/10\/cook-apple-tv-plus.jpg\"><img loading=\"lazy\" decoding=\"async\" src=\"https:\/\/images.ifun.de\/wp-content\/uploads\/2022\/10\/cook-apple-tv-plus-500x270.jpg\" alt=\"Cook Apple Tv Plus\" width=\"500\" height=\"270\" class=\"alignnone size-medium wp-image-196453\" srcset=\"https:\/\/images.ifun.de\/wp-content\/uploads\/2022\/10\/cook-apple-tv-plus-500x270.jpg 500w, https:\/\/images.ifun.de\/wp-content\/uploads\/2022\/10\/cook-apple-tv-plus.jpg 700w\" sizes=\"auto, (max-width: 500px) 100vw, 500px\" \/><\/a><\/p>\n<p>Wie es scheint, ist Apple damit verbunden daran gelegen, eine eigene sogenannte Demand Side Platform (DSP) einzuf\u00fchren, \u00fcber die Agenturen dann im Bietverfahren verf\u00fcgbare Werbepl\u00e4tze belegen k\u00f6nnen. Die Frage sei weniger ob, sondern wann Apple mit dem neuen Wirtschaftsmodell starten werde. Indirekt lie\u00dfe sich aus den \u00c4u\u00dferungen im Rahmen der Verhandlungen entnehmen, dass Anfang 2023 als realistischer Zeitpunkt anzusehen w\u00e4re. Apple habe gesagt, die Agenturen sollen gegen Jahresende damit beginnen, entsprechende Mittel aus den Werbeetats ihrer Kunden zur\u00fcckzuhalten.<\/p>\n<h2>Werbefinanzierte Version von Apple TV+<\/h2>\n<p>Von besonderem Interesse in diesem Zusammenhang ist vor allem die Tatsache, dass Apple die Werbeausstrahlungen wohl nicht im Rahmen der regul\u00e4ren Abonnements von Apple TV+ plant, sondern eher die alternative Option anbieten wird, Inhalte aus Apple TV+ kostenlos aber daf\u00fcr von Werbeclips unterbrochen anzusehen. Einen vergleichbaren Weg geht ja bereits Amazon mit FreeVee, Netflix wird in K\u00fcrze ebenfalls etwas in dieser Richtung starten und im Bereich der Musikdienste ist dergleichen ja schon seit Jahren mehr oder weniger Standard.<\/p>\n<p>Apple k\u00f6nnte eine \u00fcber Werbung finanzierte Variante von Apple TV+ gleicherma\u00dfen als M\u00f6glichkeit sehen, mehr Einnahmen im Gesch\u00e4ftsbereich Services zu generieren, dar\u00fcber hinaus aber auch neue Kunden anzulocken, die sp\u00e4ter dann m\u00f6glicherweise auf ein kostenpflichtiges Abo wechseln.<\/p>\n<p>Apple TV+ wird schon von Beginn an unter starker Mitwirkung von Werbeaktionen aufgebaut, so erh\u00e4lt man beispielsweise weiterhin beim Neukauf verschiedener Apple-Ger\u00e4te drei Monate lang kostenlosen Zugriff, allerdings nur dann, wenn man zuvor nicht schon von dieser Option Gebrauch gemacht hat.<img loading=\"lazy\" decoding=\"async\" src=\"https:\/\/vg02.met.vgwort.de\/na\/67443227a65d4a17a0f9e5f29927e85b\" width=\"1\" height=\"1\" no-lazy class=\"tracking\"><\/p>\n","protected":false},"excerpt":{"rendered":"<a href=\"https:\/\/www.ifun.de\/apple-tv-demnaechst-angeblich-mit-werbefinanzierter-variante-196451\/\"><img width=\"150\" height=\"150\" src=\"https:\/\/images.ifun.de\/wp-content\/uploads\/2022\/10\/cook-apple-tv-plus-150x150.jpg\" class=\"alignright tfe wp-post-image\" alt=\"Cook Apple Tv Plus\" decoding=\"async\" loading=\"lazy\" \/><\/a><p>Apple plant angeblich, seine Videoinhalte mithilfe von Werbeeinblendungen zus\u00e4tzlich zu monetarisieren. Das Magazin Digiday berichtet, dass das Unternehmen und allem voran der f\u00fcr Apples Werbegesch\u00e4fte zust\u00e4ndige Manager Todd Teresi bereits verschiedene potenzielle Kunden abgeklappert h\u00e4tte, um sich die ersten Vertr\u00e4ge diesbez\u00fcglich zu sichern. Wie es scheint, ist Apple damit verbunden daran gelegen, eine eigene sogenannte [&hellip;]<\/p>\n","protected":false},"author":2,"featured_media":196453,"comment_status":"open","ping_status":"closed","sticky":false,"template":"","format":"standard","meta":{"_acf_changed":false,"footnotes":""},"categories":[1],"tags":[26,30],"class_list":["post-196451","post","type-post","status-publish","format-standard","has-post-thumbnail","hentry","category-news","tag-apple-tv","tag-werbung"],"acf":[],"aioseo_notices":[],"subheadline":["Werbekunden gesucht"],"featured_image":["https:\/\/images.ifun.de\/wp-content\/uploads\/2021\/06\/apple-tv-plus-feature.jpg"],"rest_api_enabler":{"subheadline":"Werbekunden gesucht","featured_image":"https:\/\/images.ifun.de\/wp-content\/uploads\/2021\/06\/apple-tv-plus-feature.jpg"},"_links":{"self":[{"href":"https:\/\/www.ifun.de\/apiv2\/wp\/v2\/posts\/196451","targetHints":{"allow":["GET"]}}],"collection":[{"href":"https:\/\/www.ifun.de\/apiv2\/wp\/v2\/posts"}],"about":[{"href":"https:\/\/www.ifun.de\/apiv2\/wp\/v2\/types\/post"}],"author":[{"embeddable":true,"href":"https:\/\/www.ifun.de\/apiv2\/wp\/v2\/users\/2"}],"replies":[{"embeddable":true,"href":"https:\/\/www.ifun.de\/apiv2\/wp\/v2\/comments?post=196451"}],"version-history":[{"count":6,"href":"https:\/\/www.ifun.de\/apiv2\/wp\/v2\/posts\/196451\/revisions"}],"predecessor-version":[{"id":196463,"href":"https:\/\/www.ifun.de\/apiv2\/wp\/v2\/posts\/196451\/revisions\/196463"}],"wp:featuredmedia":[{"embeddable":true,"href":"https:\/\/www.ifun.de\/apiv2\/wp\/v2\/media\/196453"}],"wp:attachment":[{"href":"https:\/\/www.ifun.de\/apiv2\/wp\/v2\/media?parent=196451"}],"wp:term":[{"taxonomy":"category","embeddable":true,"href":"https:\/\/www.ifun.de\/apiv2\/wp\/v2\/categories?post=196451"},{"taxonomy":"post_tag","embeddable":true,"href":"https:\/\/www.ifun.de\/apiv2\/wp\/v2\/tags?post=196451"}],"curies":[{"name":"wp","href":"https:\/\/api.w.org\/{rel}","templated":true}]}}