{"id":194313,"date":"2022-09-08T09:46:26","date_gmt":"2022-09-08T07:46:26","guid":{"rendered":"https:\/\/www.ifun.de\/?p=194313"},"modified":"2022-09-08T09:46:26","modified_gmt":"2022-09-08T07:46:26","slug":"airpods-pro-2-neue-funktionen-und-viele-offene-fragen","status":"publish","type":"post","link":"https:\/\/www.ifun.de\/airpods-pro-2-neue-funktionen-und-viele-offene-fragen-194313\/","title":{"rendered":"AirPods Pro 2: Neue Funktionen und viele offene Fragen"},"content":{"rendered":"<p>Mit der gestrigen Ank\u00fcndigung der <a href=\"https:\/\/apple.sjv.io\/7mgvzV\">neuen AirPods Pro 2<\/a> hat Apple die teuersten Ohrh\u00f6rer im eigenen Portfolio nach drei Jahren am Markt nun erstmals \u00fcberarbeitet und um nette Zusatzfunktionen wie eine ber\u00fchrungsempfindliche Lautst\u00e4rkesteuerung und die M\u00f6glichkeit erg\u00e4nzt, das AirPods-Case mit dem Ladekabel der Apple Watch aufzuladen.<\/p>\n<p><a href=\"https:\/\/images.ifun.de\/wp-content\/uploads\/2022\/09\/airpods-pro-2.jpg\"><img loading=\"lazy\" decoding=\"async\" class=\"aligncenter size-medium wp-image-194315\" src=\"https:\/\/images.ifun.de\/wp-content\/uploads\/2022\/09\/airpods-pro-2-500x500.jpg\" alt=\"Airpods Pro 2\" width=\"500\" height=\"500\" srcset=\"https:\/\/images.ifun.de\/wp-content\/uploads\/2022\/09\/airpods-pro-2-500x500.jpg 500w, https:\/\/images.ifun.de\/wp-content\/uploads\/2022\/09\/airpods-pro-2-700x700.jpg 700w, https:\/\/images.ifun.de\/wp-content\/uploads\/2022\/09\/airpods-pro-2-150x150.jpg 150w, https:\/\/images.ifun.de\/wp-content\/uploads\/2022\/09\/airpods-pro-2-768x768.jpg 768w, https:\/\/images.ifun.de\/wp-content\/uploads\/2022\/09\/airpods-pro-2.jpg 1144w\" sizes=\"auto, (max-width: 500px) 100vw, 500px\" \/><\/a><\/p>\n<p>Zeitgleich wirft die Pr\u00e4sentation der neuen Ohrh\u00f6rer eine Handvoll Fragen auf, die sich aktuell noch nicht beantworten lassen.<\/p>\n<h2>Apple Music Lossless?<\/h2>\n<p>Unklar ist etwa wie es um die Unterst\u00fctzung der verlustfreien Musikwiedergabe bestellt ist. Allem Anschein nach sind die neuen AirPods Pro 2 nicht in der Lage Apple Music Lossless wiederzugeben. Zwar hat Apple <a href=\"https:\/\/support.apple.com\/de-de\/HT212183\">die entsprechenden Hilfedokumente<\/a> noch nicht aktualisiert, f\u00fchrt andererseits jedoch auch nirgends eine neue Unterst\u00fctzung  an.<\/p>\n<h2>Bluetooth 5.3! Bluetooth LE?<\/h2>\n<p>In Sachen Funkstandard verstehen sich die neuen AirPods Pro auf die aktuellste Bluetooth-Implementierung Bluetooth 5.3, dies geht aus den <a href=\"https:\/\/www.apple.com\/de\/airpods-pro\/specs\/\">technischen Daten der AirPods Pro 2<\/a> eindeutig hervor. Nicht genannt wird hingegen die <a href=\"https:\/\/www.iphone-ticker.de\/airpods-wohl-mit-auracast-neuer-bluetooth-standard-steht-194452\/\">Unterst\u00fctzung von LE Audio<\/a>. Der recht junge Standard der Bluetooth Special Interest Group w\u00fcrde Massen-\u00dcbertragungen von einem Sender an nahezu beliebig viele Ohrh\u00f6rer erm\u00f6glichen, wird von Apple derzeit aber noch nicht angef\u00fchrt.<\/p>\n<p>https:\/\/www.youtube.com\/watch?v=TBTgQbjRsqg<\/p>\n<h2>AirPods 3 werden teurer<\/h2>\n<p>Was Apple klar formuliert ist hingegen eine Preiserh\u00f6hung im Kopfh\u00f6rer-Portfolio. Nicht nur die mit 299 Euro ausgezeichneten <a href=\"https:\/\/apple.sjv.io\/7mgvzV\">AirPods Pro 2<\/a> kosten gegen\u00fcber der Vorg\u00e4nger-Generation 20 Euro mehr. Im gleichen Atemzug hat Apple auch den <a href=\"https:\/\/apple.sjv.io\/qndaYq\">Verkaufspreis der AirPods 3<\/a> nach oben korrigiert.<\/p>\n<p>Statt wie bislang zu Preisen ab 199 Euro angeboten zu werden, kosten die <a href=\"https:\/\/apple.sjv.io\/qndaYq\">AirPods 3 jetzt ab 209 Euro<\/a>. Das Modell mit MagSafe Ladecase ist f\u00fcr 219 Euro erh\u00e4ltlich. Bei Amazon gibt es die AirPods 3 derzeit f\u00fcr nur 172,95 Euro.<\/p>\n<script>\r\n  function open_amazon(link) {\r\n    if (navigator.userAgent.indexOf(\"Firefox\") != -1) {\r\n      window.open(link, '_blank');\r\n    } else {\r\n      var tag = document.createElement('a');\r\n      tag.setAttribute('href', link);\r\n      tag.innerHTML = \"amzn\";\r\n      tag.click();\r\n    }\r\n  }\r\n<\/script>\r\n    <div id=\"article-single-amazon-preview\" onclick=\"return open_amazon('https:\/\/www.amazon.de\/dp\/B09JQQDLXF?tag=musicweb02&linkCode=ogi&th=1&psc=1');\">\n  <div id=\"article-single-amazon-preview-header\">\n    <span class=\"title\">Produkthinweis<\/span>\n      <\/div>\n  <div id=\"article-single-amazon-preview-content\">\n    <div id=\"article-single-amazon-preview-img\" style=\"background: url('https:\/\/m.media-amazon.com\/images\/I\/31oILkQ4nkL.jpg') center center no-repeat; background-size: cover;\"><\/div>\n    <div id=\"article-single-amazon-preview-desc\">\n      <span class=\"bezeichnung\"><a href=\"https:\/\/www.amazon.de\/dp\/B09JQQDLXF?tag=musicweb02&linkCode=ogi&th=1&psc=1\" style=\"text-decoration: none; border-bottom: 0px; box-shadow: none;\">Apple AirPods (3. Generation) mit MagSafe Ladecase (2022)<\/a><\/span>\n      <span class=\"preis--aktuell\">172,95 EUR<\/span>\n      <span class=\"preis--alt\"><\/span>\n    <\/div>\n  <\/div>\n<\/div>\n<h2>Die wichtigsten Neuerungen<\/h2>\n<p>Apples Pressemitteilung zu den neuen AirPods Pro 2 f\u00fchrt als wichtigste Funktionen unter anderem die folgenden an:<\/p>\n<blockquote>\n<ul>\n<li><strong>Komfortfunktionen:<\/strong> Nutzer:innen k\u00f6nnen die Wiedergabe und Lautst\u00e4rke ab sofort ohne ein weiteres Ger\u00e4t kontrollieren. Dank Touch Steuerung auf den AirPods Pro kann man durch ein einfaches Streichen nach oben oder unten \u00fcber den Schaft schnell die Lautst\u00e4rke regulieren. Ein Druck am unteren Ende der AirPods Pro reicht aus, um das Lied zu wechseln, einen Anruf anzunehmen und mehr oder man sagt \u201eHey Siri\u201c, um sie nur mit der Stimme zu steuern. Der verbesserte, integrierte Erkennungssensor der Haut startet und pausiert die Wiedergabe genauer und sorgt f\u00fcr eine bessere Batterielaufzeit.<\/li>\n<li><strong>L\u00e4ngere Batterielaufzeit<\/strong>: Die AirPods Pro bieten im Vergleich zur ersten Generation zus\u00e4tzliche 1,5 Stunden Wiedergabezeit, f\u00fcr insgesamt bis zu sechs Stunden mit Aktiver Ger\u00e4uschunterdr\u00fcckung Verwendet man das Case f\u00fcr vier weiteren Ladungen, k\u00f6nnen Nutzer:innen bis zu 30 Stunden Wiedergabezeit mit Aktiver Ger\u00e4uschunterdr\u00fcckung genie\u00dfen \u2013 das sind volle sechs Stunden mehr als bei der vorherigen Generation.<\/li>\n<li><strong>Komplett neues Ladecase<\/strong>: Die AirPods Pro kommen mit einem neu designten Ladecase, das vor Schwei\u00df und Wasser gesch\u00fctzt ist und f\u00fcr das es auch ein Lanyard mit Schlaufe gibt, sodass man es immer griffbereit hat. Mithilfe von Genaue Suche haben Nutzer:innen eines iPhone mit U1 Chip die M\u00f6glichkeit den Ort des Ladecases zu bestimmen und sich dorthin f\u00fchren zu lassen. Das Ladecase verf\u00fcgt au\u00dferdem \u00fcber einen integrierten Lautsprecher, der lautere T\u00f6ne abspielt, um es noch leichter zu finden.<\/li>\n<\/ul>\n<\/blockquote>\n<p>Die neuen AirPods Pro 2 gehen an diesem Freitag in den Verkauf.<\/p>\n<p><img loading=\"lazy\" decoding=\"async\" src=\"https:\/\/vg05.met.vgwort.de\/na\/5d55c5f4b3fa4446b03cc109218120bd\" width=\"1\" height=\"1\" no-lazy class=\"tracking\"><\/p>\n","protected":false},"excerpt":{"rendered":"<a href=\"https:\/\/www.ifun.de\/airpods-pro-2-neue-funktionen-und-viele-offene-fragen-194313\/\"><img width=\"150\" height=\"150\" src=\"https:\/\/images.ifun.de\/wp-content\/uploads\/2022\/09\/airpods-pro-2-feature-150x150.jpg\" class=\"alignright tfe wp-post-image\" alt=\"Airpods Pro 2 Feature\" decoding=\"async\" loading=\"lazy\" \/><\/a><p>Mit der gestrigen Ank\u00fcndigung der neuen AirPods Pro 2 hat Apple die teuersten Ohrh\u00f6rer im eigenen Portfolio nach drei Jahren am Markt nun erstmals \u00fcberarbeitet und um nette Zusatzfunktionen wie eine ber\u00fchrungsempfindliche Lautst\u00e4rkesteuerung und die M\u00f6glichkeit erg\u00e4nzt, das AirPods-Case mit dem Ladekabel der Apple Watch aufzuladen. Zeitgleich wirft die Pr\u00e4sentation der neuen Ohrh\u00f6rer eine Handvoll [&hellip;]<\/p>\n","protected":false},"author":1,"featured_media":194316,"comment_status":"open","ping_status":"closed","sticky":false,"template":"","format":"standard","meta":{"_acf_changed":false,"footnotes":""},"categories":[1],"tags":[4706],"class_list":["post-194313","post","type-post","status-publish","format-standard","has-post-thumbnail","hentry","category-news","tag-airpods-pro"],"acf":[],"aioseo_notices":[],"subheadline":["Auch AirPods 3 werden teurer","Auch AirPods 3 werden teurer"],"featured_image":["https:\/\/images.ifun.de\/wp-content\/uploads\/2022\/09\/airpods-pro-2-feature.jpg"],"rest_api_enabler":{"subheadline":["Auch AirPods 3 werden teurer","Auch AirPods 3 werden teurer"],"featured_image":"https:\/\/images.ifun.de\/wp-content\/uploads\/2022\/09\/airpods-pro-2-feature.jpg"},"_links":{"self":[{"href":"https:\/\/www.ifun.de\/apiv2\/wp\/v2\/posts\/194313","targetHints":{"allow":["GET"]}}],"collection":[{"href":"https:\/\/www.ifun.de\/apiv2\/wp\/v2\/posts"}],"about":[{"href":"https:\/\/www.ifun.de\/apiv2\/wp\/v2\/types\/post"}],"author":[{"embeddable":true,"href":"https:\/\/www.ifun.de\/apiv2\/wp\/v2\/users\/1"}],"replies":[{"embeddable":true,"href":"https:\/\/www.ifun.de\/apiv2\/wp\/v2\/comments?post=194313"}],"version-history":[{"count":2,"href":"https:\/\/www.ifun.de\/apiv2\/wp\/v2\/posts\/194313\/revisions"}],"predecessor-version":[{"id":194317,"href":"https:\/\/www.ifun.de\/apiv2\/wp\/v2\/posts\/194313\/revisions\/194317"}],"wp:featuredmedia":[{"embeddable":true,"href":"https:\/\/www.ifun.de\/apiv2\/wp\/v2\/media\/194316"}],"wp:attachment":[{"href":"https:\/\/www.ifun.de\/apiv2\/wp\/v2\/media?parent=194313"}],"wp:term":[{"taxonomy":"category","embeddable":true,"href":"https:\/\/www.ifun.de\/apiv2\/wp\/v2\/categories?post=194313"},{"taxonomy":"post_tag","embeddable":true,"href":"https:\/\/www.ifun.de\/apiv2\/wp\/v2\/tags?post=194313"}],"curies":[{"name":"wp","href":"https:\/\/api.w.org\/{rel}","templated":true}]}}