{"id":194306,"date":"2022-09-08T08:04:35","date_gmt":"2022-09-08T06:04:35","guid":{"rendered":"https:\/\/www.ifun.de\/?p=194306"},"modified":"2022-09-08T08:04:35","modified_gmt":"2022-09-08T06:04:35","slug":"applecare-versichert-jetzt-unbegrenzt-viele-reparaturen","status":"publish","type":"post","link":"https:\/\/www.ifun.de\/applecare-versichert-jetzt-unbegrenzt-viele-reparaturen-194306\/","title":{"rendered":"AppleCare+ versichert jetzt unbegrenzt viele Reparaturen"},"content":{"rendered":"<p>Apples Zusatzversicherung <a href=\"https:\/\/www.apple.com\/de\/support\/products\/\">AppleCare+<\/a>, die inzwischen nicht mehr nur zu Pauschalpreisen sondern auch in unterschiedlichen Abo-Varianten erh\u00e4ltliche Hardware-Versicherung deckt zuk\u00fcnftig &#8222;eine unbegrenzte Anzahl von Reparaturen bei unabsichtlicher Besch\u00e4digung ab&#8220; und ist nicht mehr auf maximal zwei Vorg\u00e4nge beschr\u00e4nkt.<\/p>\n<p><a href=\"https:\/\/images.ifun.de\/wp-content\/uploads\/2022\/09\/apple-care-plus_1500.jpg\"><img loading=\"lazy\" decoding=\"async\" class=\"aligncenter size-medium wp-image-194307\" src=\"https:\/\/images.ifun.de\/wp-content\/uploads\/2022\/09\/apple-care-plus_1500-500x246.jpg\" alt=\"Apple Care Plus 1500\" width=\"500\" height=\"246\" srcset=\"https:\/\/images.ifun.de\/wp-content\/uploads\/2022\/09\/apple-care-plus_1500-500x246.jpg 500w, https:\/\/images.ifun.de\/wp-content\/uploads\/2022\/09\/apple-care-plus_1500-700x344.jpg 700w, https:\/\/images.ifun.de\/wp-content\/uploads\/2022\/09\/apple-care-plus_1500-768x377.jpg 768w, https:\/\/images.ifun.de\/wp-content\/uploads\/2022\/09\/apple-care-plus_1500.jpg 1500w\" sizes=\"auto, (max-width: 500px) 100vw, 500px\" \/><\/a><\/p>\n<p>Dies f\u00fchrt Apple auf der <a href=\"https:\/\/www.apple.com\/de\/support\/products\/\">\u00dcbersichtsseite der Zusatzversicherung<\/a> aus, besteht aber weiterhin auf Einmalzahlungen, die immer dann f\u00e4llig werden wenn Anwender die bereits erworbene AppleCare+ Versicherung auch in Anspruch nehmen.<\/p>\n<h2>Service-Pauschalen bei Beanspruchung<\/h2>\n<p>Die Kosten variieren dabei je nach Produkt und Schadensfall. F\u00fcr Mac-Anwender mit AppleCare+ gilt fortan etwa, dass zwar eine unbegrenzte Anzahl von Reparaturen bei unabsichtlicher Besch\u00e4digung abgedeckt ist, f\u00fcr jede Reparatur aber mindestens 99 Euro f\u00e4llig werden, sollte sich der Schaden auf Display und Geh\u00e4use beschr\u00e4nken. Bei allen anderen Besch\u00e4digungen betr\u00e4gt die Pauschale hingegen 259 Euro.<\/p>\n<p>Die Einmalgeb\u00fchren werden zus\u00e4tzlich zu den regul\u00e4ren Versicherungskosten erhoben, die von Ger\u00e4t zu Ger\u00e4t unterschiedlich ausfallen. W\u00e4hrend der dreij\u00e4hrige Zusatzschutz per AppleCare+ f\u00fcr den Mac mini nur 119 Euro betr\u00e4gt (bzw. 44,99 Euro im Jahresabo) werden f\u00fcr das 16&#8243; MacBook Pro satte 399 Euro f\u00e4llig (bzw. 149,99 Euro im Jahresabo).<\/p>\n<p><a href=\"https:\/\/images.ifun.de\/wp-content\/uploads\/2022\/09\/apple-care-plus-kosten.jpg\"><img loading=\"lazy\" decoding=\"async\" class=\"aligncenter size-large wp-image-194308\" src=\"https:\/\/images.ifun.de\/wp-content\/uploads\/2022\/09\/apple-care-plus-kosten-700x433.jpg\" alt=\"Apple Care Plus Kosten\" width=\"700\" height=\"433\" srcset=\"https:\/\/images.ifun.de\/wp-content\/uploads\/2022\/09\/apple-care-plus-kosten-700x433.jpg 700w, https:\/\/images.ifun.de\/wp-content\/uploads\/2022\/09\/apple-care-plus-kosten-500x309.jpg 500w, https:\/\/images.ifun.de\/wp-content\/uploads\/2022\/09\/apple-care-plus-kosten-768x475.jpg 768w, https:\/\/images.ifun.de\/wp-content\/uploads\/2022\/09\/apple-care-plus-kosten-1536x950.jpg 1536w, https:\/\/images.ifun.de\/wp-content\/uploads\/2022\/09\/apple-care-plus-kosten.jpg 2006w\" sizes=\"auto, (max-width: 700px) 100vw, 700px\" \/><\/a><\/p>\n<h2>Diebstahlschutz nur beim iPhone<\/h2>\n<p>\u00c4hnlich staffelt Apple die Kosten auch f\u00fcr das iPhone, das zumindest in Sachen Glasbruch als deutlich anf\u00e4lliger f\u00fcr eine Reparatur einzustufen sein d\u00fcrfte. Allerdings variieren die Preise hier zus\u00e4tzlich auch, je nachdem ob die Zusatzversicherung mit oder ohne Absicherung gegen Diebstahl und Verlust gebucht wurde.<\/p>\n<p>Mit Absicherung gegen Diebstahl und Verlust zahlen K\u00e4ufer des iPhone 14 Pro 309 Euro f\u00fcr zwei Jahre AppleCare+ (bzw. 15,49 Euro im Monatsabo) und m\u00fcssen mit Servicepauschalen in H\u00f6he von 29 Euro (Display oder R\u00fcckseite), 99 Euro (alle anderen Sch\u00e4den) sowie 129 Euro (Diebstahl oder Verlust) rechnen.<\/p>\n<p><a href=\"https:\/\/images.ifun.de\/wp-content\/uploads\/2022\/09\/apple-care-preise.jpg\"><img loading=\"lazy\" decoding=\"async\" class=\"aligncenter size-large wp-image-194309\" src=\"https:\/\/images.ifun.de\/wp-content\/uploads\/2022\/09\/apple-care-preise-700x532.jpg\" alt=\"Apple Care Preise\" width=\"700\" height=\"532\" srcset=\"https:\/\/images.ifun.de\/wp-content\/uploads\/2022\/09\/apple-care-preise-700x532.jpg 700w, https:\/\/images.ifun.de\/wp-content\/uploads\/2022\/09\/apple-care-preise-500x380.jpg 500w, https:\/\/images.ifun.de\/wp-content\/uploads\/2022\/09\/apple-care-preise-768x584.jpg 768w, https:\/\/images.ifun.de\/wp-content\/uploads\/2022\/09\/apple-care-preise-1536x1168.jpg 1536w, https:\/\/images.ifun.de\/wp-content\/uploads\/2022\/09\/apple-care-preise-2048x1557.jpg 2048w\" sizes=\"auto, (max-width: 700px) 100vw, 700px\" \/><\/a><\/p>\n<p><img loading=\"lazy\" decoding=\"async\" src=\"https:\/\/vg05.met.vgwort.de\/na\/60ccb06966f045e8857efbb535541e05\" width=\"1\" height=\"1\" no-lazy class=\"tracking\"><\/p>\n","protected":false},"excerpt":{"rendered":"<a href=\"https:\/\/www.ifun.de\/applecare-versichert-jetzt-unbegrenzt-viele-reparaturen-194306\/\"><img width=\"150\" height=\"150\" src=\"https:\/\/images.ifun.de\/wp-content\/uploads\/2022\/09\/apple-care-products-feature-150x150.jpg\" class=\"alignright tfe wp-post-image\" alt=\"Apple Care Products Feature\" decoding=\"async\" loading=\"lazy\" \/><\/a><p>Apples Zusatzversicherung AppleCare+, die inzwischen nicht mehr nur zu Pauschalpreisen sondern auch in unterschiedlichen Abo-Varianten erh\u00e4ltliche Hardware-Versicherung deckt zuk\u00fcnftig &#8222;eine unbegrenzte Anzahl von Reparaturen bei unabsichtlicher Besch\u00e4digung ab&#8220; und ist nicht mehr auf maximal zwei Vorg\u00e4nge beschr\u00e4nkt. Dies f\u00fchrt Apple auf der \u00dcbersichtsseite der Zusatzversicherung aus, besteht aber weiterhin auf Einmalzahlungen, die immer dann f\u00e4llig [&hellip;]<\/p>\n","protected":false},"author":1,"featured_media":194310,"comment_status":"open","ping_status":"closed","sticky":false,"template":"","format":"standard","meta":{"_acf_changed":false,"footnotes":""},"categories":[1],"tags":[4736,4099,115,2020],"class_list":["post-194306","post","type-post","status-publish","format-standard","has-post-thumbnail","hentry","category-news","tag-apple","tag-applecare","tag-geld","tag-versicherung"],"acf":[],"aioseo_notices":[],"subheadline":["Service-Pauschalen bei Beanspruchung"],"featured_image":["https:\/\/images.ifun.de\/wp-content\/uploads\/2022\/09\/apple-care-products-feature.jpg"],"rest_api_enabler":{"subheadline":"Service-Pauschalen bei Beanspruchung","featured_image":"https:\/\/images.ifun.de\/wp-content\/uploads\/2022\/09\/apple-care-products-feature.jpg"},"_links":{"self":[{"href":"https:\/\/www.ifun.de\/apiv2\/wp\/v2\/posts\/194306","targetHints":{"allow":["GET"]}}],"collection":[{"href":"https:\/\/www.ifun.de\/apiv2\/wp\/v2\/posts"}],"about":[{"href":"https:\/\/www.ifun.de\/apiv2\/wp\/v2\/types\/post"}],"author":[{"embeddable":true,"href":"https:\/\/www.ifun.de\/apiv2\/wp\/v2\/users\/1"}],"replies":[{"embeddable":true,"href":"https:\/\/www.ifun.de\/apiv2\/wp\/v2\/comments?post=194306"}],"version-history":[{"count":1,"href":"https:\/\/www.ifun.de\/apiv2\/wp\/v2\/posts\/194306\/revisions"}],"predecessor-version":[{"id":194311,"href":"https:\/\/www.ifun.de\/apiv2\/wp\/v2\/posts\/194306\/revisions\/194311"}],"wp:featuredmedia":[{"embeddable":true,"href":"https:\/\/www.ifun.de\/apiv2\/wp\/v2\/media\/194310"}],"wp:attachment":[{"href":"https:\/\/www.ifun.de\/apiv2\/wp\/v2\/media?parent=194306"}],"wp:term":[{"taxonomy":"category","embeddable":true,"href":"https:\/\/www.ifun.de\/apiv2\/wp\/v2\/categories?post=194306"},{"taxonomy":"post_tag","embeddable":true,"href":"https:\/\/www.ifun.de\/apiv2\/wp\/v2\/tags?post=194306"}],"curies":[{"name":"wp","href":"https:\/\/api.w.org\/{rel}","templated":true}]}}