{"id":194101,"date":"2022-09-06T11:35:16","date_gmt":"2022-09-06T09:35:16","guid":{"rendered":"https:\/\/www.ifun.de\/?p=194101"},"modified":"2022-09-12T10:27:10","modified_gmt":"2022-09-12T08:27:10","slug":"anker-neues-nano-3-netzteil-und-umweltfreundliche-bio-ladekabel-starten","status":"publish","type":"post","link":"https:\/\/www.ifun.de\/anker-neues-nano-3-netzteil-und-umweltfreundliche-bio-ladekabel-starten-194101\/","title":{"rendered":"Anker: Neues Nano-3-Netzteil und umweltfreundliche Bio-Ladekabel starten"},"content":{"rendered":"<p>Kurz vor der morgigen iPhone-Vorstellung hat der Zubeh\u00f6r-Anbieter Anker eine <a rel=\"noindex, nofollow\" href=\"http:\/\/www.ifun.de\/amzn\/B0B2VQ462Z\">neue Version<\/a> des popul\u00e4ren Nano-Netzteils und eine <a rel=\"noindex, nofollow\" href=\"http:\/\/www.ifun.de\/amzn\/B09ZL78C5H\">ganze Reihe neuer Ladekabel<\/a> lanciert, die als besonders umweltfreundliche Bio-Ladekabel angepriesen werden. <\/p>\n<p><a href=\"https:\/\/images.ifun.de\/wp-content\/uploads\/2022\/09\/biokabel-gruen.jpg\"><img loading=\"lazy\" decoding=\"async\" src=\"https:\/\/images.ifun.de\/wp-content\/uploads\/2022\/09\/biokabel-gruen-500x343.jpg\" alt=\"Biokabel Gruen\" width=\"500\" height=\"343\" class=\"aligncenter size-medium wp-image-194120\" srcset=\"https:\/\/images.ifun.de\/wp-content\/uploads\/2022\/09\/biokabel-gruen-500x343.jpg 500w, https:\/\/images.ifun.de\/wp-content\/uploads\/2022\/09\/biokabel-gruen-700x480.jpg 700w, https:\/\/images.ifun.de\/wp-content\/uploads\/2022\/09\/biokabel-gruen-768x526.jpg 768w, https:\/\/images.ifun.de\/wp-content\/uploads\/2022\/09\/biokabel-gruen.jpg 1324w\" sizes=\"auto, (max-width: 500px) 100vw, 500px\" \/><\/a><\/p>\n<h2>Bio-Ladekabel aus Mais und Zucker <\/h2>\n<p>Die neuen Ladekabeln soll es sich um Strippen mit einem besonders umweltfreundlichen Materialmix handeln, der zu mindestens 40 Prozent aus Mais und Zuckerr\u00fcben besteht. Trotz der ungew\u00f6hnlichen Materialwahl sollen die Kabel Belastungen von bis zu 80 Kilogramm standhalten und mindestens 20.000 Biegungen \u00fcberstehen ohne einen Kabelbruch davonzutragen.<br \/>\n<a href=\"https:\/\/images.ifun.de\/wp-content\/uploads\/2022\/09\/100-watt-bioladekabel.jpg\"><img loading=\"lazy\" decoding=\"async\" src=\"https:\/\/images.ifun.de\/wp-content\/uploads\/2022\/09\/100-watt-bioladekabel-700x343.jpg\" alt=\"100 Watt Bioladekabel\" width=\"700\" height=\"343\" class=\"aligncenter size-large wp-image-194121\" srcset=\"https:\/\/images.ifun.de\/wp-content\/uploads\/2022\/09\/100-watt-bioladekabel-700x343.jpg 700w, https:\/\/images.ifun.de\/wp-content\/uploads\/2022\/09\/100-watt-bioladekabel-500x245.jpg 500w, https:\/\/images.ifun.de\/wp-content\/uploads\/2022\/09\/100-watt-bioladekabel-768x377.jpg 768w, https:\/\/images.ifun.de\/wp-content\/uploads\/2022\/09\/100-watt-bioladekabel.jpg 1087w\" sizes=\"auto, (max-width: 700px) 100vw, 700px\" \/><\/a><\/p>\n<p>Die neuen Kabel stehen sowohl in einer USB-C-zu-USB-C-Variante zur Verf\u00fcgung als auch in einer USB-C-zu-Lightning-Version. W\u00e4hrend die Lightning-Bio-Kabel zu Preisen ab 19,99 Euro angeboten werden, fallen die reinen USB-C-Varianten mit Preisen ab 17,99 Euro etwas g\u00fcnstiger aus. Ausgew\u00e4hlte Varianten der in Aurora, Naturgr\u00fcn, Phantomschwarz und Wolkengrau angebotenen Kabel werden mit einem Einf\u00fchrungsrabatt in H\u00f6he von 10 Prozent angeboten. Alle Kabel sind in Abmessungen von 90 cm und 180 cm verf\u00fcgbar. <\/p>\n<script>\r\n  function open_amazon(link) {\r\n    if (navigator.userAgent.indexOf(\"Firefox\") != -1) {\r\n      window.open(link, '_blank');\r\n    } else {\r\n      var tag = document.createElement('a');\r\n      tag.setAttribute('href', link);\r\n      tag.innerHTML = \"amzn\";\r\n      tag.click();\r\n    }\r\n  }\r\n<\/script>\r\n    <div id=\"article-single-amazon-preview\" onclick=\"return open_amazon('https:\/\/www.amazon.de\/dp\/B09ZL78C5H?tag=musicweb02&linkCode=ogi&th=1&psc=1');\">\n  <div id=\"article-single-amazon-preview-header\">\n    <span class=\"title\">Produkthinweis<\/span>\n      <\/div>\n  <div id=\"article-single-amazon-preview-content\">\n    <div id=\"article-single-amazon-preview-img\" style=\"background: url('https:\/\/m.media-amazon.com\/images\/I\/2135dCzTejL.jpg') center center no-repeat; background-size: cover;\"><\/div>\n    <div id=\"article-single-amazon-preview-desc\">\n      <span class=\"bezeichnung\"><a href=\"https:\/\/www.amazon.de\/dp\/B09ZL78C5H?tag=musicweb02&linkCode=ogi&th=1&psc=1\" style=\"text-decoration: none; border-bottom: 0px; box-shadow: none;\">Anker USB C auf USB C Kabel, 240W USB C Kabel, Bio USB C Ladekabel 90cm lang f\u00fcr iPhone 17\/16\/15 Serie, MacBook...<\/a><\/span>\n      <span class=\"preis--aktuell\">16,19 EUR<\/span>\n      <span class=\"preis--alt\"><\/span>\n    <\/div>\n  <\/div>\n<\/div>\n<script>\r\n  function open_amazon(link) {\r\n    if (navigator.userAgent.indexOf(\"Firefox\") != -1) {\r\n      window.open(link, '_blank');\r\n    } else {\r\n      var tag = document.createElement('a');\r\n      tag.setAttribute('href', link);\r\n      tag.innerHTML = \"amzn\";\r\n      tag.click();\r\n    }\r\n  }\r\n<\/script>\r\n    <div id=\"article-single-amazon-preview\" onclick=\"return open_amazon('https:\/\/www.amazon.de\/dp\/B09ZLB1JVY?tag=musicweb02&linkCode=ogi&th=1&psc=1');\">\n  <div id=\"article-single-amazon-preview-header\">\n    <span class=\"title\">Produkthinweis<\/span>\n      <\/div>\n  <div id=\"article-single-amazon-preview-content\">\n    <div id=\"article-single-amazon-preview-img\" style=\"background: url('https:\/\/m.media-amazon.com\/images\/I\/21V27cGN1AL.jpg') center center no-repeat; background-size: cover;\"><\/div>\n    <div id=\"article-single-amazon-preview-desc\">\n      <span class=\"bezeichnung\"><a href=\"https:\/\/www.amazon.de\/dp\/B09ZLB1JVY?tag=musicweb02&linkCode=ogi&th=1&psc=1\" style=\"text-decoration: none; border-bottom: 0px; box-shadow: none;\">Anker USB-C auf Lightning Kabel, 541 Kabel (Aurora, 90cm), MFi zertifiziert, Bio Schnellladekabel f\u00fcr iPhone 14 14 Pro...<\/a><\/span>\n      <span class=\"preis--aktuell\">17,99 EUR<\/span>\n      <span class=\"preis--alt\"><\/span>\n    <\/div>\n  <\/div>\n<\/div>\n<h2>Neues Netzteil: Anker Nano 3 <\/h2>\n<p>Ebenfalls neu erh\u00e4ltlich ist die j\u00fcngste Neuauflage der beliebten USB-C-Netzteile vom Typ Nano 3. Die neuen Modelle liefern 30 Watt Ladeleistung und verstehen sich auf Ankers PowerIQ 3.0-Standard. Die neuen Netzteile mit Galliumnitrid-Technologie (GaN) erg\u00e4nzen die erst k\u00fcrzlich von Anker vorgestellten GaNPrime-Netzteile als g\u00fcnstige Ladeoption f\u00fcr ein Endger\u00e4t und werden zum Verkaufspreis von 24,99 Euro angeboten. <\/p>\n<p>Erh\u00e4ltlich in Wei\u00df, Lila und Schwarz l\u00e4sst sich das wei\u00dfe Modell zur Markteinf\u00fchrung ebenfalls mit einem Preisnachlass in H\u00f6he von 10 Prozent f\u00fcr 22,49 Euro mitnehmen.<br \/>\n<script>\r\n  function open_amazon(link) {\r\n    if (navigator.userAgent.indexOf(\"Firefox\") != -1) {\r\n      window.open(link, '_blank');\r\n    } else {\r\n      var tag = document.createElement('a');\r\n      tag.setAttribute('href', link);\r\n      tag.innerHTML = \"amzn\";\r\n      tag.click();\r\n    }\r\n  }\r\n<\/script>\r\n    <div id=\"article-single-amazon-preview\" onclick=\"return open_amazon('https:\/\/www.amazon.de\/dp\/B0B2VQ462Z?tag=musicweb02&linkCode=ogi&th=1&psc=1');\">\n  <div id=\"article-single-amazon-preview-header\">\n    <span class=\"title\">Produkthinweis<\/span>\n      <\/div>\n  <div id=\"article-single-amazon-preview-content\">\n    <div id=\"article-single-amazon-preview-img\" style=\"background: url('https:\/\/m.media-amazon.com\/images\/I\/21yi6R2bxfL.jpg') center center no-repeat; background-size: cover;\"><\/div>\n    <div id=\"article-single-amazon-preview-desc\">\n      <span class=\"bezeichnung\"><a href=\"https:\/\/www.amazon.de\/dp\/B0B2VQ462Z?tag=musicweb02&linkCode=ogi&th=1&psc=1\" style=\"text-decoration: none; border-bottom: 0px; box-shadow: none;\">Anker 30W USB C Ladeger\u00e4t, GaN 511 Nano 3, PIQ 3.0 PPS Schnellladeger\u00e4t f\u00fcr iPhone 17\/Pro\/Pro Max\/iPhone Air...<\/a><\/span>\n      <span class=\"preis--aktuell\">22,49 EUR<\/span>\n      <span class=\"preis--alt\">19,99 EUR<\/span>\n    <\/div>\n  <\/div>\n<\/div><br \/>\n<a href=\"https:\/\/images.ifun.de\/wp-content\/uploads\/2022\/09\/anker-nano-3.jpg\"><img loading=\"lazy\" decoding=\"async\" src=\"https:\/\/images.ifun.de\/wp-content\/uploads\/2022\/09\/anker-nano-3-700x438.jpg\" alt=\"Anker Nano 3\" width=\"700\" height=\"438\" class=\"aligncenter size-large wp-image-194113\" srcset=\"https:\/\/images.ifun.de\/wp-content\/uploads\/2022\/09\/anker-nano-3-700x438.jpg 700w, https:\/\/images.ifun.de\/wp-content\/uploads\/2022\/09\/anker-nano-3-500x313.jpg 500w, https:\/\/images.ifun.de\/wp-content\/uploads\/2022\/09\/anker-nano-3-768x480.jpg 768w, https:\/\/images.ifun.de\/wp-content\/uploads\/2022\/09\/anker-nano-3-1536x960.jpg 1536w, https:\/\/images.ifun.de\/wp-content\/uploads\/2022\/09\/anker-nano-3-2048x1280.jpg 2048w\" sizes=\"auto, (max-width: 700px) 100vw, 700px\" \/><\/a><\/p>\n<p><img loading=\"lazy\" decoding=\"async\" src=\"https:\/\/vg05.met.vgwort.de\/na\/5babe380d74645529a325d533535aaa9\" width=\"1\" height=\"1\" no-lazy class=\"tracking\"><\/p>\n","protected":false},"excerpt":{"rendered":"<a href=\"https:\/\/www.ifun.de\/anker-neues-nano-3-netzteil-und-umweltfreundliche-bio-ladekabel-starten-194101\/\"><img width=\"150\" height=\"150\" src=\"https:\/\/images.ifun.de\/wp-content\/uploads\/2022\/09\/biokabel-anker-150x150.jpg\" class=\"alignright tfe wp-post-image\" alt=\"Biokabel Anker\" decoding=\"async\" loading=\"lazy\" \/><\/a><p>Kurz vor der morgigen iPhone-Vorstellung hat der Zubeh\u00f6r-Anbieter Anker eine neue Version des popul\u00e4ren Nano-Netzteils und eine ganze Reihe neuer Ladekabel lanciert, die als besonders umweltfreundliche Bio-Ladekabel angepriesen werden. Bio-Ladekabel aus Mais und Zucker Die neuen Ladekabeln soll es sich um Strippen mit einem besonders umweltfreundlichen Materialmix handeln, der zu mindestens 40 Prozent aus Mais [&hellip;]<\/p>\n","protected":false},"author":1,"featured_media":194103,"comment_status":"open","ping_status":"closed","sticky":false,"template":"","format":"standard","meta":{"_acf_changed":false,"footnotes":""},"categories":[1,1783],"tags":[2156,341,231],"class_list":["post-194101","post","type-post","status-publish","format-standard","has-post-thumbnail","hentry","category-news","category-feature","tag-anker","tag-kabel","tag-netzteil"],"acf":[],"aioseo_notices":[],"subheadline":["Ladestrippen aus Mais und Zucker"],"featured_image":["https:\/\/images.ifun.de\/wp-content\/uploads\/2022\/09\/bio-ladekabel-mac.jpg"],"rest_api_enabler":{"subheadline":"Ladestrippen aus Mais und Zucker","featured_image":"https:\/\/images.ifun.de\/wp-content\/uploads\/2022\/09\/bio-ladekabel-mac.jpg"},"_links":{"self":[{"href":"https:\/\/www.ifun.de\/apiv2\/wp\/v2\/posts\/194101","targetHints":{"allow":["GET"]}}],"collection":[{"href":"https:\/\/www.ifun.de\/apiv2\/wp\/v2\/posts"}],"about":[{"href":"https:\/\/www.ifun.de\/apiv2\/wp\/v2\/types\/post"}],"author":[{"embeddable":true,"href":"https:\/\/www.ifun.de\/apiv2\/wp\/v2\/users\/1"}],"replies":[{"embeddable":true,"href":"https:\/\/www.ifun.de\/apiv2\/wp\/v2\/comments?post=194101"}],"version-history":[{"count":10,"href":"https:\/\/www.ifun.de\/apiv2\/wp\/v2\/posts\/194101\/revisions"}],"predecessor-version":[{"id":194128,"href":"https:\/\/www.ifun.de\/apiv2\/wp\/v2\/posts\/194101\/revisions\/194128"}],"wp:featuredmedia":[{"embeddable":true,"href":"https:\/\/www.ifun.de\/apiv2\/wp\/v2\/media\/194103"}],"wp:attachment":[{"href":"https:\/\/www.ifun.de\/apiv2\/wp\/v2\/media?parent=194101"}],"wp:term":[{"taxonomy":"category","embeddable":true,"href":"https:\/\/www.ifun.de\/apiv2\/wp\/v2\/categories?post=194101"},{"taxonomy":"post_tag","embeddable":true,"href":"https:\/\/www.ifun.de\/apiv2\/wp\/v2\/tags?post=194101"}],"curies":[{"name":"wp","href":"https:\/\/api.w.org\/{rel}","templated":true}]}}