{"id":19318,"date":"2011-11-28T12:26:37","date_gmt":"2011-11-28T11:26:37","guid":{"rendered":"http:\/\/www.ifun.de\/?p=19318"},"modified":"2011-11-28T12:27:30","modified_gmt":"2011-11-28T11:27:30","slug":"mac-systeminfo-ram-belegung","status":"publish","type":"post","link":"https:\/\/www.ifun.de\/mac-systeminfo-ram-belegung-19318\/","title":{"rendered":"Mac-Basics: Das neue Systeminfo-Fenster unter Lion"},"content":{"rendered":"<p>Das Info-Fenster &#8222;\u00dcber diesen Mac&#8220; d\u00fcrften die meisten Mac-Besitzer ja kennen, wer dort aber l\u00e4nger nicht mehr reingeschaut hat, sollte der \u00fcber das Apfel-Men\u00fc erreichbarem Funktion mal wieder einen Besuch abstatten.<\/p>\n<p><img loading=\"lazy\" decoding=\"async\" src=\"http:\/\/images.ifun.de\/wp-content\/uploads\/2011\/11\/mac-infos.jpg\" alt=\"Mac Info Speicherbelegung\" title=\"mac-infos\" width=\"464\" height=\"129\" class=\"alignnone size-full wp-image-19319\" srcset=\"https:\/\/images.ifun.de\/wp-content\/uploads\/2011\/11\/mac-infos.jpg 464w, https:\/\/images.ifun.de\/wp-content\/uploads\/2011\/11\/mac-infos-300x83.jpg 300w\" sizes=\"auto, (max-width: 464px) 100vw, 464px\" \/><\/p>\n<p>Seit Mac OS Lion gestalten sich die dar\u00fcber abrufbaren weiteren Informationen deutlich \u00fcbersichtlicher und informativer. So zeigt Apple hier nun beispielsweise die offizielle Modellbezeichnung an (z.B. &#8222;MacBook Pro 15 Zoll, 2,53 GHz, Mitte 2009&#8220;) und vereinfacht dem Benutzer somit die Suche nach Support-Informationen oder kompatiblem Zubeh\u00f6r deutlich. Ebenso l\u00e4sst sich \u00fcber das Men\u00fc nun die Speicherbelegung wie wir es von iTunes her kennen \u00fcbersichtlich nach Art der Dateien sortiert abrufen. Ein separates Fenster zeigt Anzahl und Belegung der verf\u00fcgbaren Steckpl\u00e4tze f\u00fcr Arbeitsspeicher an und verweist sogar direkt zu passenden Anleitung f\u00fcr ein RAM-Upgrade in Eigenregie. <\/p>\n","protected":false},"excerpt":{"rendered":"<a href=\"https:\/\/www.ifun.de\/mac-systeminfo-ram-belegung-19318\/\"><img width=\"150\" height=\"129\" src=\"https:\/\/images.ifun.de\/wp-content\/uploads\/2011\/11\/mac-infos-150x129.jpg\" class=\"alignright tfe wp-post-image\" alt=\"Mac Info Speicherbelegung\" decoding=\"async\" loading=\"lazy\" \/><\/a><p>Das Info-Fenster &#8222;\u00dcber diesen Mac&#8220; d\u00fcrften die meisten Mac-Besitzer ja kennen, wer dort aber l\u00e4nger nicht mehr reingeschaut hat, sollte der \u00fcber das Apfel-Men\u00fc erreichbarem Funktion mal wieder einen Besuch abstatten. Seit Mac OS Lion gestalten sich die dar\u00fcber abrufbaren weiteren Informationen deutlich \u00fcbersichtlicher und informativer. So zeigt Apple hier nun beispielsweise die offizielle Modellbezeichnung [&hellip;]<\/p>\n","protected":false},"author":2,"featured_media":19319,"comment_status":"open","ping_status":"closed","sticky":false,"template":"","format":"standard","meta":{"_acf_changed":false,"footnotes":""},"categories":[16],"tags":[90,672,6321,795,240],"class_list":["post-19318","post","type-post","status-publish","format-standard","has-post-thumbnail","hentry","category-mac","tag-basics","tag-info","tag-mac","tag-ram","tag-speicher"],"acf":[],"aioseo_notices":[],"rest_api_enabler":[],"_links":{"self":[{"href":"https:\/\/www.ifun.de\/apiv2\/wp\/v2\/posts\/19318","targetHints":{"allow":["GET"]}}],"collection":[{"href":"https:\/\/www.ifun.de\/apiv2\/wp\/v2\/posts"}],"about":[{"href":"https:\/\/www.ifun.de\/apiv2\/wp\/v2\/types\/post"}],"author":[{"embeddable":true,"href":"https:\/\/www.ifun.de\/apiv2\/wp\/v2\/users\/2"}],"replies":[{"embeddable":true,"href":"https:\/\/www.ifun.de\/apiv2\/wp\/v2\/comments?post=19318"}],"version-history":[{"count":6,"href":"https:\/\/www.ifun.de\/apiv2\/wp\/v2\/posts\/19318\/revisions"}],"predecessor-version":[{"id":19325,"href":"https:\/\/www.ifun.de\/apiv2\/wp\/v2\/posts\/19318\/revisions\/19325"}],"wp:featuredmedia":[{"embeddable":true,"href":"https:\/\/www.ifun.de\/apiv2\/wp\/v2\/media\/19319"}],"wp:attachment":[{"href":"https:\/\/www.ifun.de\/apiv2\/wp\/v2\/media?parent=19318"}],"wp:term":[{"taxonomy":"category","embeddable":true,"href":"https:\/\/www.ifun.de\/apiv2\/wp\/v2\/categories?post=19318"},{"taxonomy":"post_tag","embeddable":true,"href":"https:\/\/www.ifun.de\/apiv2\/wp\/v2\/tags?post=19318"}],"curies":[{"name":"wp","href":"https:\/\/api.w.org\/{rel}","templated":true}]}}