{"id":192111,"date":"2022-08-04T15:17:10","date_gmt":"2022-08-04T13:17:10","guid":{"rendered":"https:\/\/www.ifun.de\/?p=192111"},"modified":"2022-08-04T15:19:19","modified_gmt":"2022-08-04T13:19:19","slug":"usb-c-und-flache-kante-das-neue-ipad-reiht-sich-offenbar-ein","status":"publish","type":"post","link":"https:\/\/www.ifun.de\/usb-c-und-flache-kante-das-neue-ipad-reiht-sich-offenbar-ein-192111\/","title":{"rendered":"USB-C und flache Kante: Das n\u00e4chste iPad reiht sich offenbar ein"},"content":{"rendered":"<p>Als eines der wenigen Tablets in Apples aktuellem Produkt-Lineup spricht das regul\u00e4re iPad der 9. Generation noch nicht die Designsprache, mit der das iPad mini der 6. Generation, das iPad Air der 5. Generation und die beiden Varianten des iPad Pro schon l\u00e4nger unterwegs sind.<\/p>\n<p><a href=\"https:\/\/images.ifun.de\/wp-content\/uploads\/2022\/08\/ipad.jpg\"><img loading=\"lazy\" decoding=\"async\" class=\"aligncenter size-medium wp-image-192113\" src=\"https:\/\/images.ifun.de\/wp-content\/uploads\/2022\/08\/ipad-500x279.jpg\" alt=\"Ipad\" width=\"500\" height=\"279\" srcset=\"https:\/\/images.ifun.de\/wp-content\/uploads\/2022\/08\/ipad-500x279.jpg 500w, https:\/\/images.ifun.de\/wp-content\/uploads\/2022\/08\/ipad-700x390.jpg 700w, https:\/\/images.ifun.de\/wp-content\/uploads\/2022\/08\/ipad-768x428.jpg 768w, https:\/\/images.ifun.de\/wp-content\/uploads\/2022\/08\/ipad.jpg 1230w\" sizes=\"auto, (max-width: 500px) 100vw, 500px\" \/><\/a><\/p>\n<h6>iPad Air und iPad: Die aktuellen Modelle<\/h6>\n<p>W\u00e4hrend die teureren Tablets aus Apples Portfolio inzwischen alle auf flache Kanten setzen, ihre Kamera-Module auf kleinen, leicht erh\u00f6hten HardwareInseln platzieren und mehrheitlich auf USB-C bzw. Thunderbolt statt noch auf einen Lightning-Port setzen, harrt das iPad der neunten Generation noch in einer l\u00e4ngst vergangenen Zeit aus.<\/p>\n<p>Dies k\u00f6nnte sich im laufenden Jahr \u00e4ndern. Darauf <a href=\"https:\/\/www.mysmartprice.com\/gear\/ipad-2022-cad-renders-exclusive\/\">deuten 3D-Renderings hin<\/a>, die die 10. Generation des regul\u00e4ren iPads abbilden sollen und diese erstmals mit g\u00e4nzlich neuem Korpus zeigen.<a href=\"https:\/\/images.ifun.de\/wp-content\/uploads\/2022\/08\/ipad-pro-mini.jpg\"><img loading=\"lazy\" decoding=\"async\" class=\"aligncenter size-large wp-image-192114\" src=\"https:\/\/images.ifun.de\/wp-content\/uploads\/2022\/08\/ipad-pro-mini-700x284.jpg\" alt=\"Ipad Pro Mini\" width=\"700\" height=\"284\" srcset=\"https:\/\/images.ifun.de\/wp-content\/uploads\/2022\/08\/ipad-pro-mini-700x284.jpg 700w, https:\/\/images.ifun.de\/wp-content\/uploads\/2022\/08\/ipad-pro-mini-500x203.jpg 500w, https:\/\/images.ifun.de\/wp-content\/uploads\/2022\/08\/ipad-pro-mini-768x311.jpg 768w, https:\/\/images.ifun.de\/wp-content\/uploads\/2022\/08\/ipad-pro-mini.jpg 1400w\" sizes=\"auto, (max-width: 700px) 100vw, 700px\" \/><\/a><\/p>\n<h6>Aktuell: iPad Pro 12,9, iPad Pro 11 und iPad mini<\/h6>\n<h2>Gr\u00f6\u00dferes Display geplant<\/h2>\n<p>Auch das regul\u00e4re iPad besitzt auf den <a href=\"https:\/\/www.mysmartprice.com\/gear\/ipad-2022-cad-renders-exclusive\/\">jetzt aufgetauchten CAD-Renderings<\/a> flache Kanten, ein deutlich von der restlichen Ger\u00e4te-R\u00fcckseite abgehobenes Kamera-Modul und eine flache Unterseite mit Aussparungen f\u00fcr Lautsprecher und Mikrofon.<\/p>\n<p><a href=\"https:\/\/images.ifun.de\/wp-content\/uploads\/2022\/08\/renderings-1.jpg\"><img loading=\"lazy\" decoding=\"async\" class=\"aligncenter size-large wp-image-192115\" src=\"https:\/\/images.ifun.de\/wp-content\/uploads\/2022\/08\/renderings-1-700x368.jpg\" alt=\"Renderings 1\" width=\"700\" height=\"368\" srcset=\"https:\/\/images.ifun.de\/wp-content\/uploads\/2022\/08\/renderings-1-700x368.jpg 700w, https:\/\/images.ifun.de\/wp-content\/uploads\/2022\/08\/renderings-1-500x263.jpg 500w, https:\/\/images.ifun.de\/wp-content\/uploads\/2022\/08\/renderings-1-768x403.jpg 768w, https:\/\/images.ifun.de\/wp-content\/uploads\/2022\/08\/renderings-1.jpg 1200w\" sizes=\"auto, (max-width: 700px) 100vw, 700px\" \/><\/a><\/p>\n<p>Zudem soll die 10.Generation des iPads auf ein leicht gr\u00f6\u00dferes Display setzen, mit Ma\u00dfen von 248,6 mm x 179,5 mm x 6,9 mm aber etwas d\u00fcnner als die Vorg\u00e4ngergeneration ausfallen.<\/p>\n<p>Das iPad der 9. Generation hat Apple <a href=\"https:\/\/www.ifun.de\/apple-stellt-das-ipad-9-vor-a13-prozessor-und-bessere-kamera-175454\/\">im September 2021 pr\u00e4sentiert<\/a> und verkauft das Einsteiger-Tablet seitdem zu Preisen ab 379 Euro. Das iPad mini wird ab 549 Euro angeboten, das iPad Air ist ab 679 Euro zu haben. Wer direkt mit einem iPad Pro einsteigen m\u00f6chte, der muss mindestens 879 Euro f\u00fcr das Modell mit 11 Zoll hinlegen oder aber Preise ab 1.199 Euro f\u00fcr die Variante mit 12,9 Zoll zahlen.<\/p>\n<p><a href=\"https:\/\/images.ifun.de\/wp-content\/uploads\/2022\/08\/renderings-2.jpg\"><img loading=\"lazy\" decoding=\"async\" class=\"aligncenter size-large wp-image-192116\" src=\"https:\/\/images.ifun.de\/wp-content\/uploads\/2022\/08\/renderings-2-700x333.jpg\" alt=\"Renderings 2\" width=\"700\" height=\"333\" srcset=\"https:\/\/images.ifun.de\/wp-content\/uploads\/2022\/08\/renderings-2-700x333.jpg 700w, https:\/\/images.ifun.de\/wp-content\/uploads\/2022\/08\/renderings-2-500x238.jpg 500w, https:\/\/images.ifun.de\/wp-content\/uploads\/2022\/08\/renderings-2-768x365.jpg 768w, https:\/\/images.ifun.de\/wp-content\/uploads\/2022\/08\/renderings-2.jpg 1184w\" sizes=\"auto, (max-width: 700px) 100vw, 700px\" \/><\/a><\/p>\n<p>Es ist wahrscheinlich, dass die 10. Generation des Tablets bereits im kommenden Monat vorgestellt werden k\u00f6nnte.<\/p>\n<p><img loading=\"lazy\" decoding=\"async\" src=\"https:\/\/vg05.met.vgwort.de\/na\/6c4d07a20709446f8b804b5f094560be\" width=\"1\" height=\"1\" no-lazy class=\"tracking\"><\/p>\n","protected":false},"excerpt":{"rendered":"<a href=\"https:\/\/www.ifun.de\/usb-c-und-flache-kante-das-neue-ipad-reiht-sich-offenbar-ein-192111\/\"><img width=\"150\" height=\"150\" src=\"https:\/\/images.ifun.de\/wp-content\/uploads\/2022\/08\/ipad-9-generation-150x150.jpg\" class=\"alignright tfe wp-post-image\" alt=\"Ipad 9 Generation\" decoding=\"async\" loading=\"lazy\" \/><\/a><p>Als eines der wenigen Tablets in Apples aktuellem Produkt-Lineup spricht das regul\u00e4re iPad der 9. Generation noch nicht die Designsprache, mit der das iPad mini der 6. Generation, das iPad Air der 5. Generation und die beiden Varianten des iPad Pro schon l\u00e4nger unterwegs sind. iPad Air und iPad: Die aktuellen Modelle W\u00e4hrend die teureren [&hellip;]<\/p>\n","protected":false},"author":1,"featured_media":192117,"comment_status":"open","ping_status":"closed","sticky":false,"template":"","format":"standard","meta":{"_acf_changed":false,"footnotes":""},"categories":[10],"tags":[4736,3910,4740,6322],"class_list":["post-192111","post","type-post","status-publish","format-standard","has-post-thumbnail","hentry","category-ipad","tag-apple","tag-geruechte","tag-ipad","tag-rumors"],"acf":[],"aioseo_notices":[],"subheadline":["10. Generation im Herbst","10. Generation im Herbst"],"featured_image":["https:\/\/images.ifun.de\/wp-content\/uploads\/2021\/09\/ipad-2021-feature.jpg"],"rest_api_enabler":{"subheadline":["10. Generation im Herbst","10. Generation im Herbst"],"featured_image":"https:\/\/images.ifun.de\/wp-content\/uploads\/2021\/09\/ipad-2021-feature.jpg"},"_links":{"self":[{"href":"https:\/\/www.ifun.de\/apiv2\/wp\/v2\/posts\/192111","targetHints":{"allow":["GET"]}}],"collection":[{"href":"https:\/\/www.ifun.de\/apiv2\/wp\/v2\/posts"}],"about":[{"href":"https:\/\/www.ifun.de\/apiv2\/wp\/v2\/types\/post"}],"author":[{"embeddable":true,"href":"https:\/\/www.ifun.de\/apiv2\/wp\/v2\/users\/1"}],"replies":[{"embeddable":true,"href":"https:\/\/www.ifun.de\/apiv2\/wp\/v2\/comments?post=192111"}],"version-history":[{"count":3,"href":"https:\/\/www.ifun.de\/apiv2\/wp\/v2\/posts\/192111\/revisions"}],"predecessor-version":[{"id":192120,"href":"https:\/\/www.ifun.de\/apiv2\/wp\/v2\/posts\/192111\/revisions\/192120"}],"wp:featuredmedia":[{"embeddable":true,"href":"https:\/\/www.ifun.de\/apiv2\/wp\/v2\/media\/192117"}],"wp:attachment":[{"href":"https:\/\/www.ifun.de\/apiv2\/wp\/v2\/media?parent=192111"}],"wp:term":[{"taxonomy":"category","embeddable":true,"href":"https:\/\/www.ifun.de\/apiv2\/wp\/v2\/categories?post=192111"},{"taxonomy":"post_tag","embeddable":true,"href":"https:\/\/www.ifun.de\/apiv2\/wp\/v2\/tags?post=192111"}],"curies":[{"name":"wp","href":"https:\/\/api.w.org\/{rel}","templated":true}]}}