{"id":191222,"date":"2022-07-21T15:51:39","date_gmt":"2022-07-21T13:51:39","guid":{"rendered":"https:\/\/www.ifun.de\/?p=191222"},"modified":"2022-07-26T13:16:27","modified_gmt":"2022-07-26T11:16:27","slug":"macos-ventura-nur-fuer-macs-ab-2017-wie-ungewoehnlich-ist-apples-update-ende","status":"publish","type":"post","link":"https:\/\/www.ifun.de\/macos-ventura-nur-fuer-macs-ab-2017-wie-ungewoehnlich-ist-apples-update-ende-191222\/","title":{"rendered":"macOS Ventura nur f\u00fcr Macs ab 2017: Wie ungew\u00f6hnlich ist Apples Update-Ende?"},"content":{"rendered":"<p>Wenn Apple in diesem Herbst das neue Mac-Betriebssystem macOS Ventura zum Download bereitstellen wird, dann werden viele Anwender die System-Aktualisierung auf ihren Maschinen erst gar nicht installieren k\u00f6nnen.<\/p>\n<p><a href=\"https:\/\/images.ifun.de\/wp-content\/uploads\/2022\/07\/ishtiaq-khan-parag-Qyc13QBGaM4-unsplash_1500.jpg\"><img loading=\"lazy\" decoding=\"async\" class=\"aligncenter size-medium wp-image-191225\" src=\"https:\/\/images.ifun.de\/wp-content\/uploads\/2022\/07\/ishtiaq-khan-parag-Qyc13QBGaM4-unsplash_1500-500x375.jpg\" alt=\"Ishtiaq Khan Parag Qyc13QBGaM4 Unsplash 1500\" width=\"500\" height=\"375\" srcset=\"https:\/\/images.ifun.de\/wp-content\/uploads\/2022\/07\/ishtiaq-khan-parag-Qyc13QBGaM4-unsplash_1500-500x375.jpg 500w, https:\/\/images.ifun.de\/wp-content\/uploads\/2022\/07\/ishtiaq-khan-parag-Qyc13QBGaM4-unsplash_1500-700x525.jpg 700w, https:\/\/images.ifun.de\/wp-content\/uploads\/2022\/07\/ishtiaq-khan-parag-Qyc13QBGaM4-unsplash_1500-768x576.jpg 768w, https:\/\/images.ifun.de\/wp-content\/uploads\/2022\/07\/ishtiaq-khan-parag-Qyc13QBGaM4-unsplash_1500.jpg 1500w\" sizes=\"auto, (max-width: 500px) 100vw, 500px\" \/><\/a><\/p>\n<p>Kompatibel mit macOS Ventura sind n\u00e4mlich ausschlie\u00dflich die folgenden Modelle:<\/p>\n<ul>\n<li>iMac ab 2017<\/li>\n<li>iMac Pro ab 2017<\/li>\n<li>Mac Pro ab 2019<\/li>\n<li>Mac mini ab 2018<\/li>\n<li>MacBook Air ab 2018<\/li>\n<li>MacBook ab 2017<\/li>\n<li>MacBook Pro ab 2017<\/li>\n<\/ul>\n<h2>Nach nur 5 Jahren schon obsolet?<\/h2>\n<p>Apple, bislang f\u00fcr einen sehr gro\u00dfz\u00fcgigen Software-Support der eigenen Laptops und Desktop-Rechner bekannt, wird macOS Ventura ausschlie\u00dflich f\u00fcr Apple-Rechner zur Verf\u00fcgung stellen, die nach 2017 in den Markt gestartet sind. Wer ein MacBook Air besitzt ben\u00f6tigt zudem mindestens ein Modell aus 2018, um das Update auf macOS Ventura einspielen zu k\u00f6nnen.<\/p>\n<p>Damit werden also auch zahlreiche Macs nicht mehr aktualisiert, die grade mal f\u00fcnf Jahre auf dem Buckel haben. Ist Apple in diesem Jahr au\u00dfergew\u00f6hnlich streng, oder agiert der Konzern wie sonst auch?<\/p>\n<p>Der Blogger Andrew Cunningham hat diese Frage nun mit Hilfe eines <a href=\"https:\/\/arstechnica.com\/gadgets\/2022\/07\/some-macs-are-getting-fewer-updates-than-they-used-to-heres-why-its-a-problem\/\">historischen R\u00fcckblicks beantwortet<\/a>. Cunninghams \u00dcbersicht ist das Ergebnis stundenlanger Flei\u00dfarbeit und l\u00e4sst sich in <a href=\"https:\/\/docs.google.com\/spreadsheets\/d\/1-Ksovu-81EA7Z5m7lscjWnJussx6cTrNOUjJiGi3rCQ\/edit#gid=0\">diesem \u00f6ffentlich einsehbaren Google-Tabellendokument<\/a> auf seine Richtigkeit hin \u00fcberpr\u00fcfen.<\/p>\n<p><a href=\"https:\/\/images.ifun.de\/wp-content\/uploads\/2022\/07\/macos-updates.jpg\"><img loading=\"lazy\" decoding=\"async\" class=\"aligncenter size-large wp-image-191223\" src=\"https:\/\/images.ifun.de\/wp-content\/uploads\/2022\/07\/macos-updates-700x525.jpg\" alt=\"Macos Updates\" width=\"700\" height=\"525\" srcset=\"https:\/\/images.ifun.de\/wp-content\/uploads\/2022\/07\/macos-updates-700x525.jpg 700w, https:\/\/images.ifun.de\/wp-content\/uploads\/2022\/07\/macos-updates-500x375.jpg 500w, https:\/\/images.ifun.de\/wp-content\/uploads\/2022\/07\/macos-updates-768x576.jpg 768w, https:\/\/images.ifun.de\/wp-content\/uploads\/2022\/07\/macos-updates.jpg 1500w\" sizes=\"auto, (max-width: 700px) 100vw, 700px\" \/><\/a><\/p>\n<h2>Der Architektur-Wechsel ist schuld<\/h2>\n<p>Unterm Strich <a href=\"https:\/\/arstechnica.com\/gadgets\/2022\/07\/some-macs-are-getting-fewer-updates-than-they-used-to-heres-why-its-a-problem\/\">stellt Cunningham fest<\/a>, dass Apple den durchschnittlichen Mac ziemlich genau sieben Jahre lang mit neuen System-Aktualisierungen versorgt hat. Zudem erhielten die meisten Apple-Rechner noch rund f\u00fcnfeinhalb Jahre nach ihrem Verkaufsstop neue Aktualisierungen.<\/p>\n<p>Was auff\u00e4llt, zwischen 2004 und 2007, also in dem Zeitraum in dem Apple von der PowerPC- zur Intel-Architektur wechselte, schrumpfte der Support-Zeitraum sp\u00fcrbar.<\/p>\n<p>Eine vergleichbare Verk\u00fcrzung der Software-Unterst\u00fctzung scheint nun auch den Wechsel vom Intel- zum Apple-Prozessor zu begleiten.<\/p>\n<p><img loading=\"lazy\" decoding=\"async\" src=\"https:\/\/vg05.met.vgwort.de\/na\/96f9a00b26314107bc308378bc20fb8f\" width=\"1\" height=\"1\" no-lazy class=\"tracking\"><\/p>\n","protected":false},"excerpt":{"rendered":"<a href=\"https:\/\/www.ifun.de\/macos-ventura-nur-fuer-macs-ab-2017-wie-ungewoehnlich-ist-apples-update-ende-191222\/\"><img width=\"150\" height=\"150\" src=\"https:\/\/images.ifun.de\/wp-content\/uploads\/2022\/07\/ishtiaq-khan-parag-Qyc13QBGaM4-unsplash_1500-150x150.jpg\" class=\"alignright tfe wp-post-image\" alt=\"Ishtiaq Khan Parag Qyc13QBGaM4 Unsplash 1500\" decoding=\"async\" loading=\"lazy\" \/><\/a><p>Wenn Apple in diesem Herbst das neue Mac-Betriebssystem macOS Ventura zum Download bereitstellen wird, dann werden viele Anwender die System-Aktualisierung auf ihren Maschinen erst gar nicht installieren k\u00f6nnen. Kompatibel mit macOS Ventura sind n\u00e4mlich ausschlie\u00dflich die folgenden Modelle: iMac ab 2017 iMac Pro ab 2017 Mac Pro ab 2019 Mac mini ab 2018 MacBook Air [&hellip;]<\/p>\n","protected":false},"author":1,"featured_media":191225,"comment_status":"open","ping_status":"closed","sticky":false,"template":"","format":"standard","meta":{"_acf_changed":false,"footnotes":""},"categories":[3,1783],"tags":[4736,5819,69],"class_list":["post-191222","post","type-post","status-publish","format-standard","has-post-thumbnail","hentry","category-apple","category-feature","tag-apple","tag-macos-ventura","tag-update"],"acf":[],"aioseo_notices":[],"subheadline":["Der Architektur-Wechsel ist schuld"],"featured_image":["https:\/\/images.ifun.de\/wp-content\/uploads\/2022\/07\/imac-update-ende.jpg"],"rest_api_enabler":{"subheadline":"Der Architektur-Wechsel ist schuld","featured_image":"https:\/\/images.ifun.de\/wp-content\/uploads\/2022\/07\/imac-update-ende.jpg"},"_links":{"self":[{"href":"https:\/\/www.ifun.de\/apiv2\/wp\/v2\/posts\/191222","targetHints":{"allow":["GET"]}}],"collection":[{"href":"https:\/\/www.ifun.de\/apiv2\/wp\/v2\/posts"}],"about":[{"href":"https:\/\/www.ifun.de\/apiv2\/wp\/v2\/types\/post"}],"author":[{"embeddable":true,"href":"https:\/\/www.ifun.de\/apiv2\/wp\/v2\/users\/1"}],"replies":[{"embeddable":true,"href":"https:\/\/www.ifun.de\/apiv2\/wp\/v2\/comments?post=191222"}],"version-history":[{"count":1,"href":"https:\/\/www.ifun.de\/apiv2\/wp\/v2\/posts\/191222\/revisions"}],"predecessor-version":[{"id":191226,"href":"https:\/\/www.ifun.de\/apiv2\/wp\/v2\/posts\/191222\/revisions\/191226"}],"wp:featuredmedia":[{"embeddable":true,"href":"https:\/\/www.ifun.de\/apiv2\/wp\/v2\/media\/191225"}],"wp:attachment":[{"href":"https:\/\/www.ifun.de\/apiv2\/wp\/v2\/media?parent=191222"}],"wp:term":[{"taxonomy":"category","embeddable":true,"href":"https:\/\/www.ifun.de\/apiv2\/wp\/v2\/categories?post=191222"},{"taxonomy":"post_tag","embeddable":true,"href":"https:\/\/www.ifun.de\/apiv2\/wp\/v2\/tags?post=191222"}],"curies":[{"name":"wp","href":"https:\/\/api.w.org\/{rel}","templated":true}]}}