{"id":190921,"date":"2022-07-18T08:04:42","date_gmt":"2022-07-18T06:04:42","guid":{"rendered":"https:\/\/www.ifun.de\/?p=190921"},"modified":"2022-07-18T08:05:05","modified_gmt":"2022-07-18T06:05:05","slug":"ard-mediathek-mit-dokus-zum-groessten-sender-portal","status":"publish","type":"post","link":"https:\/\/www.ifun.de\/ard-mediathek-mit-dokus-zum-groessten-sender-portal-190921\/","title":{"rendered":"ARD Mediathek: Mit Dokus zum gr\u00f6\u00dften Sender-Portal"},"content":{"rendered":"<p>Die Verantwortlichen der ARD Mediathek haben aktuelle Zahlen zu ihrem Streaming-Portal ver\u00f6ffentlicht und erneuern mit diesen den F\u00fchrungsanspruch unter den Mediatheken-Angeboten in der deutschen Fernseh-Landschaft.<\/p>\n<p><a href=\"https:\/\/images.ifun.de\/wp-content\/uploads\/2021\/05\/Feuer_und_Flamme-1400.jpg\"><img loading=\"lazy\" decoding=\"async\" class=\"aligncenter size-medium wp-image-170009\" src=\"https:\/\/images.ifun.de\/wp-content\/uploads\/2021\/05\/Feuer_und_Flamme-1400-500x280.jpg\" alt=\"Feuer Und Flamme 1400\" width=\"500\" height=\"280\" srcset=\"https:\/\/images.ifun.de\/wp-content\/uploads\/2021\/05\/Feuer_und_Flamme-1400-500x280.jpg 500w, https:\/\/images.ifun.de\/wp-content\/uploads\/2021\/05\/Feuer_und_Flamme-1400-700x392.jpg 700w, https:\/\/images.ifun.de\/wp-content\/uploads\/2021\/05\/Feuer_und_Flamme-1400-768x430.jpg 768w, https:\/\/images.ifun.de\/wp-content\/uploads\/2021\/05\/Feuer_und_Flamme-1400.jpg 1400w\" sizes=\"auto, (max-width: 500px) 100vw, 500px\" \/><\/a><\/p>\n<h6>Bild: WDR | Lutz Leitmann<\/h6>\n<h2>T\u00e4glich 2,37 Mio. Stunden Nutzung<\/h2>\n<p>Mit rund zwei Millionen t\u00e4glich erreichten Zuschauern h\u00e4tte die ARD Mediathek die gr\u00f6\u00dfte Reichweite aller Streaming-Portale hiesiger Fernsehsender und w\u00fcrde zudem auch eine gr\u00f6\u00dfere t\u00e4gliche Gesamtnutzung als die Wettbewerber verzeichnen. Im Schnitt lag diese in den zur\u00fcckliegenden sechs Monaten bei 2,37 Millionen Stunden.<\/p>\n<p>Hauptverantwortlich f\u00fcr die gute Nachfrage waren dabei nicht die fiktionalen Inhalte der ARD Mediathek sondern vor allem die Dokumentationen und Doku-Serien aus dem Sender-Angebot der ARD-Programme. Von diesen werden nach Angaben der ARD immer mehr speziell &#8222;f\u00fcr die ARD Mediathek oder ein streaming-affines Publikum&#8220; entwickelt. Beispielhaft f\u00fcr die Sendergemeinschaft sind hier Dokumentationen wir &#8222;Drug Nation &#8211; das Versagen der Drogenpolitik&#8220; und die Dokumentar-Serie &#8222;Nazij\u00e4ger &#8211; Reise in die Finsternis&#8220;.<\/p>\n<p>Die Nachfrage nach dem Doku-Format unterscheidet sich je nach Inhalt allerdings erheblich. W\u00e4hrend sich die Dokumentar-Serie der Sportschau &#8222;Being Jan Ullrich&#8220; \u00fcber 2,4 Millionen Abrufe freut, vereint die investigative Recherche &#8222;Die Recyclingl\u00fcge&#8220; lediglich 400.000 Abrufe auf sich.<\/p>\n<h2>Feuer &amp; Flamme zieht Zuschauer<\/h2>\n<p>Nach wie vor sicher ist die Nachfrage nach dem Sonntags-Tatort. So ist der m\u00fcnsteraner Tatort &#8222;Des Teufels langer Atem&#8220; mit 1,54 Millionen Abrufen der meistgesehene Spielfilm im ersten Halbjahr des laufenden Jahres. Die meistgesehenen Dokumentar-Serien werden von der ausgesprochenen ifun.de-Empfehlung &#8222;Feuer &amp; Flamme&#8220; angef\u00fchrt:<\/p>\n<ul>\n<li><strong>Serien-Tipp:<\/strong> <a href=\"https:\/\/www.ifun.de\/?p=170007\">&#8222;Feuer und Flamme&#8220; in der WDR-Mediathek<\/a><\/li>\n<\/ul>\n<p>Die Feuerwehr-Dokumentation konnte 2,73 Millionen Videoabrufe auf sich vereinen und z\u00e4hlt damit zu den Zugpferden des Non-Fiction-Programms. Sophie Burkhardt, stellvertretende ARD-Programmdirektorin kommentiert:<\/p>\n<blockquote><p>&#8222;Dokus schaffen es inzwischen in den Mediatheks-Charts ganz nach oben. Das freut uns, denn es zeigt, dass die ARD Mediathek sich zu einem Ort entwickelt hat, an dem sich Menschen \u00fcber gesellschaftliche und politische Themen informieren.&#8220;<\/p><\/blockquote>\n<!-- WP-Appbox (Version: 4.5.13 \/\/ Store: appstore \/\/ ID: 981496660) -->\t<!-- app-link -->\n\t<div id=\"article-single-app-preview\">\n\t\t<div id=\"article-single-app-preview-header\">\n\t\t\t<span class=\"title\">Laden im App Store<\/span>\n\t\t<\/div>\n\t\t<div id=\"article-single-app-preview-content\">\n\t\t\t<div id=\"article-single-app-preview-img\"><img loading=\"lazy\" decoding=\"async\" src=\"\/\/is1-ssl.mzstatic.com\/image\/thumb\/PurpleSource221\/v4\/51\/f3\/fb\/51f3fb25-4025-d1b6-7e9c-10f7b0d8613d\/Placeholder.mill\/200x200bb-75.png\" alt=\"ARD Mediathek\"  height=\"72\" width=\"72\" class=\"asl-icon-img\" \/><\/div>\n\t\t\t<div id=\"article-single-app-preview-desc\">\n\t\t\t\t<span class=\"name\">ARD Mediathek<\/span><br \/>\n\t\t\t\t<span class=\"seller\">Entwickler: <a target=\"_blank\" rel=\"nofollow\" href=\"https:\/\/apps.apple.com\/de\/developer\/sudwestrundfunk-anstalt-des-offentlichen-rechts\/id610313722\">Sudwestrundfunk, Anstalt des offentlichen Rechts<\/a><\/span>\n\t\t\t<\/div>\n\t\t\t<a target=\"_blank\" rel=\"nofollow\" href=\"https:\/\/apps.apple.com\/de\/app\/ard-mediathek\/id981496660\"><div id=\"article-single-app-preview-download\">Preis: Kostenlos<br \/>\n\t\t\t<span class=\"size\">Laden<\/span><\/div><\/a>\n\t\t<\/div>\n\t\t<!-- <div id=\"article-single-app-preview-footer\"><\/div>\t-->\n\t<\/div>\n\t<!-- app-link\/ende --><!-- \/WP-Appbox -->\n<p><div class=\"responsive-video\"><iframe loading=\"lazy\" title=\"Feuer &amp; Flamme - Trailer Staffel 5 | Feuer &amp; Flamme | WDR\" width=\"500\" height=\"281\" src=\"https:\/\/www.youtube-nocookie.com\/embed\/l7W10X1TCts?feature=oembed\" frameborder=\"0\" allow=\"accelerometer; autoplay; clipboard-write; encrypted-media; gyroscope; picture-in-picture; web-share\" referrerpolicy=\"strict-origin-when-cross-origin\" allowfullscreen><\/iframe><\/div><\/p>\n<p><img loading=\"lazy\" decoding=\"async\" src=\"https:\/\/vg05.met.vgwort.de\/na\/7e851932c1cd4f1cb6fcf09d2f70d4e8\" width=\"1\" height=\"1\" no-lazy class=\"tracking\"><\/p>\n","protected":false},"excerpt":{"rendered":"<a href=\"https:\/\/www.ifun.de\/ard-mediathek-mit-dokus-zum-groessten-sender-portal-190921\/\"><img decoding=\"async\" width=\"150\" src=\"https:\/\/images.ifun.de\/wp-content\/uploads\/2021\/05\/Feuer_und_Flamme-1400-500x280.jpg\" class=\"alignright wp-post-image tfe\" alt=\"Feuer Und Flamme 1400\" title=\"\" \/><\/a><p>Die Verantwortlichen der ARD Mediathek haben aktuelle Zahlen zu ihrem Streaming-Portal ver\u00f6ffentlicht und erneuern mit diesen den F\u00fchrungsanspruch unter den Mediatheken-Angeboten in der deutschen Fernseh-Landschaft. Bild: WDR | Lutz Leitmann T\u00e4glich 2,37 Mio. Stunden Nutzung Mit rund zwei Millionen t\u00e4glich erreichten Zuschauern h\u00e4tte die ARD Mediathek die gr\u00f6\u00dfte Reichweite aller Streaming-Portale hiesiger Fernsehsender und w\u00fcrde [&hellip;]<\/p>\n","protected":false},"author":1,"featured_media":0,"comment_status":"open","ping_status":"closed","sticky":false,"template":"","format":"standard","meta":{"_acf_changed":false,"footnotes":""},"categories":[20],"tags":[4737,183,1169,60,31],"class_list":["post-190921","post","type-post","status-publish","format-standard","hentry","category-videos","tag-apps","tag-ard","tag-mediathek","tag-streaming","tag-video"],"acf":[],"aioseo_notices":[],"subheadline":["Feuer & Flamme zieht Zuschauer"],"featured_image":["https:\/\/images.ifun.de\/wp-content\/uploads\/2021\/05\/feuer-flamme-feature.jpg"],"rest_api_enabler":{"subheadline":"Feuer & Flamme zieht Zuschauer","featured_image":"https:\/\/images.ifun.de\/wp-content\/uploads\/2021\/05\/feuer-flamme-feature.jpg"},"_links":{"self":[{"href":"https:\/\/www.ifun.de\/apiv2\/wp\/v2\/posts\/190921","targetHints":{"allow":["GET"]}}],"collection":[{"href":"https:\/\/www.ifun.de\/apiv2\/wp\/v2\/posts"}],"about":[{"href":"https:\/\/www.ifun.de\/apiv2\/wp\/v2\/types\/post"}],"author":[{"embeddable":true,"href":"https:\/\/www.ifun.de\/apiv2\/wp\/v2\/users\/1"}],"replies":[{"embeddable":true,"href":"https:\/\/www.ifun.de\/apiv2\/wp\/v2\/comments?post=190921"}],"version-history":[{"count":2,"href":"https:\/\/www.ifun.de\/apiv2\/wp\/v2\/posts\/190921\/revisions"}],"predecessor-version":[{"id":190926,"href":"https:\/\/www.ifun.de\/apiv2\/wp\/v2\/posts\/190921\/revisions\/190926"}],"wp:attachment":[{"href":"https:\/\/www.ifun.de\/apiv2\/wp\/v2\/media?parent=190921"}],"wp:term":[{"taxonomy":"category","embeddable":true,"href":"https:\/\/www.ifun.de\/apiv2\/wp\/v2\/categories?post=190921"},{"taxonomy":"post_tag","embeddable":true,"href":"https:\/\/www.ifun.de\/apiv2\/wp\/v2\/tags?post=190921"}],"curies":[{"name":"wp","href":"https:\/\/api.w.org\/{rel}","templated":true}]}}