{"id":190680,"date":"2022-07-12T20:20:47","date_gmt":"2022-07-12T18:20:47","guid":{"rendered":"https:\/\/www.ifun.de\/?p=190680"},"modified":"2022-07-18T07:14:38","modified_gmt":"2022-07-18T05:14:38","slug":"apple-schickt-die-ersten-touch-bar-notebooks-in-rente","status":"publish","type":"post","link":"https:\/\/www.ifun.de\/apple-schickt-die-ersten-touch-bar-notebooks-in-rente-190680\/","title":{"rendered":"Apple schickt die ersten Touch-Bar-Notebooks in Rente"},"content":{"rendered":"<p>Es ist mittlerweile schon wieder sechs Jahre her, seit Apple die Touch Bar als &#8222;revolution\u00e4res&#8220; Eingabeinstrument vorgestellt hat. Jetzt schickt Apple die ersten mit Touch Bar vorgestellten Notebooks in Rente. Die im Oktober 2016 vorgestellten MacBook-Pro-Modelle mit 13 und 15 Zoll Bildschirmgr\u00f6\u00dfe erhalten am 31. Juli den \u201eVintage\u201c-Status.<\/p>\n<p>Vintage-Produkte sind laut den Apple-Richtlinien Produkte, die seit mehr als f\u00fcnf und weniger als sieben Jahren nicht mehr hergestellt werden und f\u00fcr die der Hardware-Service weltweit &#8211; mit Ausnahme der T\u00fcrkei und einiger US-Bundesstaaten &#8211; eingestellt wird.<\/p>\n<p>Eine Erw\u00e4hnung wert ist dieser Sachverhalt vor allem deswegen, weil Apple die Touch Bar mittlerweile auch f\u00fcr Neuger\u00e4te nicht mehr anbietet. Einzige Ausnahme war das MacBook Pro M2 im vergangenen Monat. Hier d\u00fcrfte das Vorhandensein der Touch Bar allerdings schlicht daraus resultieren, dass Apple das komplette Ger\u00e4t im unver\u00e4nderten Geh\u00e4use des Vorg\u00e4ngers und lediglich mit \u00fcberholtem Innenleben anbietet.<\/p>\n<p><img loading=\"lazy\" decoding=\"async\" src=\"https:\/\/images.ifun.de\/wp-content\/uploads\/2016\/10\/touch-bar-smileys.jpg\" alt=\"Touch Bar Smileys\" width=\"700\" height=\"386\" class=\"alignnone size-full wp-image-99370\" srcset=\"https:\/\/images.ifun.de\/wp-content\/uploads\/2016\/10\/touch-bar-smileys.jpg 700w, https:\/\/images.ifun.de\/wp-content\/uploads\/2016\/10\/touch-bar-smileys-300x165.jpg 300w\" sizes=\"auto, (max-width: 700px) 100vw, 700px\" \/><\/p>\n<h2>Nur Touch ID konnte sich durchsetzen<\/h2>\n<p>Die Touch Bar hat ihre Chance gehabt und die damit verbunden M\u00f6glichkeiten klangen zu Beginn teils auch durchaus interessant. Im Praxiseinsatz konnte die Eingabeleiste dann allerdings nicht mit der Effizienz echter Tasten konkurrieren. Auf anhaltende Proteste hin hat Apple zun\u00e4chst die Escape-Taste in Form der altgewohnten Taste und sp\u00e4ter die komplette Leiste mit Funktionstasten zur\u00fcckgebracht.<\/p>\n<p>Eine indirekt mit der Touch Bar verbundene Neuerung der damals vorgestellten MacBook-Pro-Modelle konnte sich allerdings durchsetzen und ist, wenn man sie einmal verwendet hat, kaum noch wegzudenken. Der Fingerabdrucksensor Touch ID findet sich l\u00e4ngst nicht mehr nur auf der Tastatur von Apple-Notebooks, sondern ist mittlerweile auch in Apples externe Mac-Tastaturen integriert.<\/p>\n<h2>Vintage-Status f\u00fcr 11 Apple-Ger\u00e4te<\/h2>\n<p>Neben den genannten MacBook-Pro-Modellen nimmt Apple Ende Juli auch die folgenden weiteren Mac-Modelle und iPads aus dem Hardware-Support. Dementsprechend haben die H\u00e4ndler in der Regel auch keine Ersatzteile mehr f\u00fcr diese Ger\u00e4te auf Lager.<\/p>\n<ul>\n<li>MacBook Air (13-Zoll, Anfang 2015)<\/li>\n<li>MacBook Pro (13-Zoll, 2016, 2 TBT3)<\/li>\n<li>MacBook Pro (Retina, 13-Zoll, Anfang 2015)<\/li>\n<li>MacBook Pro (13-Zoll, 2016, 4 TBT3)<\/li>\n<li>MacBook Pro (15-Zoll, 2016)<\/li>\n<li>MacBook (Retina, 12-Zoll, Anfang 2016)<\/li>\n<li>iMac (21.5-Zoll, Ende 2015)<\/li>\n<li>iMac (21.5-Zoll, Ende 2015)<\/li>\n<li>iMac (Retina 5K, 27-Zoll, Ende 2015)<\/li>\n<li>iPad Pro 9.7-Zoll WiFi<\/li>\n<li>iPad Pro 9.7-Zoll WiFi, Cellular<img loading=\"lazy\" decoding=\"async\" src=\"https:\/\/vg05.met.vgwort.de\/na\/2e6c05cfbcb24f0c9c3a5fec3302307d\" width=\"1\" height=\"1\" no-lazy class=\"tracking\"><\/li>\n<\/ul>\n","protected":false},"excerpt":{"rendered":"<a href=\"https:\/\/www.ifun.de\/apple-schickt-die-ersten-touch-bar-notebooks-in-rente-190680\/\"><img decoding=\"async\" width=\"150\" src=\"https:\/\/images.ifun.de\/wp-content\/uploads\/2016\/10\/touch-bar-smileys.jpg\" class=\"alignright wp-post-image tfe\" alt=\"Touch Bar Smileys\" title=\"\" \/><\/a><p>Es ist mittlerweile schon wieder sechs Jahre her, seit Apple die Touch Bar als &#8222;revolution\u00e4res&#8220; Eingabeinstrument vorgestellt hat. Jetzt schickt Apple die ersten mit Touch Bar vorgestellten Notebooks in Rente. Die im Oktober 2016 vorgestellten MacBook-Pro-Modelle mit 13 und 15 Zoll Bildschirmgr\u00f6\u00dfe erhalten am 31. Juli den \u201eVintage\u201c-Status. Vintage-Produkte sind laut den Apple-Richtlinien Produkte, die [&hellip;]<\/p>\n","protected":false},"author":2,"featured_media":0,"comment_status":"open","ping_status":"closed","sticky":false,"template":"","format":"standard","meta":{"_acf_changed":false,"footnotes":""},"categories":[16],"tags":[224,3477],"class_list":["post-190680","post","type-post","status-publish","format-standard","hentry","category-mac","tag-macbook-pro","tag-touch-bar"],"acf":[],"aioseo_notices":[],"subheadline":["Hardware-Support eingestellt"],"featured_image":["https:\/\/images.ifun.de\/wp-content\/uploads\/2016\/10\/macbook-pro-touch-bar-header.jpg"],"rest_api_enabler":{"subheadline":"Hardware-Support eingestellt","featured_image":"https:\/\/images.ifun.de\/wp-content\/uploads\/2016\/10\/macbook-pro-touch-bar-header.jpg"},"_links":{"self":[{"href":"https:\/\/www.ifun.de\/apiv2\/wp\/v2\/posts\/190680","targetHints":{"allow":["GET"]}}],"collection":[{"href":"https:\/\/www.ifun.de\/apiv2\/wp\/v2\/posts"}],"about":[{"href":"https:\/\/www.ifun.de\/apiv2\/wp\/v2\/types\/post"}],"author":[{"embeddable":true,"href":"https:\/\/www.ifun.de\/apiv2\/wp\/v2\/users\/2"}],"replies":[{"embeddable":true,"href":"https:\/\/www.ifun.de\/apiv2\/wp\/v2\/comments?post=190680"}],"version-history":[{"count":8,"href":"https:\/\/www.ifun.de\/apiv2\/wp\/v2\/posts\/190680\/revisions"}],"predecessor-version":[{"id":190919,"href":"https:\/\/www.ifun.de\/apiv2\/wp\/v2\/posts\/190680\/revisions\/190919"}],"wp:attachment":[{"href":"https:\/\/www.ifun.de\/apiv2\/wp\/v2\/media?parent=190680"}],"wp:term":[{"taxonomy":"category","embeddable":true,"href":"https:\/\/www.ifun.de\/apiv2\/wp\/v2\/categories?post=190680"},{"taxonomy":"post_tag","embeddable":true,"href":"https:\/\/www.ifun.de\/apiv2\/wp\/v2\/tags?post=190680"}],"curies":[{"name":"wp","href":"https:\/\/api.w.org\/{rel}","templated":true}]}}