{"id":190494,"date":"2022-07-08T11:13:24","date_gmt":"2022-07-08T09:13:24","guid":{"rendered":"https:\/\/www.ifun.de\/?p=190494"},"modified":"2022-07-08T11:14:26","modified_gmt":"2022-07-08T09:14:26","slug":"ipad-mini-laedt-nicht-apple-untersucht-ladeprobleme-von-ipados-15-5","status":"publish","type":"post","link":"https:\/\/www.ifun.de\/ipad-mini-laedt-nicht-apple-untersucht-ladeprobleme-von-ipados-15-5-190494\/","title":{"rendered":"iPad mini l\u00e4dt nicht: Apple untersucht Ladeprobleme von iPadOS 15.5"},"content":{"rendered":"<p>Die Probleme tauchen nur vereinzelt auf, k\u00f6nnen von betroffenen Nutzern aber nicht ignoriert werden: Mehrere Modelle des iPad mini der 6. Generation haben seit der Ausgabe von iPadOS 15.5 offenbar Probleme damit, sich an regul\u00e4ren Netzteilen aufladen zu lassen.<\/p>\n<p><a href=\"https:\/\/images.ifun.de\/wp-content\/uploads\/2021\/09\/ipad-mini-video.jpg\"><img loading=\"lazy\" decoding=\"async\" class=\"aligncenter size-medium wp-image-175798\" src=\"https:\/\/images.ifun.de\/wp-content\/uploads\/2021\/09\/ipad-mini-video-500x357.jpg\" alt=\"Ipad Mini Video\" width=\"500\" height=\"357\" srcset=\"https:\/\/images.ifun.de\/wp-content\/uploads\/2021\/09\/ipad-mini-video-500x357.jpg 500w, https:\/\/images.ifun.de\/wp-content\/uploads\/2021\/09\/ipad-mini-video-700x500.jpg 700w, https:\/\/images.ifun.de\/wp-content\/uploads\/2021\/09\/ipad-mini-video-768x549.jpg 768w, https:\/\/images.ifun.de\/wp-content\/uploads\/2021\/09\/ipad-mini-video.jpg 1400w\" sizes=\"auto, (max-width: 500px) 100vw, 500px\" \/><\/a><\/p>\n<h2><\/h2>\n<h2>Neustarts und Wiederherstellungen<\/h2>\n<p>Zwar <a href=\"https:\/\/discussions.apple.com\/thread\/254010093\">berichten einzelne Nutzer<\/a> davon, dass sich die Ladeprobleme durch das vollst\u00e4ndige Zur\u00fccksetzen des Apple-Tablets beheben lassen, merken aber auch an, dass diese oft nur wenige Tage nach einer zeitraubenden Ger\u00e4te-Wiederherstellung wieder zur\u00fcckkehren.<\/p>\n<p>Teilweise sorgen auch Neustarts f\u00fcr eine vor\u00fcbergehende Abhilfe, doch auch hier setzt das iPad mini der 6. Generation die Annahme von Ladestrom anschlie\u00dfend immer wieder aus.<\/p>\n<p>Entsprechend wahrscheinlich d\u00fcrfte ein Software-Fehler f\u00fcr den Bug verantwortlich sein, den Apple wohl mit der Ausgabe von iPadOS 15.5 eingef\u00fchrt haben wird.<\/p>\n<h2>Warten auf iPadOS 15.6<\/h2>\n<p>Immerhin: Der Fehler hat es inzwischen offenbar auf Apples Radar geschafft. Wie der Blogger SamySami Fathi <a href=\"https:\/\/www.macrumors.com\/2022\/07\/07\/ipados-15-5-ipad-mini-6-charging-issue\/\">berichtet<\/a> soll Apple damit begonnen haben Service-Partner \u00fcber den Fehler zu unterrichten und informiert in einer internen Notiz dar\u00fcber, dass man die beobachteten Ladeprobleme aktiv untersuchen w\u00fcrde.<\/p>\n<p>Werden vom Fehler betroffene Kunden bei den Service-Partnern vorstellig, sollen diese von einem Austausch des Ger\u00e4tes absehen und mit einem Neustart des iPads f\u00fcr vor\u00fcbergehende Abhilfe sorgen.<\/p>\n<p><div class=\"responsive-video\"><iframe loading=\"lazy\" title=\"Introducing the all-new iPad mini | Apple\" width=\"500\" height=\"281\" src=\"https:\/\/www.youtube-nocookie.com\/embed\/gdeqbg8QFJM?feature=oembed\" frameborder=\"0\" allow=\"accelerometer; autoplay; clipboard-write; encrypted-media; gyroscope; picture-in-picture; web-share\" referrerpolicy=\"strict-origin-when-cross-origin\" allowfullscreen><\/iframe><\/div><\/p>\n<p>Es ist davon auszugehen, dass Apple den Ladefehler mit der Ausgabe von iPadOS 15.6 aus der Welt r\u00e4umen wird.<\/p>\n<p>iPadOS 15.6 ist derzeit in Beta 5 verf\u00fcgbar und befindet sich seit \u00fcber 50 Tagen im Betatest. Die ungew\u00f6hnlich lange Betaphase k\u00f6nnte dabei durchaus mit der Fehlersuche zum beschriebenen Ladeproblem beim iPad mini zusammenh\u00e4ngen. Beta 5 wurde erst an diesem Dienstag zum Download bereitgestellt. Die Punkt-Aktualisierung k\u00f6nnte bereits in der kommenden Woche final freigegeben werden.<\/p>\n<p><img loading=\"lazy\" decoding=\"async\" src=\"https:\/\/vg02.met.vgwort.de\/na\/d9c6cab796534d20a90d2ff235ce4caa\" width=\"1\" height=\"1\" no-lazy class=\"tracking\"><\/p>\n","protected":false},"excerpt":{"rendered":"<a href=\"https:\/\/www.ifun.de\/ipad-mini-laedt-nicht-apple-untersucht-ladeprobleme-von-ipados-15-5-190494\/\"><img decoding=\"async\" width=\"150\" src=\"https:\/\/images.ifun.de\/wp-content\/uploads\/2021\/09\/ipad-mini-video-500x357.jpg\" class=\"alignright wp-post-image tfe\" alt=\"Ipad Mini Video\" title=\"\" \/><\/a><p>Die Probleme tauchen nur vereinzelt auf, k\u00f6nnen von betroffenen Nutzern aber nicht ignoriert werden: Mehrere Modelle des iPad mini der 6. Generation haben seit der Ausgabe von iPadOS 15.5 offenbar Probleme damit, sich an regul\u00e4ren Netzteilen aufladen zu lassen. Neustarts und Wiederherstellungen Zwar berichten einzelne Nutzer davon, dass sich die Ladeprobleme durch das vollst\u00e4ndige Zur\u00fccksetzen [&hellip;]<\/p>\n","protected":false},"author":1,"featured_media":0,"comment_status":"open","ping_status":"closed","sticky":false,"template":"","format":"standard","meta":{"_acf_changed":false,"footnotes":""},"categories":[10],"tags":[4736,531,1335,1886,177],"class_list":["post-190494","post","type-post","status-publish","format-standard","hentry","category-ipad","tag-apple","tag-bug","tag-ipad-mini","tag-laden","tag-problem"],"acf":[],"aioseo_notices":[],"subheadline":["Software-Fehler wartet auf Update"],"featured_image":["https:\/\/images.ifun.de\/wp-content\/uploads\/2021\/09\/ipad-mini-feature-1.jpg"],"rest_api_enabler":{"subheadline":"Software-Fehler wartet auf Update","featured_image":"https:\/\/images.ifun.de\/wp-content\/uploads\/2021\/09\/ipad-mini-feature-1.jpg"},"_links":{"self":[{"href":"https:\/\/www.ifun.de\/apiv2\/wp\/v2\/posts\/190494","targetHints":{"allow":["GET"]}}],"collection":[{"href":"https:\/\/www.ifun.de\/apiv2\/wp\/v2\/posts"}],"about":[{"href":"https:\/\/www.ifun.de\/apiv2\/wp\/v2\/types\/post"}],"author":[{"embeddable":true,"href":"https:\/\/www.ifun.de\/apiv2\/wp\/v2\/users\/1"}],"replies":[{"embeddable":true,"href":"https:\/\/www.ifun.de\/apiv2\/wp\/v2\/comments?post=190494"}],"version-history":[{"count":2,"href":"https:\/\/www.ifun.de\/apiv2\/wp\/v2\/posts\/190494\/revisions"}],"predecessor-version":[{"id":190497,"href":"https:\/\/www.ifun.de\/apiv2\/wp\/v2\/posts\/190494\/revisions\/190497"}],"wp:attachment":[{"href":"https:\/\/www.ifun.de\/apiv2\/wp\/v2\/media?parent=190494"}],"wp:term":[{"taxonomy":"category","embeddable":true,"href":"https:\/\/www.ifun.de\/apiv2\/wp\/v2\/categories?post=190494"},{"taxonomy":"post_tag","embeddable":true,"href":"https:\/\/www.ifun.de\/apiv2\/wp\/v2\/tags?post=190494"}],"curies":[{"name":"wp","href":"https:\/\/api.w.org\/{rel}","templated":true}]}}