{"id":190150,"date":"2022-07-04T10:12:27","date_gmt":"2022-07-04T08:12:27","guid":{"rendered":"https:\/\/www.ifun.de\/?p=190150"},"modified":"2022-07-04T10:12:27","modified_gmt":"2022-07-04T08:12:27","slug":"nach-eu-untersuchung-kuendigung-von-amazon-prime-wird-einfacher","status":"publish","type":"post","link":"https:\/\/www.ifun.de\/nach-eu-untersuchung-kuendigung-von-amazon-prime-wird-einfacher-190150\/","title":{"rendered":"Nach EU-Untersuchung: K\u00fcndigung von Amazon Prime wird einfacher"},"content":{"rendered":"<p>Keine zwei Wochen vor dem diesj\u00e4hrigen <a rel=\"noindex, nofollow\" href=\"https:\/\/www.amazon.de\/primeday?&amp;linkCode=ll2&amp;tag=musicweb02&amp;linkId=4729c8dbac63c71d36e1126480551021&amp;language=de_DE&amp;ref_=as_li_ss_tl\">Prime Day am 12. Juli<\/a> hat die Europ\u00e4ische Union dem Online-H\u00e4ndler Amazon noch mal auf die Finger geklopft. Nach Gespr\u00e4chen zwischen Amazon und der Europ\u00e4ischen Kommission hat der Marktplatz-Betreiber nun zugesagt, die K\u00fcndigung laufender Prime-Mitgliedschaften deutlich zu vereinfachen.<\/p>\n<p><a href=\"https:\/\/images.ifun.de\/wp-content\/uploads\/2022\/07\/prime-stopp-1400.jpg\"><img loading=\"lazy\" decoding=\"async\" class=\"aligncenter size-medium wp-image-190154\" src=\"https:\/\/images.ifun.de\/wp-content\/uploads\/2022\/07\/prime-stopp-1400-500x305.jpg\" alt=\"Prime Stopp 1400\" width=\"500\" height=\"305\" srcset=\"https:\/\/images.ifun.de\/wp-content\/uploads\/2022\/07\/prime-stopp-1400-500x305.jpg 500w, https:\/\/images.ifun.de\/wp-content\/uploads\/2022\/07\/prime-stopp-1400-700x427.jpg 700w, https:\/\/images.ifun.de\/wp-content\/uploads\/2022\/07\/prime-stopp-1400-768x468.jpg 768w, https:\/\/images.ifun.de\/wp-content\/uploads\/2022\/07\/prime-stopp-1400.jpg 1400w\" sizes=\"auto, (max-width: 500px) 100vw, 500px\" \/><\/a><\/p>\n<h2>Bewusst verkompliziert<\/h2>\n<p>Dem Kompromiss vorausgegangen war eine <a href=\"https:\/\/www.forbrukerradet.no\/side\/amazon-makes-it-easier-to-cancel-prime-following-complaints-from-european-consumer-organisations\/\">gemeinschaftliche Beschwerde<\/a> von 16 europ\u00e4ischen Verbraucherschutz-Organisationen, die Amazon vorgeworfen hatten das Abmelden der Prime Mitgliedschaft bewusst zu verkomplizieren. Grunds\u00e4tzlich sollten K\u00fcndigungen genau so reibungslos und unproblematisch per Mausklick vorgenommen werden k\u00f6nnen, wie der Abschluss eines entsprechenden Abos. Dies war bei Amazon jedoch nicht der Fall.<\/p>\n<p><a href=\"https:\/\/images.ifun.de\/wp-content\/uploads\/2022\/07\/amazon-prime-kuendigung.jpg\"><img loading=\"lazy\" decoding=\"async\" class=\"aligncenter size-large wp-image-190151\" src=\"https:\/\/images.ifun.de\/wp-content\/uploads\/2022\/07\/amazon-prime-kuendigung-700x329.jpg\" alt=\"Amazon Prime Kuendigung\" width=\"700\" height=\"329\" srcset=\"https:\/\/images.ifun.de\/wp-content\/uploads\/2022\/07\/amazon-prime-kuendigung-700x329.jpg 700w, https:\/\/images.ifun.de\/wp-content\/uploads\/2022\/07\/amazon-prime-kuendigung-500x235.jpg 500w, https:\/\/images.ifun.de\/wp-content\/uploads\/2022\/07\/amazon-prime-kuendigung-768x361.jpg 768w, https:\/\/images.ifun.de\/wp-content\/uploads\/2022\/07\/amazon-prime-kuendigung.jpg 1500w\" sizes=\"auto, (max-width: 700px) 100vw, 700px\" \/><\/a><\/p>\n<h6>Bislang: Nur umst\u00e4ndlich zur K\u00fcndigung<\/h6>\n<p>Im Gegenteil: Wie aus internen Dokumenten des Online-H\u00e4ndlers hervorgeht, \u00fcber die der Business Insider im M\u00e4rz dieses Jahres <a href=\"https:\/\/www.businessinsider.com\/amazon-project-iliad-made-cancel-prime-membership-harer-leaked-data-2022-3?r=US&amp;IR=T\">berichtete<\/a>, hat Amazon sogar aktiv daran gearbeitet den K\u00fcndigungsablauf zu erschweren. Statt die K\u00fcndigung nach dem ersten Klick und einer Best\u00e4tigung greifen zu lassen, hat Amazon k\u00fcndigungswillige Nutzer nicht nur mit einer Reihe von Fragen konfrontiert, sondern auch immer neue Halteangebote unterbreitet, um diese vom eigentlichen Vorhaben abzubringen.<\/p>\n<h2>Fortan in zwei einfachen Schritten<\/h2>\n<p>Der Prozess der K\u00fcndigung wurde von Amazon durch einen unn\u00f6tig schwierigen und frustrierenden Ablauf so manipuliert, dass die K\u00fcndigungsrate zwischenzeitlich um etwa 14% fiel.<\/p>\n<p><a href=\"https:\/\/images.ifun.de\/wp-content\/uploads\/2022\/07\/amazon-prime-kuendigung-neu.jpg\"><img loading=\"lazy\" decoding=\"async\" class=\"aligncenter size-large wp-image-190152\" src=\"https:\/\/images.ifun.de\/wp-content\/uploads\/2022\/07\/amazon-prime-kuendigung-neu-700x303.jpg\" alt=\"Amazon Prime Kuendigung Neu\" width=\"700\" height=\"303\" srcset=\"https:\/\/images.ifun.de\/wp-content\/uploads\/2022\/07\/amazon-prime-kuendigung-neu-700x303.jpg 700w, https:\/\/images.ifun.de\/wp-content\/uploads\/2022\/07\/amazon-prime-kuendigung-neu-500x216.jpg 500w, https:\/\/images.ifun.de\/wp-content\/uploads\/2022\/07\/amazon-prime-kuendigung-neu-768x332.jpg 768w, https:\/\/images.ifun.de\/wp-content\/uploads\/2022\/07\/amazon-prime-kuendigung-neu.jpg 1500w\" sizes=\"auto, (max-width: 700px) 100vw, 700px\" \/><\/a><\/p>\n<h6>Das neue 2-Schritt-Verfahren<\/h6>\n<p>Damit ist nun Schluss. So hat sich Amazon <a href=\"https:\/\/ec.europa.eu\/commission\/presscorner\/detail\/de\/ip_22_4186\">jetzt dazu bereiterkl\u00e4rt<\/a>, das Abmeldeverfahren f\u00fcr Amazon Prime an EU-Verbraucherschutzvorschriften anzupassen und will eine Abmeldung in nur noch zwei Schritten erm\u00f6glichen, die auf Ebene der nationalen Prime-Seiten nach und nach umgesetzt werden soll. Erste \u00c4nderungen soll Amazon bereits vorgenommen haben.<\/p>\n<p>Der EU-Justizkommissar Didier Reynders kommentiert die Einigung:<\/p>\n<blockquote><p>Online-Abonnements k\u00f6nnen eine praktische Sache sein, die Anmeldung ist meist unkompliziert. Die Abmeldung sollte aber genauso einfach sein. Die Verbraucherinnen und Verbraucher d\u00fcrfen bei der Wahrnehmung ihrer Rechte keinem Druck durch die Plattformen ausgesetzt sein. Eine Sache ist jedenfalls klar: Manipulatives Design und \u201eDark Patterns\u201c geh\u00f6ren verboten. Ich begr\u00fc\u00dfe die Zusage von Amazon, seine Verfahren zu vereinfachen, damit sich die Verbraucherinnen und Verbraucher frei entscheiden und auf einfachem Wege abmelden k\u00f6nnen.<\/p><\/blockquote>\n<p><img loading=\"lazy\" decoding=\"async\" src=\"https:\/\/vg02.met.vgwort.de\/na\/3248c5b9ac414797a877520a59218a81\" width=\"1\" height=\"1\" no-lazy class=\"tracking\"><\/p>\n","protected":false},"excerpt":{"rendered":"<a href=\"https:\/\/www.ifun.de\/nach-eu-untersuchung-kuendigung-von-amazon-prime-wird-einfacher-190150\/\"><img width=\"150\" height=\"150\" src=\"https:\/\/images.ifun.de\/wp-content\/uploads\/2022\/07\/amazon-prime-kuendigung-neu-150x150.jpg\" class=\"alignright tfe wp-post-image\" alt=\"Amazon Prime Kuendigung Neu\" decoding=\"async\" loading=\"lazy\" \/><\/a><p>Keine zwei Wochen vor dem diesj\u00e4hrigen Prime Day am 12. Juli hat die Europ\u00e4ische Union dem Online-H\u00e4ndler Amazon noch mal auf die Finger geklopft. Nach Gespr\u00e4chen zwischen Amazon und der Europ\u00e4ischen Kommission hat der Marktplatz-Betreiber nun zugesagt, die K\u00fcndigung laufender Prime-Mitgliedschaften deutlich zu vereinfachen. Bewusst verkompliziert Dem Kompromiss vorausgegangen war eine gemeinschaftliche Beschwerde von 16 [&hellip;]<\/p>\n","protected":false},"author":1,"featured_media":190152,"comment_status":"open","ping_status":"closed","sticky":false,"template":"","format":"standard","meta":{"_acf_changed":false,"footnotes":""},"categories":[1],"tags":[53,2689,553,2583],"class_list":["post-190150","post","type-post","status-publish","format-standard","has-post-thumbnail","hentry","category-news","tag-amazon","tag-amazon-prime","tag-recht","tag-verbraucherschutz"],"acf":[],"aioseo_notices":[],"subheadline":["Bewusst verkompliziert"],"featured_image":["https:\/\/images.ifun.de\/wp-content\/uploads\/2022\/02\/prime-paket-feature.jpg"],"rest_api_enabler":{"subheadline":"Bewusst verkompliziert","featured_image":"https:\/\/images.ifun.de\/wp-content\/uploads\/2022\/02\/prime-paket-feature.jpg"},"_links":{"self":[{"href":"https:\/\/www.ifun.de\/apiv2\/wp\/v2\/posts\/190150","targetHints":{"allow":["GET"]}}],"collection":[{"href":"https:\/\/www.ifun.de\/apiv2\/wp\/v2\/posts"}],"about":[{"href":"https:\/\/www.ifun.de\/apiv2\/wp\/v2\/types\/post"}],"author":[{"embeddable":true,"href":"https:\/\/www.ifun.de\/apiv2\/wp\/v2\/users\/1"}],"replies":[{"embeddable":true,"href":"https:\/\/www.ifun.de\/apiv2\/wp\/v2\/comments?post=190150"}],"version-history":[{"count":2,"href":"https:\/\/www.ifun.de\/apiv2\/wp\/v2\/posts\/190150\/revisions"}],"predecessor-version":[{"id":190155,"href":"https:\/\/www.ifun.de\/apiv2\/wp\/v2\/posts\/190150\/revisions\/190155"}],"wp:featuredmedia":[{"embeddable":true,"href":"https:\/\/www.ifun.de\/apiv2\/wp\/v2\/media\/190152"}],"wp:attachment":[{"href":"https:\/\/www.ifun.de\/apiv2\/wp\/v2\/media?parent=190150"}],"wp:term":[{"taxonomy":"category","embeddable":true,"href":"https:\/\/www.ifun.de\/apiv2\/wp\/v2\/categories?post=190150"},{"taxonomy":"post_tag","embeddable":true,"href":"https:\/\/www.ifun.de\/apiv2\/wp\/v2\/tags?post=190150"}],"curies":[{"name":"wp","href":"https:\/\/api.w.org\/{rel}","templated":true}]}}