{"id":189742,"date":"2022-06-27T16:14:00","date_gmt":"2022-06-27T14:14:00","guid":{"rendered":"https:\/\/www.ifun.de\/?p=189742"},"modified":"2022-06-30T06:50:34","modified_gmt":"2022-06-30T04:50:34","slug":"apple-europa-erste-stores-draengen-wieder-zur-maskennutzung","status":"publish","type":"post","link":"https:\/\/www.ifun.de\/apple-europa-erste-stores-draengen-wieder-zur-maskennutzung-189742\/","title":{"rendered":"Apple Europa: Erste Stores dr\u00e4ngen wieder zur Maskennutzung"},"content":{"rendered":"<p>Apple reagiert in ersten europ\u00e4ischen Filialen auf die sogenannte Sommerwelle und ist in Frankreich nun wieder dazu \u00fcbergegangen den Mitarbeitern das Tragen eines Mund-Nase-Schutzes w\u00e4hrend der Schicht nicht mehr freizustellen. In Apples franz\u00f6sischen Filialen herrscht jetzt wieder Maskenpflicht f\u00fcr die Belegschaft.<\/p>\n<p><a href=\"https:\/\/images.ifun.de\/wp-content\/uploads\/2021\/07\/apple-store-maske.jpg\"><img loading=\"lazy\" decoding=\"async\" class=\"aligncenter size-medium wp-image-173157\" src=\"https:\/\/images.ifun.de\/wp-content\/uploads\/2021\/07\/apple-store-maske-500x402.jpg\" alt=\"Apple Store Maske\" width=\"500\" height=\"402\" srcset=\"https:\/\/images.ifun.de\/wp-content\/uploads\/2021\/07\/apple-store-maske-500x402.jpg 500w, https:\/\/images.ifun.de\/wp-content\/uploads\/2021\/07\/apple-store-maske-700x563.jpg 700w, https:\/\/images.ifun.de\/wp-content\/uploads\/2021\/07\/apple-store-maske-768x618.jpg 768w, https:\/\/images.ifun.de\/wp-content\/uploads\/2021\/07\/apple-store-maske.jpg 980w\" sizes=\"auto, (max-width: 500px) 100vw, 500px\" \/><\/a><\/p>\n<h6>Apple-Mitarbeiter wieder mit Masken<\/h6>\n<p>Dies meldet das franz\u00f6sische Apple-Portal <a href=\"https:\/\/www.macg.co\/aapl\/2022\/06\/retour-du-port-du-masque-obligatoire-pour-les-salaries-des-apple-store-en-france-129893\">MacGeneration<\/a> unter Berufung auf eigene Quellen und verweist zudem auf eine seit mehreren Wochen anhaltende Zunahmen an neuen Corona-F\u00e4llen in Frankreich.<\/p>\n<h2>\u00d6ffnungszeiten in D\u00fcsseldorf betroffen<\/h2>\n<p>In Deutschland hatte Apple w\u00e4hrend der 24. Kalenderwoche die \u00d6ffnungszeiten der D\u00fcsseldorfer Filiale radikal zusammengestrichen. Auch hier sollen sich zahlreiche Mitarbeiter mit dem Coronavirus infiziert haben, allerdings sind diese Angaben bislang unbest\u00e4tigt, offiziell hat Apple die Corona-Schutzvorkehrungen hierzulande (noch) nicht versch\u00e4rft.<\/p>\n<p>Laut den Auswertungen des <a href=\"https:\/\/coronavirus.jhu.edu\/map.html\">Johns Hopkins Coronavirus Resource Center<\/a> kommt Deutschland auf bislang 27,7 Millionen Coronavirus-Erkrankungen, unsere Nachbarn in Frankreich haben seit Beginn der Pandemie 30,7 Millionen F\u00e4lle gez\u00e4hlt. W\u00e4hrend in Frankreich die Anzahl der Neuinfizierten binnen der letzten 28 Tage bei 1,04 Millionen lag, z\u00e4hlte Deutschland im gleichen Zeitraum 1,5 Millionen neuer F\u00e4lle.<\/p>\n<p>Bis auf Langkreisebene lassen sich die aktuellen Daten f\u00fcr Deutschland im <a href=\"https:\/\/experience.arcgis.com\/experience\/478220a4c454480e823b17327b2bf1d4\">offiziellen COVID-19-Dashboards<\/a> des Robert Koch-Institut einsehen.<\/p>\n<p><a href=\"https:\/\/images.ifun.de\/wp-content\/uploads\/2022\/06\/corona-dashboard-1400.jpg\"><img loading=\"lazy\" decoding=\"async\" src=\"https:\/\/images.ifun.de\/wp-content\/uploads\/2022\/06\/corona-dashboard-1400-700x464.jpg\" alt=\"Corona Dashboard 1400\" width=\"700\" height=\"464\" class=\"aligncenter size-large wp-image-189743\" srcset=\"https:\/\/images.ifun.de\/wp-content\/uploads\/2022\/06\/corona-dashboard-1400-700x464.jpg 700w, https:\/\/images.ifun.de\/wp-content\/uploads\/2022\/06\/corona-dashboard-1400-500x331.jpg 500w, https:\/\/images.ifun.de\/wp-content\/uploads\/2022\/06\/corona-dashboard-1400-768x509.jpg 768w, https:\/\/images.ifun.de\/wp-content\/uploads\/2022\/06\/corona-dashboard-1400.jpg 1400w\" sizes=\"auto, (max-width: 700px) 100vw, 700px\" \/><\/a><\/p>\n<h6>Das COVID-19-Dashboards des Robert Koch-Instituts<\/h6>\n<p>Apple selbst hat die Covid-Informationen von den deutschen Apple Retail-Seiten entfernt und verlangt von Besuchern keine gesonderten Schutzma\u00dfnahmen mehr. Hierzulande lassen sich Spontanbesuche bis auf Weiteres ohne Maske und Termin durchf\u00fchren. Auch in Frankreich gilt die Maskenpflicht vorerst nur f\u00fcr die Mitarbeitenden, Kunden und flanierende Besucher k\u00f6nnen auch weiterhin auf eigene Masken verzichten.<\/p>\n<p><img loading=\"lazy\" decoding=\"async\" src=\"https:\/\/vg02.met.vgwort.de\/na\/69fa697724c0490e9bc6336d1954a349\" width=\"1\" height=\"1\" no-lazy class=\"tracking\"><\/p>\n","protected":false},"excerpt":{"rendered":"<a href=\"https:\/\/www.ifun.de\/apple-europa-erste-stores-draengen-wieder-zur-maskennutzung-189742\/\"><img width=\"150\" height=\"150\" src=\"https:\/\/images.ifun.de\/wp-content\/uploads\/2022\/06\/corona-dashboard-1400-150x150.jpg\" class=\"alignright tfe wp-post-image\" alt=\"Corona Dashboard 1400\" decoding=\"async\" loading=\"lazy\" \/><\/a><p>Apple reagiert in ersten europ\u00e4ischen Filialen auf die sogenannte Sommerwelle und ist in Frankreich nun wieder dazu \u00fcbergegangen den Mitarbeitern das Tragen eines Mund-Nase-Schutzes w\u00e4hrend der Schicht nicht mehr freizustellen. In Apples franz\u00f6sischen Filialen herrscht jetzt wieder Maskenpflicht f\u00fcr die Belegschaft. Apple-Mitarbeiter wieder mit Masken Dies meldet das franz\u00f6sische Apple-Portal MacGeneration unter Berufung auf eigene [&hellip;]<\/p>\n","protected":false},"author":1,"featured_media":189743,"comment_status":"open","ping_status":"closed","sticky":false,"template":"","format":"standard","meta":{"_acf_changed":false,"footnotes":""},"categories":[3,1783],"tags":[4736,246,1125,5061],"class_list":["post-189742","post","type-post","status-publish","format-standard","has-post-thumbnail","hentry","category-apple","category-feature","tag-apple","tag-europa","tag-frankreich","tag-maske"],"acf":[],"aioseo_notices":[],"featured_image":["https:\/\/images.ifun.de\/wp-content\/uploads\/2020\/07\/apple-stores-maske-feature.jpg"],"subheadline":["Frankreich wieder strenger"],"rest_api_enabler":{"featured_image":"https:\/\/images.ifun.de\/wp-content\/uploads\/2020\/07\/apple-stores-maske-feature.jpg","subheadline":"Frankreich wieder strenger"},"_links":{"self":[{"href":"https:\/\/www.ifun.de\/apiv2\/wp\/v2\/posts\/189742","targetHints":{"allow":["GET"]}}],"collection":[{"href":"https:\/\/www.ifun.de\/apiv2\/wp\/v2\/posts"}],"about":[{"href":"https:\/\/www.ifun.de\/apiv2\/wp\/v2\/types\/post"}],"author":[{"embeddable":true,"href":"https:\/\/www.ifun.de\/apiv2\/wp\/v2\/users\/1"}],"replies":[{"embeddable":true,"href":"https:\/\/www.ifun.de\/apiv2\/wp\/v2\/comments?post=189742"}],"version-history":[{"count":2,"href":"https:\/\/www.ifun.de\/apiv2\/wp\/v2\/posts\/189742\/revisions"}],"predecessor-version":[{"id":189748,"href":"https:\/\/www.ifun.de\/apiv2\/wp\/v2\/posts\/189742\/revisions\/189748"}],"wp:featuredmedia":[{"embeddable":true,"href":"https:\/\/www.ifun.de\/apiv2\/wp\/v2\/media\/189743"}],"wp:attachment":[{"href":"https:\/\/www.ifun.de\/apiv2\/wp\/v2\/media?parent=189742"}],"wp:term":[{"taxonomy":"category","embeddable":true,"href":"https:\/\/www.ifun.de\/apiv2\/wp\/v2\/categories?post=189742"},{"taxonomy":"post_tag","embeddable":true,"href":"https:\/\/www.ifun.de\/apiv2\/wp\/v2\/tags?post=189742"}],"curies":[{"name":"wp","href":"https:\/\/api.w.org\/{rel}","templated":true}]}}