{"id":189209,"date":"2022-06-17T16:31:32","date_gmt":"2022-06-17T14:31:32","guid":{"rendered":"https:\/\/www.ifun.de\/?p=189209"},"modified":"2022-06-17T18:16:28","modified_gmt":"2022-06-17T16:16:28","slug":"kalender-app-calendars-von-readdle-fuer-den-mac-verfuegbar","status":"publish","type":"post","link":"https:\/\/www.ifun.de\/kalender-app-calendars-von-readdle-fuer-den-mac-verfuegbar-189209\/","title":{"rendered":"Kalender-App &#8222;Calendars&#8220; von Readdle f\u00fcr den Mac verf\u00fcgbar"},"content":{"rendered":"<p>Mit <a href=\"https:\/\/readdle.com\/de\/calendars\">Calendars f\u00fcr Mac<\/a> ist die bereits als iOS-Version bekannte Kalender-App von Readdle jetzt auch f\u00fcr den Apple-Desktop erh\u00e4ltlich. Die neue Mac-Version erinnert optisch und vom Funktionsumfang in weiten Bereichen an die iOS-Version und will die Produktivit\u00e4t seiner Nutzer durch eine enge Verkn\u00fcpfung von Terminplanung und Aufgabenverwaltung optimieren.<\/p>\n<p>Das Hauptfenster der Kalender-App pr\u00e4sentiert sich standardm\u00e4\u00dfig mit einer seitlich angegliederten Aufgabenverwaltung. Dabei l\u00e4sst sich Calendars optional mit den Apple-Anwendungen Kalender und Erinnerungen verkn\u00fcpfen, sodass die Inhalte in beide Richtungen automatisch synchronisiert werden. Dar\u00fcber hinaus ist Calendars auch mit den Online-Kalendern von Google sowie Microsoft Exchange und Outlook kompatibel.<\/p>\n<p><img loading=\"lazy\" decoding=\"async\" src=\"https:\/\/images.ifun.de\/wp-content\/uploads\/2022\/06\/readdle-calendars-ansicht-700x379.jpg\" alt=\"Readdle Calendars Ansicht\" width=\"700\" height=\"379\" class=\"alignnone size-large wp-image-189212\" srcset=\"https:\/\/images.ifun.de\/wp-content\/uploads\/2022\/06\/readdle-calendars-ansicht-700x379.jpg 700w, https:\/\/images.ifun.de\/wp-content\/uploads\/2022\/06\/readdle-calendars-ansicht-500x270.jpg 500w, https:\/\/images.ifun.de\/wp-content\/uploads\/2022\/06\/readdle-calendars-ansicht-768x415.jpg 768w, https:\/\/images.ifun.de\/wp-content\/uploads\/2022\/06\/readdle-calendars-ansicht.jpg 1400w\" sizes=\"auto, (max-width: 700px) 100vw, 700px\" \/><\/p>\n<h2>Kombinierte Termin- und Aufgabenverwaltung<\/h2>\n<p>Die Kombination von Kalender und Erinnerungen in der Hauptansicht soll insbesondere die Tagesplanung und Terminverwaltung erleichtern. Die jeweiligen Aufgaben lassen sich ebenso wie die Kalendereintr\u00e4ge per Drag-and-Drop in der Ansicht verschieben und k\u00f6nnen auf diese Weise auch als feste Timeslots in die Terminverwaltung integriert werden.<\/p>\n<p>Der Kalenderbereich der App l\u00e4sst sich dabei als einzelner Tag, als Wochen- oder als Monatsansicht anzeigen. Falls man sich vollst\u00e4ndig auf die Aufgabenverwaltung konzentrieren will, kann man den Kalender auch komplett ausblenden. \u00dcber die Einstellungen lassen sich dann weitere Details konfigurieren, neben der Anzeige von Kalenderwochen besteht hier auch die Option zum Einblenden von Wetterinformationen.<\/p>\n<p><img loading=\"lazy\" decoding=\"async\" src=\"https:\/\/images.ifun.de\/wp-content\/uploads\/2022\/06\/readdle-calendars-geraete-700x307.jpg\" alt=\"Readdle Calendars Geraete\" width=\"700\" height=\"307\" class=\"alignnone size-large wp-image-189213\" srcset=\"https:\/\/images.ifun.de\/wp-content\/uploads\/2022\/06\/readdle-calendars-geraete-700x307.jpg 700w, https:\/\/images.ifun.de\/wp-content\/uploads\/2022\/06\/readdle-calendars-geraete-500x219.jpg 500w, https:\/\/images.ifun.de\/wp-content\/uploads\/2022\/06\/readdle-calendars-geraete-768x337.jpg 768w, https:\/\/images.ifun.de\/wp-content\/uploads\/2022\/06\/readdle-calendars-geraete.jpg 1400w\" sizes=\"auto, (max-width: 700px) 100vw, 700px\" \/><\/p>\n<h2>Jetzt bitte noch in die Men\u00fcleiste<\/h2>\n<p>Alles in allem macht die Mac-Version von Readdle Calendars einen guten ersten Eindruck. Allerdings w\u00fcrden wir uns mit dem Desktop-Auftritt verbunden noch eine Men\u00fcleisten-Integration w\u00fcnschen. Hier besteht auf jeden Fall noch Potenzial f\u00fcr die Weiterentwicklung.<\/p>\n<p>Die Preisgestaltung d\u00fcrfte vor allen bestehende Nutzer des iOS-Kalenders von Readdle erfreuen. Wer hier bereit die Pro-Version nutzt, kann auch die Mac-App in vollem Umfang kostenlos nutzen. Andernfalls f\u00e4llt nach einer siebent\u00e4gigen kostenlosen Testphase ein Jahrespreis in H\u00f6he von 21,99 Euro an. In der Basisversion ist die Nutzung der App dauerhaft kostenlos.<img loading=\"lazy\" decoding=\"async\" src=\"https:\/\/vg07.met.vgwort.de\/na\/c3b789bf35df41f3bfdcbe87e4a2848c\" width=\"1\" height=\"1\" alt=\"\" no-lazy class=\"tracking\"><\/p>\n<!-- WP-Appbox (Version: 4.5.12 \/\/ Store: appstore \/\/ ID: 608834326) -->\t<!-- app-link -->\n\t<div id=\"article-single-app-preview\">\n\t\t<div id=\"article-single-app-preview-header\">\n\t\t\t<span class=\"title\">Laden im App Store<\/span>\n\t\t<\/div>\n\t\t<div id=\"article-single-app-preview-content\">\n\t\t\t<div id=\"article-single-app-preview-img\"><img loading=\"lazy\" decoding=\"async\" src=\"\/\/is1-ssl.mzstatic.com\/image\/thumb\/PurpleSource211\/v4\/e5\/d2\/b0\/e5d2b036-7ede-053e-85a7-67ccf8c589ed\/Placeholder.mill\/48x48bb-75.png\" alt=\"Unbekannte App\"  height=\"72\" width=\"72\" class=\"asl-icon-img\" \/><\/div>\n\t\t\t<div id=\"article-single-app-preview-desc\">\n\t\t\t\t<span class=\"name\">Unbekannte App<\/span><br \/>\n\t\t\t\t<span class=\"seller\">Entwickler: Unbekannt<\/span>\n\t\t\t<\/div>\n\t\t\t<a target=\"_blank\" rel=\"nofollow\" href=\"https:\/\/apps.apple.com\/cn\/iphone\/today\"><div id=\"article-single-app-preview-download\">Preis: Kostenlos<br \/>\n\t\t\t<span class=\"size\">Laden<\/span><\/div><\/a>\n\t\t<\/div>\n\t\t<!-- <div id=\"article-single-app-preview-footer\"><\/div>\t-->\n\t<\/div>\n\t<!-- app-link\/ende --><!-- \/WP-Appbox -->\n","protected":false},"excerpt":{"rendered":"<a href=\"https:\/\/www.ifun.de\/kalender-app-calendars-von-readdle-fuer-den-mac-verfuegbar-189209\/\"><img width=\"150\" height=\"150\" src=\"https:\/\/images.ifun.de\/wp-content\/uploads\/2022\/06\/readdle-calendars-geraete-150x150.jpg\" class=\"alignright tfe wp-post-image\" alt=\"Readdle Calendars Geraete\" decoding=\"async\" loading=\"lazy\" \/><\/a><p>Mit Calendars f\u00fcr Mac ist die bereits als iOS-Version bekannte Kalender-App von Readdle jetzt auch f\u00fcr den Apple-Desktop erh\u00e4ltlich. Die neue Mac-Version erinnert optisch und vom Funktionsumfang in weiten Bereichen an die iOS-Version und will die Produktivit\u00e4t seiner Nutzer durch eine enge Verkn\u00fcpfung von Terminplanung und Aufgabenverwaltung optimieren. Das Hauptfenster der Kalender-App pr\u00e4sentiert sich standardm\u00e4\u00dfig [&hellip;]<\/p>\n","protected":false},"author":2,"featured_media":189213,"comment_status":"open","ping_status":"closed","sticky":false,"template":"","format":"standard","meta":{"_acf_changed":false,"footnotes":""},"categories":[16],"tags":[4737,151,6321,1123],"class_list":["post-189209","post","type-post","status-publish","format-standard","has-post-thumbnail","hentry","category-mac","tag-apps","tag-kalender","tag-mac","tag-readdle"],"acf":[],"aioseo_notices":[],"subheadline":["Aufgabenverwaltung inklusive"],"featured_image":["https:\/\/images.ifun.de\/wp-content\/uploads\/2022\/06\/readdle-calendars-feature.jpg"],"rest_api_enabler":{"subheadline":"Aufgabenverwaltung inklusive","featured_image":"https:\/\/images.ifun.de\/wp-content\/uploads\/2022\/06\/readdle-calendars-feature.jpg"},"_links":{"self":[{"href":"https:\/\/www.ifun.de\/apiv2\/wp\/v2\/posts\/189209","targetHints":{"allow":["GET"]}}],"collection":[{"href":"https:\/\/www.ifun.de\/apiv2\/wp\/v2\/posts"}],"about":[{"href":"https:\/\/www.ifun.de\/apiv2\/wp\/v2\/types\/post"}],"author":[{"embeddable":true,"href":"https:\/\/www.ifun.de\/apiv2\/wp\/v2\/users\/2"}],"replies":[{"embeddable":true,"href":"https:\/\/www.ifun.de\/apiv2\/wp\/v2\/comments?post=189209"}],"version-history":[{"count":8,"href":"https:\/\/www.ifun.de\/apiv2\/wp\/v2\/posts\/189209\/revisions"}],"predecessor-version":[{"id":189231,"href":"https:\/\/www.ifun.de\/apiv2\/wp\/v2\/posts\/189209\/revisions\/189231"}],"wp:featuredmedia":[{"embeddable":true,"href":"https:\/\/www.ifun.de\/apiv2\/wp\/v2\/media\/189213"}],"wp:attachment":[{"href":"https:\/\/www.ifun.de\/apiv2\/wp\/v2\/media?parent=189209"}],"wp:term":[{"taxonomy":"category","embeddable":true,"href":"https:\/\/www.ifun.de\/apiv2\/wp\/v2\/categories?post=189209"},{"taxonomy":"post_tag","embeddable":true,"href":"https:\/\/www.ifun.de\/apiv2\/wp\/v2\/tags?post=189209"}],"curies":[{"name":"wp","href":"https:\/\/api.w.org\/{rel}","templated":true}]}}