{"id":188784,"date":"2022-06-10T14:34:38","date_gmt":"2022-06-10T12:34:38","guid":{"rendered":"https:\/\/www.ifun.de\/?p=188784"},"modified":"2022-06-15T10:29:55","modified_gmt":"2022-06-15T08:29:55","slug":"internet-grundversorgung-bundesrat-stimmt-mindestgeschwindigkeiten-zu","status":"publish","type":"post","link":"https:\/\/www.ifun.de\/internet-grundversorgung-bundesrat-stimmt-mindestgeschwindigkeiten-zu-188784\/","title":{"rendered":"Internet-Grundversorgung: Bundesrat stimmt Mindestgeschwindigkeit zu"},"content":{"rendered":"<p>Der Bundesrat hat in seiner <a href=\"https:\/\/www.bundesrat.de\/DE\/plenum\/bundesrat-kompakt\/22\/1022\/21.html\">1022. Sitzung<\/a> heute den Weg frei f\u00fcr erste Internet-Mindestgeschwindigkeiten in Deutschland gemacht. Mit seiner Zustimmung zu der vor Ordnung der Bundesnetzagentur gilt f\u00fcr Internet-Dienstleister fortan: neue Anschl\u00fcsse m\u00fcssen im Upstream mindestens einen Datendurchsatz von 1,7 Megabit pro Sekunde liefern, im Downstream m\u00fcssen mindestens 10 Megabit pro Sekunde durch die Leitung kriechen.<\/p>\n<blockquote class=\"twitter-tweet\">\n<p dir=\"ltr\" lang=\"de\">Die Zustimmung des <a href=\"https:\/\/twitter.com\/bundesrat?ref_src=twsrc%5Etfw\">@Bundesrat<\/a>|s zur <a href=\"https:\/\/twitter.com\/hashtag\/Internetmindestversorgung?src=hash&amp;ref_src=twsrc%5Etfw\">#Internetmindestversorgung<\/a> ist eine gute Nachricht f\u00fcr alle Menschen, die heute schlecht versorgt sind. Die Festlegung ist ein Anfang, die <a href=\"https:\/\/twitter.com\/bnetza?ref_src=twsrc%5Etfw\">@bnetza<\/a> wird die Werte j\u00e4hrlich \u00fcberpr\u00fcfen &amp; Anbieter ggf. zur <a href=\"https:\/\/twitter.com\/hashtag\/Mindestversorgung?src=hash&amp;ref_src=twsrc%5Etfw\">#Mindestversorgung<\/a> verpflichten.<\/p>\n<p>\u2014 Klaus M\u00fcller (@Klaus_Mueller) <a href=\"https:\/\/twitter.com\/Klaus_Mueller\/status\/1535206517682618370?ref_src=twsrc%5Etfw\">June 10, 2022<\/a><\/p><\/blockquote>\n<p><script async src=\"https:\/\/platform.twitter.com\/widgets.js\" charset=\"utf-8\"><\/script><\/p>\n<p>Die Werte, die \u00fcberhaupt nur festgelegt wurden, um die Auflagen einer EU-Richtlinie zu erf\u00fcllen, sind allerdings nicht in Stein gemei\u00dfelt, geplant ist eine dynamische Anpassung der Mindestgeschwindigkeiten an die Entwicklung am Markt. Zudem soll eine j\u00e4hrliche \u00dcberpr\u00fcfung der Mindestversorgung durch die Bundesnetzagentur erfolgen.<\/p>\n<h2>Initial geplant: 3,4 Mbit\/s Up, 30 Mbit\/s Down<\/h2>\n<p>Im Vorfeld der heutigen Bundesratssitzung hatten die Verbraucherzentralen bereits <a href=\"https:\/\/www.ifun.de\/?p=186882\">entt\u00e4uscht abgewunken<\/a> und eine 16-seitige Stellungnahme zu Internet-Grundversorgung ver\u00f6ffentlicht, die unter anderem die Ausnahmen von den Mindestgeschwindigkeiten f\u00fcr geostation\u00e4re Satelliten kritisierte. Am Anfang der Debatte war zudem noch von deutlich h\u00f6heren Werten die Rede. Initial sollte die Internet-Grundversorgung bis zu 30 Mit\/s im Downstream und bis zu 3,4 Mbit\/s im Upstream bereitstellen.<\/p>\n<p>Kritik, der sich auch der Bundesrat bei seiner heutigen Zustimmung zur Verordnung annahm und die Bundesregierung zur weiter Entwicklung der Richtlinien aufforderte. Gerade in Mehrpersonen-Haushalten sei davon auszugehen, dass die aktuell festgelegten Mindestversorgungsraten nicht ausreichen w\u00fcrden.<\/p>\n<p>Ob und vor allem wie schnell die Bundesregierung hier nachbessern wird bleibt abzuwarten. Immerhin gibt es in Deutschland nun eine Basisversorgung, die zumindest das F\u00fchren einer Zoom-Konferenz zul\u00e4sst.<br \/>\n<img loading=\"lazy\" decoding=\"async\" src=\"https:\/\/vg07.met.vgwort.de\/na\/018b0da45d0f47a78a9d911935b2edcb\" width=\"1\" height=\"1\" no-lazy class=\"tracking\"><\/p>\n","protected":false},"excerpt":{"rendered":"<a href=\"https:\/\/www.ifun.de\/internet-grundversorgung-bundesrat-stimmt-mindestgeschwindigkeiten-zu-188784\/\"><img decoding=\"async\" width=\"150\" src=\"https:\/\/vg07.met.vgwort.de\/na\/018b0da45d0f47a78a9d911935b2edcb\" class=\"alignright wp-post-image tfe\" alt=\"\" title=\"\" \/><\/a><p>Der Bundesrat hat in seiner 1022. Sitzung heute den Weg frei f\u00fcr erste Internet-Mindestgeschwindigkeiten in Deutschland gemacht. Mit seiner Zustimmung zu der vor Ordnung der Bundesnetzagentur gilt f\u00fcr Internet-Dienstleister fortan: neue Anschl\u00fcsse m\u00fcssen im Upstream mindestens einen Datendurchsatz von 1,7 Megabit pro Sekunde liefern, im Downstream m\u00fcssen mindestens 10 Megabit pro Sekunde durch die Leitung [&hellip;]<\/p>\n","protected":false},"author":1,"featured_media":0,"comment_status":"open","ping_status":"closed","sticky":false,"template":"","format":"standard","meta":{"_acf_changed":false,"footnotes":""},"categories":[1,1783],"tags":[3250,400,118,553],"class_list":["post-188784","post","type-post","status-publish","format-standard","hentry","category-news","category-feature","tag-bundesrat","tag-deutschland","tag-internet","tag-recht"],"acf":[],"aioseo_notices":[],"subheadline":["1,7 Mbit\/s Up, 10 Mbit\/s Down","1,7 Mbit\/s Up, 10 Mbit\/s Down"],"featured_image":["https:\/\/images.ifun.de\/wp-content\/uploads\/2022\/03\/internet-feature-2m71l9fA6mg.jpg"],"rest_api_enabler":{"subheadline":["1,7 Mbit\/s Up, 10 Mbit\/s Down","1,7 Mbit\/s Up, 10 Mbit\/s Down"],"featured_image":"https:\/\/images.ifun.de\/wp-content\/uploads\/2022\/03\/internet-feature-2m71l9fA6mg.jpg"},"_links":{"self":[{"href":"https:\/\/www.ifun.de\/apiv2\/wp\/v2\/posts\/188784","targetHints":{"allow":["GET"]}}],"collection":[{"href":"https:\/\/www.ifun.de\/apiv2\/wp\/v2\/posts"}],"about":[{"href":"https:\/\/www.ifun.de\/apiv2\/wp\/v2\/types\/post"}],"author":[{"embeddable":true,"href":"https:\/\/www.ifun.de\/apiv2\/wp\/v2\/users\/1"}],"replies":[{"embeddable":true,"href":"https:\/\/www.ifun.de\/apiv2\/wp\/v2\/comments?post=188784"}],"version-history":[{"count":5,"href":"https:\/\/www.ifun.de\/apiv2\/wp\/v2\/posts\/188784\/revisions"}],"predecessor-version":[{"id":188793,"href":"https:\/\/www.ifun.de\/apiv2\/wp\/v2\/posts\/188784\/revisions\/188793"}],"wp:attachment":[{"href":"https:\/\/www.ifun.de\/apiv2\/wp\/v2\/media?parent=188784"}],"wp:term":[{"taxonomy":"category","embeddable":true,"href":"https:\/\/www.ifun.de\/apiv2\/wp\/v2\/categories?post=188784"},{"taxonomy":"post_tag","embeddable":true,"href":"https:\/\/www.ifun.de\/apiv2\/wp\/v2\/tags?post=188784"}],"curies":[{"name":"wp","href":"https:\/\/api.w.org\/{rel}","templated":true}]}}