{"id":188687,"date":"2022-06-09T15:09:53","date_gmt":"2022-06-09T13:09:53","guid":{"rendered":"https:\/\/www.ifun.de\/?p=188687"},"modified":"2022-06-15T10:29:40","modified_gmt":"2022-06-15T08:29:40","slug":"amazon-photos-fuer-mac-neue-app-fuer-prime-kunden-verfuegbar","status":"publish","type":"post","link":"https:\/\/www.ifun.de\/amazon-photos-fuer-mac-neue-app-fuer-prime-kunden-verfuegbar-188687\/","title":{"rendered":"Amazon Photos f\u00fcr Mac: Neue App f\u00fcr Prime-Kunden verf\u00fcgbar"},"content":{"rendered":"<p>Die Online-H\u00e4ndler Amazon hat seine offizielle <a rel=\"noindex, nofollow\" href=\"https:\/\/www.amazon.de\/b?node=12153288031&amp;linkCode=ll2&amp;tag=musicweb02&amp;linkId=842a5c443cba248dcef4e84b17278432&amp;language=de_DE&amp;ref_=as_li_ss_tl\">&#8222;Amazon Photos&#8220;-Applikation f\u00fcr den Mac<\/a> in der neuen Version 8 zum Download zur Verf\u00fcgung gestellt und l\u00f6st damit Version 7 des kostenfreien Upload-Managers ab. Die Anwendung ist vor allem f\u00fcr zahlende Prime-Abonnenten interessant, da diese den Download zum Sichern unbegrenzt vieler Fotos in Amazon Cloud-Speicher nutzen k\u00f6nnen.<\/p>\n<p><a href=\"https:\/\/images.ifun.de\/wp-content\/uploads\/2022\/06\/amazon-photos-mac.jpg\"><img loading=\"lazy\" decoding=\"async\" class=\"aligncenter size-medium wp-image-188688\" src=\"https:\/\/images.ifun.de\/wp-content\/uploads\/2022\/06\/amazon-photos-mac-500x289.jpg\" alt=\"Amazon Photos Mac\" width=\"500\" height=\"289\" srcset=\"https:\/\/images.ifun.de\/wp-content\/uploads\/2022\/06\/amazon-photos-mac-500x289.jpg 500w, https:\/\/images.ifun.de\/wp-content\/uploads\/2022\/06\/amazon-photos-mac-700x405.jpg 700w, https:\/\/images.ifun.de\/wp-content\/uploads\/2022\/06\/amazon-photos-mac-768x444.jpg 768w, https:\/\/images.ifun.de\/wp-content\/uploads\/2022\/06\/amazon-photos-mac.jpg 1383w\" sizes=\"auto, (max-width: 500px) 100vw, 500px\" \/><\/a><\/p>\n<p>Denn noch immer gilt: Wer <a rel=\"noindex, nofollow\" href=\"https:\/\/www.amazon.de\/amazonprime?_encoding=UTF8&amp;*Version*=1&amp;*entries*=0&amp;linkCode=ll2&amp;tag=musicweb02&amp;linkId=7c6a2993c60c46a1e20821beebf09197&amp;language=de_DE&amp;ref_=as_li_ss_tl\">j\u00e4hrlich 69 Euro<\/a> f\u00fcr Amazon Prime bezahlt, der darf so viele Fotos wie ben\u00f6tigt auf den Servern des US-Unternehmens sichern. F\u00fcr Videos stellt Amazon weiterhin nur magere 5 GB kostenfreien Speicherplatz zur Verf\u00fcgung, entsprechend lohnt sich der Gratis-Download vor allem um ein Off-Site-Backup der eigenen Foto-Bibliothek zu erstellen.<\/p>\n<h2>Abkehr vom blauen Design<\/h2>\n<p>Gr\u00f6\u00dfte Auff\u00e4lligkeit des neuen Mac-Kompagnons: Amazon Photos ist nicht mehr komplett <a href=\"https:\/\/www.ifun.de\/amazon-photos-fuer-mac-kostenloses-backup-fuer-prime-kunden-168785\/\">blau-t\u00fcrkis<\/a> eingef\u00e4rbt sondern setzt nun auf eine etwas freundlichere, helle Darstellung die auch in der Men\u00fcleiste angekommen ist.<\/p>\n<p><a href=\"https:\/\/images.ifun.de\/wp-content\/uploads\/2022\/06\/amazon-photos-mac-white.jpg\"><img loading=\"lazy\" decoding=\"async\" class=\"aligncenter size-large wp-image-188689\" src=\"https:\/\/images.ifun.de\/wp-content\/uploads\/2022\/06\/amazon-photos-mac-white-700x489.jpg\" alt=\"Amazon Photos Mac White\" width=\"700\" height=\"489\" srcset=\"https:\/\/images.ifun.de\/wp-content\/uploads\/2022\/06\/amazon-photos-mac-white-700x489.jpg 700w, https:\/\/images.ifun.de\/wp-content\/uploads\/2022\/06\/amazon-photos-mac-white-500x349.jpg 500w, https:\/\/images.ifun.de\/wp-content\/uploads\/2022\/06\/amazon-photos-mac-white-768x536.jpg 768w, https:\/\/images.ifun.de\/wp-content\/uploads\/2022\/06\/amazon-photos-mac-white-1536x1072.jpg 1536w, https:\/\/images.ifun.de\/wp-content\/uploads\/2022\/06\/amazon-photos-mac-white-2048x1429.jpg 2048w\" sizes=\"auto, (max-width: 700px) 100vw, 700px\" \/><\/a><\/p>\n<p>Innerhalb der Photos-App k\u00f6nnen Anwender ausgew\u00e4hlte Ordner \u00fcberwachen lassen und festlegen, welcher Anteil der eigenen Internetverbindung f\u00fcr den Up- beziehungsweise Download der eigenen Bilder eingesetzt werden darf.<\/p>\n<p>Pers\u00f6nlich nutzen wir das Amazon-Angebot ausschlie\u00dflich zur Datensicherung, der Fotospeicher des Online-H\u00e4ndlers bietet jedoch auch ein umfangreiches Galerie-Angebot, zu dem freigegebene Alben und die Online-.Verwaltung bereits hochgeladener Bilder geh\u00f6ren. Auch eine <a rel=\"noindex, nofollow\" href=\"http:\/\/www.ifun.de\/app\/621574163\">iOS-Applikation<\/a> ist verf\u00fcgbar.<\/p>\n<p><a href=\"https:\/\/images.ifun.de\/wp-content\/uploads\/2022\/06\/amazon-photos-settings-scaled.jpg\"><img loading=\"lazy\" decoding=\"async\" class=\"aligncenter size-large wp-image-188690\" src=\"https:\/\/images.ifun.de\/wp-content\/uploads\/2022\/06\/amazon-photos-settings-700x326.jpg\" alt=\"Amazon Photos Settings\" width=\"700\" height=\"326\" srcset=\"https:\/\/images.ifun.de\/wp-content\/uploads\/2022\/06\/amazon-photos-settings-700x326.jpg 700w, https:\/\/images.ifun.de\/wp-content\/uploads\/2022\/06\/amazon-photos-settings-500x233.jpg 500w, https:\/\/images.ifun.de\/wp-content\/uploads\/2022\/06\/amazon-photos-settings-768x357.jpg 768w, https:\/\/images.ifun.de\/wp-content\/uploads\/2022\/06\/amazon-photos-settings-1536x715.jpg 1536w, https:\/\/images.ifun.de\/wp-content\/uploads\/2022\/06\/amazon-photos-settings-2048x953.jpg 2048w\" sizes=\"auto, (max-width: 700px) 100vw, 700px\" \/><\/a><\/p>\n<p>Neben den klassischen Grafikformaten JPEG, BMP, PNG und GIF unterst\u00fctzt Amazon Photos auch TIFF-, HEIF-, HEVC- und HEIC-Dateien sowie eine <a rel=\"noindex, nofollow\" href=\"https:\/\/www.amazon.de\/gp\/help\/customer\/display.html?nodeId=201634590&amp;linkCode=ll2&amp;tag=musicweb02&amp;linkId=00cad885886d57123a690564ebdba2cd&amp;language=de_DE&amp;ref_=as_li_ss_tl\">Handvoll ausgew\u00e4hlter RAW-Formate<\/a>.<\/p>\n<p>Wer zus\u00e4tzliche Video-Inhalte in Amazons Online-Speicher sichern m\u00f6chte kann 100 GB Speicherplatz f\u00fcr 1,99 Euro pro Monat, sowie 1 TB Speicherplatz f\u00fcr 9,99 Euro pro Monat erwerben. Den <a rel=\"noindex, nofollow\" href=\"https:\/\/www.amazon.de\/b?node=12153288031&amp;linkCode=ll2&amp;tag=musicweb02&amp;linkId=842a5c443cba248dcef4e84b17278432&amp;language=de_DE&amp;ref_=as_li_ss_tl\">Download der Mac-App findet ihr hier<\/a>.<\/p>\n<p><img loading=\"lazy\" decoding=\"async\" src=\"https:\/\/vg07.met.vgwort.de\/na\/b7d1710f47194628add03d4ca015114a\" width=\"1\" height=\"1\" no-lazy class=\"tracking\"><\/p>\n","protected":false},"excerpt":{"rendered":"<a href=\"https:\/\/www.ifun.de\/amazon-photos-fuer-mac-neue-app-fuer-prime-kunden-verfuegbar-188687\/\"><img width=\"150\" height=\"150\" src=\"https:\/\/images.ifun.de\/wp-content\/uploads\/2022\/06\/amazon-photos-mac-feature-150x150.jpg\" class=\"alignright tfe wp-post-image\" alt=\"Amazon Photos Mac Feature\" decoding=\"async\" loading=\"lazy\" \/><\/a><p>Die Online-H\u00e4ndler Amazon hat seine offizielle &#8222;Amazon Photos&#8220;-Applikation f\u00fcr den Mac in der neuen Version 8 zum Download zur Verf\u00fcgung gestellt und l\u00f6st damit Version 7 des kostenfreien Upload-Managers ab. Die Anwendung ist vor allem f\u00fcr zahlende Prime-Abonnenten interessant, da diese den Download zum Sichern unbegrenzt vieler Fotos in Amazon Cloud-Speicher nutzen k\u00f6nnen. Denn noch [&hellip;]<\/p>\n","protected":false},"author":1,"featured_media":188691,"comment_status":"open","ping_status":"closed","sticky":false,"template":"","format":"standard","meta":{"_acf_changed":false,"footnotes":""},"categories":[5],"tags":[4914,2689,106],"class_list":["post-188687","post","type-post","status-publish","format-standard","has-post-thumbnail","hentry","category-apps","tag-amazon-photos","tag-amazon-prime","tag-backup"],"acf":[],"aioseo_notices":[],"subheadline":["Kostenloses Backup mit unbegrenztem Speicher"],"featured_image":["https:\/\/images.ifun.de\/wp-content\/uploads\/2022\/06\/amazon-photos-mac-feature.jpg"],"rest_api_enabler":{"subheadline":"Kostenloses Backup mit unbegrenztem Speicher","featured_image":"https:\/\/images.ifun.de\/wp-content\/uploads\/2022\/06\/amazon-photos-mac-feature.jpg"},"_links":{"self":[{"href":"https:\/\/www.ifun.de\/apiv2\/wp\/v2\/posts\/188687","targetHints":{"allow":["GET"]}}],"collection":[{"href":"https:\/\/www.ifun.de\/apiv2\/wp\/v2\/posts"}],"about":[{"href":"https:\/\/www.ifun.de\/apiv2\/wp\/v2\/types\/post"}],"author":[{"embeddable":true,"href":"https:\/\/www.ifun.de\/apiv2\/wp\/v2\/users\/1"}],"replies":[{"embeddable":true,"href":"https:\/\/www.ifun.de\/apiv2\/wp\/v2\/comments?post=188687"}],"version-history":[{"count":2,"href":"https:\/\/www.ifun.de\/apiv2\/wp\/v2\/posts\/188687\/revisions"}],"predecessor-version":[{"id":188694,"href":"https:\/\/www.ifun.de\/apiv2\/wp\/v2\/posts\/188687\/revisions\/188694"}],"wp:featuredmedia":[{"embeddable":true,"href":"https:\/\/www.ifun.de\/apiv2\/wp\/v2\/media\/188691"}],"wp:attachment":[{"href":"https:\/\/www.ifun.de\/apiv2\/wp\/v2\/media?parent=188687"}],"wp:term":[{"taxonomy":"category","embeddable":true,"href":"https:\/\/www.ifun.de\/apiv2\/wp\/v2\/categories?post=188687"},{"taxonomy":"post_tag","embeddable":true,"href":"https:\/\/www.ifun.de\/apiv2\/wp\/v2\/tags?post=188687"}],"curies":[{"name":"wp","href":"https:\/\/api.w.org\/{rel}","templated":true}]}}