{"id":188584,"date":"2022-06-08T16:38:30","date_gmt":"2022-06-08T14:38:30","guid":{"rendered":"https:\/\/www.ifun.de\/?p=188584"},"modified":"2022-06-08T16:41:44","modified_gmt":"2022-06-08T14:41:44","slug":"neues-macbook-pro-13-im-alten-gehaeuse-und-weiter-mit-touch-bar","status":"publish","type":"post","link":"https:\/\/www.ifun.de\/neues-macbook-pro-13-im-alten-gehaeuse-und-weiter-mit-touch-bar-188584\/","title":{"rendered":"Neues MacBook Pro 13&#8243; im alten Geh\u00e4use und weiter mit Touch Bar"},"content":{"rendered":"<p>Im Zusammenhang mit der Vorstellung des neuen <a href=\"https:\/\/www.apple.com\/de\/macbook-pro-13\/\">MacBook Pro 13\u201c<\/a> gibt eine eigenwillige Design-Entscheidung zu denken. Apple stattet das Ger\u00e4t auch in der aktuellen Version weiterhin mit seiner Touch Bar aus.<\/p>\n<p><img loading=\"lazy\" decoding=\"async\" src=\"https:\/\/images.ifun.de\/wp-content\/uploads\/2022\/06\/macbook-pro-touch-bar-500x392.jpg\" alt=\"Macbook Pro Touch Bar\" width=\"500\" height=\"392\" class=\"alignnone size-medium wp-image-188586\" srcset=\"https:\/\/images.ifun.de\/wp-content\/uploads\/2022\/06\/macbook-pro-touch-bar-500x392.jpg 500w, https:\/\/images.ifun.de\/wp-content\/uploads\/2022\/06\/macbook-pro-touch-bar-700x548.jpg 700w, https:\/\/images.ifun.de\/wp-content\/uploads\/2022\/06\/macbook-pro-touch-bar-768x601.jpg 768w, https:\/\/images.ifun.de\/wp-content\/uploads\/2022\/06\/macbook-pro-touch-bar.jpg 1000w\" sizes=\"auto, (max-width: 500px) 100vw, 500px\" \/><\/p>\n<p>Als Apple im vergangenen Herbst die neuen gro\u00dfen Modelle des MacBook Pro ohne Touch Bar vorgestellt hat, dachten wir, die umstrittene Eingabeleiste sei nun Geschichte. Diese Einsch\u00e4tzung stellt sich im Nachhinein jedoch als Irrtum heraus. Mit der Integration der Touch Bar auch die 2022er-Version des MacBook Pro mit 13 Zoll Bildschirmgr\u00f6\u00dfe wird die Lebenszeit des Funktionstasten-Ersatzes zumindest um zwei weitere Jahre verl\u00e4ngert.<\/p>\n<p>\u00dcber die Gr\u00fcnde f\u00fcr diese Entscheidung l\u00e4sst sich nur spekulieren. Es ist nur schwer vorstellbar, dass Apple die Touch Bar aufgrund einer entsprechenden Nachfrage im kleinen MacBook Pro verbaut l\u00e4sst. Eher wahrscheinlich scheint zumindest f\u00fcr uns, dass man sich in Cupertino schlicht den Aufwand und die Kosten f\u00fcr ein \u00fcberarbeitetes Geh\u00e4use und die damit verbundenen technischen \u00c4nderungen sparen wollte.<\/p>\n<p>Wohl nicht zuletzt deswegen kann Apple das kleine MacBook Pro auch weiterhin deutlich g\u00fcnstiger als die Version mit 14 Zoll Bildschirmgr\u00f6\u00dfe anbieten. Der Einstiegspreis liegt trotz des verbauten M2-Prozessors bei 1.599 Euro, w\u00e4hrend f\u00fcr das Modell mit 14 Zoll Bildschirmgr\u00f6\u00dfe mindestens 2.249 Euro investiert werden m\u00fcssen.<\/p>\n<p><img loading=\"lazy\" decoding=\"async\" src=\"https:\/\/images.ifun.de\/wp-content\/uploads\/2022\/06\/macbook-pro-touch-bar-werbung-700x489.jpg\" alt=\"Macbook Pro Touch Bar Werbung\" width=\"700\" height=\"489\" class=\"alignnone size-large wp-image-188587\" srcset=\"https:\/\/images.ifun.de\/wp-content\/uploads\/2022\/06\/macbook-pro-touch-bar-werbung-700x489.jpg 700w, https:\/\/images.ifun.de\/wp-content\/uploads\/2022\/06\/macbook-pro-touch-bar-werbung-500x349.jpg 500w, https:\/\/images.ifun.de\/wp-content\/uploads\/2022\/06\/macbook-pro-touch-bar-werbung-768x537.jpg 768w, https:\/\/images.ifun.de\/wp-content\/uploads\/2022\/06\/macbook-pro-touch-bar-werbung.jpg 1400w\" sizes=\"auto, (max-width: 700px) 100vw, 700px\" \/><\/p>\n<p>Unterm Strich darf man weiter davon ausgehen, dass die Touch Bar bei Apple auf dem Abstellgleis steht. Das Vorhandensein in der aktuellen neuen Generation des Notebooks d\u00fcrfte dann auch kaum noch Entwickler dazu animieren, besonderes Engagement dahingehend aufzubringen, ihre Software in erweitertem Umfang f\u00fcr die Unterst\u00fctzung der die klassischen Funktionstasten ersetzenden Touch-Eingabeleiste zu optimieren.<\/p>\n<h2>MacBook Pro jetzt 150 Euro teurer<\/h2>\n<p>Mit Blick auf die oben genannten Ger\u00e4tepreise noch der Hinweis, dass sich zusammen mit Apples neuesten Produktank\u00fcndigungen nicht nur der <a href=\"https:\/\/www.ifun.de\/macbook-air-mit-m2-apple-verlangt-370-euro-mehr-188489\/\" title=\"MacBook Air mit M2: Apple verlangt 370 Euro mehr\">Preis f\u00fcr das MacBook Air erh\u00f6ht<\/a> hat, sondern auch das kleine MacBook Pro in der neuen Version teurer ist als bisher. W\u00e4hrend Apple f\u00fcr das MacBook Pro 13\u201c bislang noch 1.449 Euro verlangt hat, kostet die neue Version jetzt mindestens 1.599 Euro und damit 150 Euro mehr.<img loading=\"lazy\" decoding=\"async\" src=\"https:\/\/vg04.met.vgwort.de\/na\/4d87f7be0b07451d9b65c990fb0d3370\" width=\"1\" height=\"1\" no-lazy class=\"tracking\"><\/p>\n","protected":false},"excerpt":{"rendered":"<a href=\"https:\/\/www.ifun.de\/neues-macbook-pro-13-im-alten-gehaeuse-und-weiter-mit-touch-bar-188584\/\"><img width=\"150\" height=\"150\" src=\"https:\/\/images.ifun.de\/wp-content\/uploads\/2022\/06\/macbook-pro-13-2022-feature-150x150.jpg\" class=\"alignright tfe wp-post-image\" alt=\"Macbook Pro 13 2022 Feature\" decoding=\"async\" loading=\"lazy\" \/><\/a><p>Im Zusammenhang mit der Vorstellung des neuen MacBook Pro 13\u201c gibt eine eigenwillige Design-Entscheidung zu denken. Apple stattet das Ger\u00e4t auch in der aktuellen Version weiterhin mit seiner Touch Bar aus. Als Apple im vergangenen Herbst die neuen gro\u00dfen Modelle des MacBook Pro ohne Touch Bar vorgestellt hat, dachten wir, die umstrittene Eingabeleiste sei nun [&hellip;]<\/p>\n","protected":false},"author":2,"featured_media":188588,"comment_status":"open","ping_status":"closed","sticky":false,"template":"","format":"standard","meta":{"_acf_changed":false,"footnotes":""},"categories":[16],"tags":[224,3477],"class_list":["post-188584","post","type-post","status-publish","format-standard","has-post-thumbnail","hentry","category-mac","tag-macbook-pro","tag-touch-bar"],"acf":[],"aioseo_notices":[],"featured_image":["https:\/\/images.ifun.de\/wp-content\/uploads\/2022\/06\/macbook-pro-13-2022-feature.jpg"],"subheadline":["Unerwartete Design-Entscheidung"],"rest_api_enabler":{"featured_image":"https:\/\/images.ifun.de\/wp-content\/uploads\/2022\/06\/macbook-pro-13-2022-feature.jpg","subheadline":"Unerwartete Design-Entscheidung"},"_links":{"self":[{"href":"https:\/\/www.ifun.de\/apiv2\/wp\/v2\/posts\/188584","targetHints":{"allow":["GET"]}}],"collection":[{"href":"https:\/\/www.ifun.de\/apiv2\/wp\/v2\/posts"}],"about":[{"href":"https:\/\/www.ifun.de\/apiv2\/wp\/v2\/types\/post"}],"author":[{"embeddable":true,"href":"https:\/\/www.ifun.de\/apiv2\/wp\/v2\/users\/2"}],"replies":[{"embeddable":true,"href":"https:\/\/www.ifun.de\/apiv2\/wp\/v2\/comments?post=188584"}],"version-history":[{"count":8,"href":"https:\/\/www.ifun.de\/apiv2\/wp\/v2\/posts\/188584\/revisions"}],"predecessor-version":[{"id":188599,"href":"https:\/\/www.ifun.de\/apiv2\/wp\/v2\/posts\/188584\/revisions\/188599"}],"wp:featuredmedia":[{"embeddable":true,"href":"https:\/\/www.ifun.de\/apiv2\/wp\/v2\/media\/188588"}],"wp:attachment":[{"href":"https:\/\/www.ifun.de\/apiv2\/wp\/v2\/media?parent=188584"}],"wp:term":[{"taxonomy":"category","embeddable":true,"href":"https:\/\/www.ifun.de\/apiv2\/wp\/v2\/categories?post=188584"},{"taxonomy":"post_tag","embeddable":true,"href":"https:\/\/www.ifun.de\/apiv2\/wp\/v2\/tags?post=188584"}],"curies":[{"name":"wp","href":"https:\/\/api.w.org\/{rel}","templated":true}]}}