{"id":18850,"date":"2011-11-15T09:21:34","date_gmt":"2011-11-15T08:21:34","guid":{"rendered":"http:\/\/www.ifun.de\/?p=18850"},"modified":"2011-11-15T09:24:35","modified_gmt":"2011-11-15T08:24:35","slug":"macbook-air-15-zoll","status":"publish","type":"post","link":"https:\/\/www.ifun.de\/macbook-air-15-zoll-18850\/","title":{"rendered":"MacBook Air oder MacBook Pro? Neue Ger\u00fcchte um ultrad\u00fcnnes MacBook mit 15&#8243;-Bildschirm"},"content":{"rendered":"<p>Der Taiwanesische Brancheninformationsdienst <a href=\"http:\/\/www.digitimes.com\/news\/a20111114PD216.html\">DigiTimes<\/a> heizt die Ger\u00fcchtek\u00fcche zum Thema &#8222;Ultrad\u00fcnnes 15&#8243;-MacBook&#8220; an. Angeblich sollen die Produktionsvorbereitungen bereits anlaufen und es sei voraussichtlich im Fr\u00fchjahr mit ersten Lieferungen zu rechnen. Unklar sei, ob es sich bei dem neuen Modell dann um ein MacBook Air mit gr\u00f6\u00dferem Bildschirm oder um ein neues MacBook Pro handle.<\/p>\n<p><img loading=\"lazy\" decoding=\"async\" src=\"http:\/\/images.ifun.de\/wp-content\/uploads\/2011\/11\/mb_air.jpg\" alt=\"\" title=\"mb_air\" width=\"464\" height=\"43\" class=\"alignnone size-full wp-image-18851\" srcset=\"https:\/\/images.ifun.de\/wp-content\/uploads\/2011\/11\/mb_air.jpg 464w, https:\/\/images.ifun.de\/wp-content\/uploads\/2011\/11\/mb_air-300x27.jpg 300w\" sizes=\"auto, (max-width: 464px) 100vw, 464px\" \/><\/p>\n<p>Grunds\u00e4tzlich ist in der Tat davon auszugehen, dass sich Apple analog zum MacBook Air und Mac mini weiter von optischen Laufwerken l\u00f6st und man somit auch deutlich kompaktere Geh\u00e4use bauen lassen. Also scheint eine entsprechende \u00dcberarbeitung der kompletten MacBook-Pro-Reihe durchaus wahrscheinlich. Ob allerdings der von DigiTimes genannte Zeitrahmen realistisch ist, bleibt vorerst abzuwarten, die Webseite gl\u00e4nzte in den letzten Monaten nicht unbedingt durch treffende Voraussagen. (via <a href=\"http:\/\/www.appleinsider.com\/articles\/11\/11\/14\/apples_ultra_thin_15_inch_macbook_rumored_for_q2_2012_release.html\">AppleInsider<\/a>)<\/p>\n<p>Konstruktionstechnisch sind die M\u00f6glichkeiten im Bezug auf ein d\u00fcnneres Geh\u00e4use sowieso begrenzt. Die H\u00f6he des Ladeanschlusses sowie der Ports f\u00fcr ThunderBolt und USB setzen eine gewisse Geh\u00e4useh\u00f6he voraus. Beim MacBook Air wurde dieser Problematik durch eine sich nach vorne verj\u00fcngende Geh\u00e4useform Rechnung getragen.<\/p>\n","protected":false},"excerpt":{"rendered":"<a href=\"https:\/\/www.ifun.de\/macbook-air-15-zoll-18850\/\"><img width=\"150\" height=\"43\" src=\"https:\/\/images.ifun.de\/wp-content\/uploads\/2011\/11\/mb_air-150x43.jpg\" class=\"alignright tfe wp-post-image\" alt=\"\" decoding=\"async\" loading=\"lazy\" \/><\/a><p>Der Taiwanesische Brancheninformationsdienst DigiTimes heizt die Ger\u00fcchtek\u00fcche zum Thema &#8222;Ultrad\u00fcnnes 15&#8243;-MacBook&#8220; an. Angeblich sollen die Produktionsvorbereitungen bereits anlaufen und es sei voraussichtlich im Fr\u00fchjahr mit ersten Lieferungen zu rechnen. Unklar sei, ob es sich bei dem neuen Modell dann um ein MacBook Air mit gr\u00f6\u00dferem Bildschirm oder um ein neues MacBook Pro handle. Grunds\u00e4tzlich ist [&hellip;]<\/p>\n","protected":false},"author":2,"featured_media":18851,"comment_status":"open","ping_status":"closed","sticky":false,"template":"","format":"standard","meta":{"_acf_changed":false,"footnotes":""},"categories":[18],"tags":[3910,144,344,224],"class_list":["post-18850","post","type-post","status-publish","format-standard","has-post-thumbnail","hentry","category-rumors","tag-geruechte","tag-macbook","tag-macbook-air","tag-macbook-pro"],"acf":[],"aioseo_notices":[],"rest_api_enabler":[],"_links":{"self":[{"href":"https:\/\/www.ifun.de\/apiv2\/wp\/v2\/posts\/18850","targetHints":{"allow":["GET"]}}],"collection":[{"href":"https:\/\/www.ifun.de\/apiv2\/wp\/v2\/posts"}],"about":[{"href":"https:\/\/www.ifun.de\/apiv2\/wp\/v2\/types\/post"}],"author":[{"embeddable":true,"href":"https:\/\/www.ifun.de\/apiv2\/wp\/v2\/users\/2"}],"replies":[{"embeddable":true,"href":"https:\/\/www.ifun.de\/apiv2\/wp\/v2\/comments?post=18850"}],"version-history":[{"count":5,"href":"https:\/\/www.ifun.de\/apiv2\/wp\/v2\/posts\/18850\/revisions"}],"predecessor-version":[{"id":18854,"href":"https:\/\/www.ifun.de\/apiv2\/wp\/v2\/posts\/18850\/revisions\/18854"}],"wp:featuredmedia":[{"embeddable":true,"href":"https:\/\/www.ifun.de\/apiv2\/wp\/v2\/media\/18851"}],"wp:attachment":[{"href":"https:\/\/www.ifun.de\/apiv2\/wp\/v2\/media?parent=18850"}],"wp:term":[{"taxonomy":"category","embeddable":true,"href":"https:\/\/www.ifun.de\/apiv2\/wp\/v2\/categories?post=18850"},{"taxonomy":"post_tag","embeddable":true,"href":"https:\/\/www.ifun.de\/apiv2\/wp\/v2\/tags?post=18850"}],"curies":[{"name":"wp","href":"https:\/\/api.w.org\/{rel}","templated":true}]}}