{"id":188458,"date":"2022-06-07T11:39:59","date_gmt":"2022-06-07T09:39:59","guid":{"rendered":"https:\/\/www.ifun.de\/?p=188458"},"modified":"2022-06-08T13:56:13","modified_gmt":"2022-06-08T11:56:13","slug":"apple-will-mac-audioprobleme-per-softwareupdate-beheben","status":"publish","type":"post","link":"https:\/\/www.ifun.de\/apple-will-mac-audioprobleme-per-softwareupdate-beheben-188458\/","title":{"rendered":"Apple will Mac-Audioprobleme per Softwareupdate beheben"},"content":{"rendered":"<p><a href=\"https:\/\/www.ifun.de\/knistern-und-knacken-apple-ignoriert-audioprobleme-konsequent-188079\/\">Vergangene Woche<\/a> haben wir zuletzt \u00fcber die teils massiven Probleme bei der Audiowiedergabe mit aktuellen MacBook-Modellen berichtet. Weitgehend unabh\u00e4ngig von der genutzten Software st\u00f6ren in unterschiedlicher H\u00e4ufigkeit auftretende Knister- und Knackger\u00e4usche die Audioausgabe \u00fcber die Lautsprecher der Ger\u00e4te. Erstmals hat Apple nun eingestanden, dass das Problem bekannt ist und an einer L\u00f6sung gearbeitet wird.<\/p>\n<p>Mit Blick auf die Tatsache, dass betroffene Nutzer diesbez\u00fcglich mittlerweile teils schon seit mehr als einem halben Jahr bei Apple Hilfe suchen, darf man die jetzige Apple-Aussage zumindest ein St\u00fcck weit als Hoffnungsschimmer interpretieren. Apple zufolge haben sich mehrere Nutzer mit dem Problem an den Support des Unternehmens gewandt und man wolle mit einem kommenden Software-Update Abhilfe schaffen.<\/p>\n<p>\u00dcberbewerten darf man die aktuelle Stellungnahme nat\u00fcrlich nicht, zumal der Hersteller damit verbunden keinerlei zeitliche Zusagen verbindet. Auch ist, bis der Fehler final behoben ist, keinesfalls gekl\u00e4rt, ob sich der Fehler tats\u00e4chlich auch per Softwareupdate beheben l\u00e4sst. Die Probleme scheinen zwar mit dem Speichermanagement der Computer in Verbindung zu stehen, ein grunds\u00e4tzliches Fehlverhalten der Audiobausteine ist aber nicht generell auszuschlie\u00dfen.<\/p>\n<p><div class=\"responsive-video\"><iframe loading=\"lazy\" title=\"16\u201d 2021 MacBook Pro Speaker Popping\" width=\"500\" height=\"281\" src=\"https:\/\/www.youtube-nocookie.com\/embed\/yyoD30qaku4?feature=oembed\" frameborder=\"0\" allow=\"accelerometer; autoplay; clipboard-write; encrypted-media; gyroscope; picture-in-picture; web-share\" referrerpolicy=\"strict-origin-when-cross-origin\" allowfullscreen><\/iframe><\/div><\/p>\n<h2>Betroffene sollten den Apple Support kontaktieren<\/h2>\n<p>Zu dem Umschwung bei Apple und damit verbunden einem ersten Eingest\u00e4ndnis diesbez\u00fcglich d\u00fcrfte nicht zuletzt auch die Tatsache gef\u00fchrt haben, dass die Problematik in den vergangenen Wochen mehr Medienpr\u00e4senz erhalten hat. Auch jetzt noch ist es wichtig, dass sich betroffene Nutzer diesbez\u00fcglich an den Apple-Support wenden, auch um den Technikern die Bandbreite der Problematik und damit verbunden auch mehr Details zu betroffenen Ger\u00e4ten und Softwareversionen zu \u00fcbermitteln. Obendrauf kann es sicher nicht schaden, auf diese Weise das Vorhandensein des Problems und damit verbunden eventuelle Anspr\u00fcche auch au\u00dferhalb der Garantiezeit zu dokumentieren.<img loading=\"lazy\" decoding=\"async\" src=\"https:\/\/vg04.met.vgwort.de\/na\/b5b1350b4e1d46879e851dc0ee5a8286\" width=\"1\" height=\"1\" no-lazy class=\"tracking\"><\/p>\n","protected":false},"excerpt":{"rendered":"<a href=\"https:\/\/www.ifun.de\/apple-will-mac-audioprobleme-per-softwareupdate-beheben-188458\/\"><img width=\"150\" height=\"150\" src=\"https:\/\/images.ifun.de\/wp-content\/uploads\/2022\/06\/macbook-fehler-feature-unsplash-150x150.jpg\" class=\"alignright tfe wp-post-image\" alt=\"Macbook Fehler Feature Unsplash\" decoding=\"async\" loading=\"lazy\" \/><\/a><p>Vergangene Woche haben wir zuletzt \u00fcber die teils massiven Probleme bei der Audiowiedergabe mit aktuellen MacBook-Modellen berichtet. Weitgehend unabh\u00e4ngig von der genutzten Software st\u00f6ren in unterschiedlicher H\u00e4ufigkeit auftretende Knister- und Knackger\u00e4usche die Audioausgabe \u00fcber die Lautsprecher der Ger\u00e4te. Erstmals hat Apple nun eingestanden, dass das Problem bekannt ist und an einer L\u00f6sung gearbeitet wird. Mit [&hellip;]<\/p>\n","protected":false},"author":2,"featured_media":188462,"comment_status":"open","ping_status":"closed","sticky":false,"template":"","format":"standard","meta":{"_acf_changed":false,"footnotes":""},"categories":[16,1783],"tags":[392,6321,177,52],"class_list":["post-188458","post","type-post","status-publish","format-standard","has-post-thumbnail","hentry","category-mac","category-feature","tag-audio","tag-mac","tag-problem","tag-software"],"acf":[],"aioseo_notices":[],"subheadline":["Knistern und Knacken"],"featured_image":["https:\/\/images.ifun.de\/wp-content\/uploads\/2022\/06\/macbook-fehler-feature-unsplash.jpg"],"rest_api_enabler":{"subheadline":"Knistern und Knacken","featured_image":"https:\/\/images.ifun.de\/wp-content\/uploads\/2022\/06\/macbook-fehler-feature-unsplash.jpg"},"_links":{"self":[{"href":"https:\/\/www.ifun.de\/apiv2\/wp\/v2\/posts\/188458","targetHints":{"allow":["GET"]}}],"collection":[{"href":"https:\/\/www.ifun.de\/apiv2\/wp\/v2\/posts"}],"about":[{"href":"https:\/\/www.ifun.de\/apiv2\/wp\/v2\/types\/post"}],"author":[{"embeddable":true,"href":"https:\/\/www.ifun.de\/apiv2\/wp\/v2\/users\/2"}],"replies":[{"embeddable":true,"href":"https:\/\/www.ifun.de\/apiv2\/wp\/v2\/comments?post=188458"}],"version-history":[{"count":3,"href":"https:\/\/www.ifun.de\/apiv2\/wp\/v2\/posts\/188458\/revisions"}],"predecessor-version":[{"id":188463,"href":"https:\/\/www.ifun.de\/apiv2\/wp\/v2\/posts\/188458\/revisions\/188463"}],"wp:featuredmedia":[{"embeddable":true,"href":"https:\/\/www.ifun.de\/apiv2\/wp\/v2\/media\/188462"}],"wp:attachment":[{"href":"https:\/\/www.ifun.de\/apiv2\/wp\/v2\/media?parent=188458"}],"wp:term":[{"taxonomy":"category","embeddable":true,"href":"https:\/\/www.ifun.de\/apiv2\/wp\/v2\/categories?post=188458"},{"taxonomy":"post_tag","embeddable":true,"href":"https:\/\/www.ifun.de\/apiv2\/wp\/v2\/tags?post=188458"}],"curies":[{"name":"wp","href":"https:\/\/api.w.org\/{rel}","templated":true}]}}