{"id":188330,"date":"2022-06-06T20:46:05","date_gmt":"2022-06-06T18:46:05","guid":{"rendered":"https:\/\/www.ifun.de\/?p=188330"},"modified":"2022-06-06T20:47:03","modified_gmt":"2022-06-06T18:47:03","slug":"ipados-16-apples-tablet-und-der-mac-naehern-sich-weiter-an","status":"publish","type":"post","link":"https:\/\/www.ifun.de\/ipados-16-apples-tablet-und-der-mac-naehern-sich-weiter-an-188330\/","title":{"rendered":"iPadOS 16: Apples Tablet und der Mac n\u00e4hern sich weiter an"},"content":{"rendered":"<p>Die hervorragende Hardware, mit der Apples Tablets seit einigen Jahren antreten, l\u00e4sst wenig Platz f\u00fcr Kritik. Ganz anders sieht es beim Betriebssystem des iPad aus, das das Ger\u00e4t nach Meinung vieler Anwender und Marktbeobachter genau so rigide zur\u00fcckh\u00e4lt wie die Kette den eigentlich vor Lebensenergie spr\u00fchenden Hofhund.<\/p>\n<p><a href=\"https:\/\/images.ifun.de\/wp-content\/uploads\/2022\/06\/ipados-collaboration.jpg\"><img loading=\"lazy\" decoding=\"async\" class=\"aligncenter size-medium wp-image-188399\" src=\"https:\/\/images.ifun.de\/wp-content\/uploads\/2022\/06\/ipados-collaboration-500x369.jpg\" alt=\"Ipados Collaboration\" width=\"500\" height=\"369\" srcset=\"https:\/\/images.ifun.de\/wp-content\/uploads\/2022\/06\/ipados-collaboration-500x369.jpg 500w, https:\/\/images.ifun.de\/wp-content\/uploads\/2022\/06\/ipados-collaboration-700x517.jpg 700w, https:\/\/images.ifun.de\/wp-content\/uploads\/2022\/06\/ipados-collaboration-768x567.jpg 768w, https:\/\/images.ifun.de\/wp-content\/uploads\/2022\/06\/ipados-collaboration.jpg 1400w\" sizes=\"auto, (max-width: 500px) 100vw, 500px\" \/><\/a><\/p>\n<h6>Neu in iPadOS 16: Collaboration<\/h6>\n<p>Auch die heute angek\u00fcndigte Version 16 des iPad-Betriebssystems iPadOS wird diesen Umstand nicht komplett aus der Welt schaffen, darf jedoch als leises Eingest\u00e4ndnis Apples gewertet werden, dass auch Cupertino selbst hier noch ein ordentliches Spiel nach oben ausmacht.<\/p>\n<p>So ist Apple auch in diesem Jahr damit besch\u00e4ftigt, das Tablet weiter in Richtung Augenh\u00f6he des Macs zu r\u00fccken und f\u00fchrt damit eine graduellen Umbau fort, den wir schon seit mehreren Jahren beobachten.<\/p>\n<p>iPadOS 13 brachte ein rundum erneuertes Multitasking-System, die Sidecar-Funktion f\u00fcr die Nutzung des Tablets am Mac, eine vollwertige Mausunterst\u00fctzung und einen Download-Manager f\u00fcr Safari. iPadOS 14 f\u00fchrte Widgets und die Apple-Pencil-Funktion &#8222;Kritzeln&#8220; ein. iPadOS 15 die App-Bibliothek, Universal Control, die flexiblere Platzierung von Widgets, die auch auf dem Mac eingef\u00fchrten Schnell-Notizen, die Tab-Gruppen f\u00fcr Safari und ein vereinfachtes Multitasking-Men\u00fc.<\/p>\n<p><a href=\"https:\/\/images.ifun.de\/wp-content\/uploads\/2022\/06\/ipados-collaboration-safari-tabs.jpg\"><img loading=\"lazy\" decoding=\"async\" class=\"aligncenter size-large wp-image-188400\" src=\"https:\/\/images.ifun.de\/wp-content\/uploads\/2022\/06\/ipados-collaboration-safari-tabs-700x403.jpg\" alt=\"Ipados Collaboration Safari Tabs\" width=\"700\" height=\"403\" srcset=\"https:\/\/images.ifun.de\/wp-content\/uploads\/2022\/06\/ipados-collaboration-safari-tabs-700x403.jpg 700w, https:\/\/images.ifun.de\/wp-content\/uploads\/2022\/06\/ipados-collaboration-safari-tabs-500x288.jpg 500w, https:\/\/images.ifun.de\/wp-content\/uploads\/2022\/06\/ipados-collaboration-safari-tabs-768x442.jpg 768w, https:\/\/images.ifun.de\/wp-content\/uploads\/2022\/06\/ipados-collaboration-safari-tabs.jpg 1400w\" sizes=\"auto, (max-width: 700px) 100vw, 700px\" \/><\/a><\/p>\n<h6>Neu in iPadOS 16: Geteilte Tab-Gruppen mit Collaboration<\/h6>\n<h2>Punktuell mehr Produktivit\u00e4t<\/h2>\n<p>Fast alles funktionale Ann\u00e4herungen an den Mac, die demn\u00e4chst auch um Neuerungen wie <strong>WeatherKit , Collaboration und Freeform erg\u00e4nzt werden<\/strong> sollen:<\/p>\n<ul>\n<li><strong>Collaboration<\/strong> wird gemeinsames Arbeiten mit Tab-Gruppen und an offenen Dokumenten \u00fcber die Nachrichten-App und in FaceTime erm\u00f6glichen.<\/li>\n<li>Die neue Apple-App <strong>Freeform<\/strong> kombiniert FaceTime-Gespr\u00e4che mit den Kapazit\u00e4ten der Notiz-App und einer Endlosen Leinwand auf der alle Gespr\u00e4chsteilnehmer gemeinsam arbeiten k\u00f6nnen.<\/li>\n<\/ul>\n<p><a href=\"https:\/\/images.ifun.de\/wp-content\/uploads\/2022\/06\/ipados-16-freeform-session.jpg\"><img loading=\"lazy\" decoding=\"async\" class=\"aligncenter size-large wp-image-188401\" src=\"https:\/\/images.ifun.de\/wp-content\/uploads\/2022\/06\/ipados-16-freeform-session-700x501.jpg\" alt=\"Ipados 16 Freeform Session\" width=\"700\" height=\"501\" srcset=\"https:\/\/images.ifun.de\/wp-content\/uploads\/2022\/06\/ipados-16-freeform-session-700x501.jpg 700w, https:\/\/images.ifun.de\/wp-content\/uploads\/2022\/06\/ipados-16-freeform-session-500x358.jpg 500w, https:\/\/images.ifun.de\/wp-content\/uploads\/2022\/06\/ipados-16-freeform-session-768x550.jpg 768w, https:\/\/images.ifun.de\/wp-content\/uploads\/2022\/06\/ipados-16-freeform-session.jpg 1400w\" sizes=\"auto, (max-width: 700px) 100vw, 700px\" \/><\/a><\/p>\n<h6>Die neue Apple-App Freeform<\/h6>\n<ul>\n<li>Apples Initiative &#8222;<strong>Desktop-Class-Apps<\/strong>&#8220; soll f\u00fcr zahlreiche Verbesserungen der ab Werk vorinstallierten Apps sorgen &#8211; unter anderem mit personalisierbaren Werkzeugleisten in den von Apple bereitgestellten Anwendungen.<\/li>\n<li>Eine neue <strong>Anpassung der Aufl\u00f6sung<\/strong> wird das Skalieren der Display-Anzeige erm\u00f6glichen, um auf iPads mit M1-Prozessor so mehr Inhalte anzeigen zu k\u00f6nnen.<\/li>\n<li>Der mit macOS Ventura angek\u00fcndigte <strong>Stage Manager<\/strong> wird auch das iPad erreichen und dort neben dem Erstellen von Fenster-Gruppen auch das Skalieren von App-Fenstern erm\u00f6glichen.<\/li>\n<\/ul>\n<p><a href=\"https:\/\/images.ifun.de\/wp-content\/uploads\/2022\/06\/ipados-16-stage-manager-mit-studio-display.jpg\"><img loading=\"lazy\" decoding=\"async\" class=\"aligncenter size-large wp-image-188407\" src=\"https:\/\/images.ifun.de\/wp-content\/uploads\/2022\/06\/ipados-16-stage-manager-mit-studio-display-700x413.jpg\" alt=\"Ipados 16 Stage Manager Mit Studio Display\" width=\"700\" height=\"413\" srcset=\"https:\/\/images.ifun.de\/wp-content\/uploads\/2022\/06\/ipados-16-stage-manager-mit-studio-display-700x413.jpg 700w, https:\/\/images.ifun.de\/wp-content\/uploads\/2022\/06\/ipados-16-stage-manager-mit-studio-display-500x295.jpg 500w, https:\/\/images.ifun.de\/wp-content\/uploads\/2022\/06\/ipados-16-stage-manager-mit-studio-display-768x453.jpg 768w, https:\/\/images.ifun.de\/wp-content\/uploads\/2022\/06\/ipados-16-stage-manager-mit-studio-display.jpg 1400w\" sizes=\"auto, (max-width: 700px) 100vw, 700px\" \/><\/a><\/p>\n<h6>Apples Stage Manager auf dem iPad<\/h6>\n<p>Hier beeindruckten Apples kurze WWDC-Demonstrationen, d\u00fcrften das iPad als solches jedoch nicht neu positionieren. Apples Tablet, dies unterstreicht die heutige Vorstellung von iPadOS 16 h\u00e4lt seinen angestammten Platz als Kompromiss-Maschine zwischen kleinem Smartphone und richtig produktiven Mac.<\/p>\n<p>Allerdings d\u00fcrfte der best\u00e4ndige Ausbau der iPad-Funktionen daf\u00fcr sorgen, dass die Anzahl der kritischen Stimmen langfristig abnimmt. Die Aufgaben, bei denen sich Apples Tablet schon bislang als hilfsbereiter Begleiter beweisen konnte, d\u00fcrften fortan noch besser absolviert werden. Apple hat jedoch nicht vor das iPad neu zu erfinden.<\/p>\n<p><a href=\"https:\/\/images.ifun.de\/wp-content\/uploads\/2022\/06\/ipados-16-uebersicht.jpg\"><img loading=\"lazy\" decoding=\"async\" class=\"aligncenter size-large wp-image-188410\" src=\"https:\/\/images.ifun.de\/wp-content\/uploads\/2022\/06\/ipados-16-uebersicht-700x409.jpg\" alt=\"Ipados 16 Uebersicht\" width=\"700\" height=\"409\" srcset=\"https:\/\/images.ifun.de\/wp-content\/uploads\/2022\/06\/ipados-16-uebersicht-700x409.jpg 700w, https:\/\/images.ifun.de\/wp-content\/uploads\/2022\/06\/ipados-16-uebersicht-500x292.jpg 500w, https:\/\/images.ifun.de\/wp-content\/uploads\/2022\/06\/ipados-16-uebersicht-768x449.jpg 768w, https:\/\/images.ifun.de\/wp-content\/uploads\/2022\/06\/ipados-16-uebersicht.jpg 1400w\" sizes=\"auto, (max-width: 700px) 100vw, 700px\" \/><\/a><\/p>\n<p><img loading=\"lazy\" decoding=\"async\" class=\"tracking\" src=\"https:\/\/vg04.met.vgwort.de\/na\/3e88cccd7cf542e38380adf6251fbbab\" width=\"1\" height=\"1\" \/><\/p>\n","protected":false},"excerpt":{"rendered":"<a href=\"https:\/\/www.ifun.de\/ipados-16-apples-tablet-und-der-mac-naehern-sich-weiter-an-188330\/\"><img width=\"150\" height=\"150\" src=\"https:\/\/images.ifun.de\/wp-content\/uploads\/2022\/06\/smart-home-Feature-150x150.jpg\" class=\"alignright tfe wp-post-image\" alt=\"Smart Home Feature\" decoding=\"async\" loading=\"lazy\" \/><\/a><p>Die hervorragende Hardware, mit der Apples Tablets seit einigen Jahren antreten, l\u00e4sst wenig Platz f\u00fcr Kritik. Ganz anders sieht es beim Betriebssystem des iPad aus, das das Ger\u00e4t nach Meinung vieler Anwender und Marktbeobachter genau so rigide zur\u00fcckh\u00e4lt wie die Kette den eigentlich vor Lebensenergie spr\u00fchenden Hofhund. Neu in iPadOS 16: Collaboration Auch die heute [&hellip;]<\/p>\n","protected":false},"author":1,"featured_media":188349,"comment_status":"open","ping_status":"closed","sticky":false,"template":"","format":"standard","meta":{"_acf_changed":false,"footnotes":""},"categories":[1],"tags":[4740,4537],"class_list":["post-188330","post","type-post","status-publish","format-standard","has-post-thumbnail","hentry","category-news","tag-ipad","tag-ipados"],"acf":[],"aioseo_notices":[],"subheadline":["Punktuell mehr Produktivit\u00e4t"],"featured_image":["https:\/\/images.ifun.de\/wp-content\/uploads\/2022\/06\/ipados-16-feature.jpg"],"rest_api_enabler":{"subheadline":"Punktuell mehr Produktivit\u00e4t","featured_image":"https:\/\/images.ifun.de\/wp-content\/uploads\/2022\/06\/ipados-16-feature.jpg"},"_links":{"self":[{"href":"https:\/\/www.ifun.de\/apiv2\/wp\/v2\/posts\/188330","targetHints":{"allow":["GET"]}}],"collection":[{"href":"https:\/\/www.ifun.de\/apiv2\/wp\/v2\/posts"}],"about":[{"href":"https:\/\/www.ifun.de\/apiv2\/wp\/v2\/types\/post"}],"author":[{"embeddable":true,"href":"https:\/\/www.ifun.de\/apiv2\/wp\/v2\/users\/1"}],"replies":[{"embeddable":true,"href":"https:\/\/www.ifun.de\/apiv2\/wp\/v2\/comments?post=188330"}],"version-history":[{"count":11,"href":"https:\/\/www.ifun.de\/apiv2\/wp\/v2\/posts\/188330\/revisions"}],"predecessor-version":[{"id":188411,"href":"https:\/\/www.ifun.de\/apiv2\/wp\/v2\/posts\/188330\/revisions\/188411"}],"wp:featuredmedia":[{"embeddable":true,"href":"https:\/\/www.ifun.de\/apiv2\/wp\/v2\/media\/188349"}],"wp:attachment":[{"href":"https:\/\/www.ifun.de\/apiv2\/wp\/v2\/media?parent=188330"}],"wp:term":[{"taxonomy":"category","embeddable":true,"href":"https:\/\/www.ifun.de\/apiv2\/wp\/v2\/categories?post=188330"},{"taxonomy":"post_tag","embeddable":true,"href":"https:\/\/www.ifun.de\/apiv2\/wp\/v2\/tags?post=188330"}],"curies":[{"name":"wp","href":"https:\/\/api.w.org\/{rel}","templated":true}]}}