{"id":188319,"date":"2022-06-06T20:23:25","date_gmt":"2022-06-06T18:23:25","guid":{"rendered":"https:\/\/www.ifun.de\/?p=188319"},"modified":"2022-06-08T13:55:50","modified_gmt":"2022-06-08T11:55:50","slug":"macos-13-ventura-folgt-auf-monterey-und-big-sur","status":"publish","type":"post","link":"https:\/\/www.ifun.de\/macos-13-ventura-folgt-auf-monterey-und-big-sur-188319\/","title":{"rendered":"macOS 13: &#8222;Ventura&#8220; folgt auf &#8222;Monterey&#8220; und &#8222;Big Sur&#8220;"},"content":{"rendered":"<p>Auf die kalifornische Bucht, die macOS Monterey seinen Namen gegeben hat und die nahegelegene K\u00fcstenregion, die macOS Big Sur Ende 2020 taufte, folgt nun nun also die von der gleichnamigen Stadt inspirierte Systemversion macOS 13 Ventura.<\/p>\n<p><a href=\"https:\/\/images.ifun.de\/wp-content\/uploads\/2022\/06\/macos-spotlight.jpg\"><img loading=\"lazy\" decoding=\"async\" class=\"aligncenter size-medium wp-image-188377\" src=\"https:\/\/images.ifun.de\/wp-content\/uploads\/2022\/06\/macos-spotlight-500x309.jpg\" alt=\"Macos Spotlight\" width=\"500\" height=\"309\" srcset=\"https:\/\/images.ifun.de\/wp-content\/uploads\/2022\/06\/macos-spotlight-500x309.jpg 500w, https:\/\/images.ifun.de\/wp-content\/uploads\/2022\/06\/macos-spotlight-700x432.jpg 700w, https:\/\/images.ifun.de\/wp-content\/uploads\/2022\/06\/macos-spotlight-768x474.jpg 768w, https:\/\/images.ifun.de\/wp-content\/uploads\/2022\/06\/macos-spotlight-1536x949.jpg 1536w, https:\/\/images.ifun.de\/wp-content\/uploads\/2022\/06\/macos-spotlight-2048x1265.jpg 2048w\" sizes=\"auto, (max-width: 500px) 100vw, 500px\" \/><\/a><\/p>\n<p>Die neue Software f\u00fcr MacBooks, iMacs, den Mac mini, den Mac Studio und den Mac Pro, die zusammen mit iPadOS 16 und iOS 16 sp\u00e4ter im Herbst zum Download bereitstehen wird, wurde heute erstmals in groben Z\u00fcgen pr\u00e4sentiert.<\/p>\n<p>Vorgestellt w\u00e4hrend der Auftaktveranstaltung der diesj\u00e4hrigen WWDC-Entwicklerkonferenz, wurde die Pr\u00e4sentation des neuesten Desktop-Betriebssystems in diesem Jahr endlich nicht mehr von fehleranf\u00e4lliger Rechnerhardware \u00fcberschattet. Im Gegensatz: Inzwischen bietet Apple wieder ein Mac-Lineup an, an dem es nicht mehr viel auszusetzen gibt.<\/p>\n<p>Die nun fast \u00fcberall verbauten Apple-Prozessoren liefern erstklassige Performance, sorgen bei den mobilen Rechnern f\u00fcr beeindruckende Akku-Laufzeiten und geben Apple wieder die Freiheit, sich voll auf die Software des Mac konzentrieren zu k\u00f6nnen.<\/p>\n<p><a href=\"https:\/\/images.ifun.de\/wp-content\/uploads\/2022\/06\/macos-stage-manager.jpg\"><img loading=\"lazy\" decoding=\"async\" class=\"aligncenter size-large wp-image-188375\" src=\"https:\/\/images.ifun.de\/wp-content\/uploads\/2022\/06\/macos-stage-manager-700x416.jpg\" alt=\"Macos Stage Manager\" width=\"700\" height=\"416\" srcset=\"https:\/\/images.ifun.de\/wp-content\/uploads\/2022\/06\/macos-stage-manager-700x416.jpg 700w, https:\/\/images.ifun.de\/wp-content\/uploads\/2022\/06\/macos-stage-manager-500x297.jpg 500w, https:\/\/images.ifun.de\/wp-content\/uploads\/2022\/06\/macos-stage-manager-768x457.jpg 768w, https:\/\/images.ifun.de\/wp-content\/uploads\/2022\/06\/macos-stage-manager-1536x913.jpg 1536w, https:\/\/images.ifun.de\/wp-content\/uploads\/2022\/06\/macos-stage-manager-2048x1218.jpg 2048w\" sizes=\"auto, (max-width: 700px) 100vw, 700px\" \/><\/a><\/p>\n<p>Eine Freiheit, die eindeutig auch von <strong>macOS Ventura 13<\/strong> auszustrahlen scheint. In diesem Jahr hat sich Apple der Grundausstattung seiner Macs angenommen und diesen in mehreren Bereichen mit umfangreichen Verbesserungen versehen:<\/p>\n<ul>\n<li>Mit <strong>Stage Manager<\/strong> integriert Apple einen neuen Multitasking-Fokus-Modus, der die gerade genutzte App im zentralen Fokus des Anwenders platziert und das schnelle Erstellen von Fenster-Gruppen erm\u00f6glicht.<\/li>\n<li><strong>Spotlight<\/strong> bietet eine bessere Suchergebnis-Anzeige, integriert eine Ergebnis-Vorschau, Suchergebnisse aus dem Web und Schnelltreffer aus Nachrichten, Musik und Karten.<\/li>\n<li>Apples <strong>Mail-Applikation<\/strong> wird einen Mail-R\u00fcckruf und schnelle Erinnerungen einf\u00fchren. Zudem wird die Suchfunktion der Mail-App vollst\u00e4ndig \u00fcberarbeitet.<\/li>\n<li>Der <strong>Safari Browser<\/strong> Apples wird sich auf geteilte Tab-Gruppen verstehen und so das schnelle Teilen von Weblinks mit Freunden und Kollegen gestatten.<\/li>\n<li>Die Passwort-Alternative <strong>Passkey<\/strong> wird den Web-Login \u00fcber Touch ID und Face ID erm\u00f6glichen.<\/li>\n<li><strong>FaceTime<\/strong> wird den Gespr\u00e4chs-\u00dcbergabe vom iPhone zum Mac unterst\u00fctzen. Zudem wird Apple die Nutzung des iPhones als Mac-Webcam erm\u00f6glichen.<\/li>\n<\/ul>\n<p><a href=\"https:\/\/images.ifun.de\/wp-content\/uploads\/2022\/06\/macos-mail-2.jpg\"><img loading=\"lazy\" decoding=\"async\" class=\"aligncenter size-large wp-image-188379\" src=\"https:\/\/images.ifun.de\/wp-content\/uploads\/2022\/06\/macos-mail-2-700x425.jpg\" alt=\"Macos Mail 2\" width=\"700\" height=\"425\" srcset=\"https:\/\/images.ifun.de\/wp-content\/uploads\/2022\/06\/macos-mail-2-700x425.jpg 700w, https:\/\/images.ifun.de\/wp-content\/uploads\/2022\/06\/macos-mail-2-500x304.jpg 500w, https:\/\/images.ifun.de\/wp-content\/uploads\/2022\/06\/macos-mail-2-768x467.jpg 768w, https:\/\/images.ifun.de\/wp-content\/uploads\/2022\/06\/macos-mail-2.jpg 963w\" sizes=\"auto, (max-width: 700px) 100vw, 700px\" \/><\/a><\/p>\n<p>Dabei achtet Cupertino inzwischen streng darauf, das h\u00e4ufig betonte Credo, nur Apple sei zur tiefgreifenden Integration von Hardware, Software und dem eigenen Dienste-Angebot in der Lage, unter Beweis zu stellen. Etwa kommen die neue Spotlight- und die neue Mail-Suche nicht nur auf den Mac, sondern auch auf das iPhone und das iPad.<\/p>\n<p>Wie iOS 16 und iPadOS 16 wird auch macOS Ventura in diesem Herbst zum Download bereitstehen und sich um die Modernisierung der aktuell acht unterschiedlichen Macs k\u00fcmmern, die Apple derzeit im hauseigenen Onlinestore zum Verkauf anbietet.<\/p>\n<p><a href=\"https:\/\/images.ifun.de\/wp-content\/uploads\/2022\/06\/macos-13-uebersicht.jpg\"><img loading=\"lazy\" decoding=\"async\" class=\"aligncenter size-large wp-image-188394\" src=\"https:\/\/images.ifun.de\/wp-content\/uploads\/2022\/06\/macos-13-uebersicht-700x390.jpg\" alt=\"Macos 13 Uebersicht\" width=\"700\" height=\"390\" srcset=\"https:\/\/images.ifun.de\/wp-content\/uploads\/2022\/06\/macos-13-uebersicht-700x390.jpg 700w, https:\/\/images.ifun.de\/wp-content\/uploads\/2022\/06\/macos-13-uebersicht-500x278.jpg 500w, https:\/\/images.ifun.de\/wp-content\/uploads\/2022\/06\/macos-13-uebersicht-768x427.jpg 768w, https:\/\/images.ifun.de\/wp-content\/uploads\/2022\/06\/macos-13-uebersicht.jpg 1400w\" sizes=\"auto, (max-width: 700px) 100vw, 700px\" \/><\/a><\/p>\n<p><img loading=\"lazy\" decoding=\"async\" class=\"tracking\" src=\"https:\/\/vg04.met.vgwort.de\/na\/9b11d4b09bba41e0b6915301d8bbf2c7\" width=\"1\" height=\"1\" \/><\/p>\n","protected":false},"excerpt":{"rendered":"<a href=\"https:\/\/www.ifun.de\/macos-13-ventura-folgt-auf-monterey-und-big-sur-188319\/\"><img width=\"150\" height=\"150\" src=\"https:\/\/images.ifun.de\/wp-content\/uploads\/2022\/06\/macos-feature-150x150.jpg\" class=\"alignright tfe wp-post-image\" alt=\"Macos Feature\" decoding=\"async\" loading=\"lazy\" \/><\/a><p>Auf die kalifornische Bucht, die macOS Monterey seinen Namen gegeben hat und die nahegelegene K\u00fcstenregion, die macOS Big Sur Ende 2020 taufte, folgt nun nun also die von der gleichnamigen Stadt inspirierte Systemversion macOS 13 Ventura. Die neue Software f\u00fcr MacBooks, iMacs, den Mac mini, den Mac Studio und den Mac Pro, die zusammen mit [&hellip;]<\/p>\n","protected":false},"author":1,"featured_media":188344,"comment_status":"open","ping_status":"closed","sticky":false,"template":"","format":"standard","meta":{"_acf_changed":false,"footnotes":""},"categories":[1,1783],"tags":[4736,6321,3095,353],"class_list":["post-188319","post","type-post","status-publish","format-standard","has-post-thumbnail","hentry","category-news","category-feature","tag-apple","tag-mac","tag-macos","tag-wwdc"],"acf":[],"aioseo_notices":[],"featured_image":["https:\/\/images.ifun.de\/wp-content\/uploads\/2022\/06\/macos-13-feature.jpg"],"subheadline":["Mit Stage Manager und PassKey"],"rest_api_enabler":{"featured_image":"https:\/\/images.ifun.de\/wp-content\/uploads\/2022\/06\/macos-13-feature.jpg","subheadline":"Mit Stage Manager und PassKey"},"_links":{"self":[{"href":"https:\/\/www.ifun.de\/apiv2\/wp\/v2\/posts\/188319","targetHints":{"allow":["GET"]}}],"collection":[{"href":"https:\/\/www.ifun.de\/apiv2\/wp\/v2\/posts"}],"about":[{"href":"https:\/\/www.ifun.de\/apiv2\/wp\/v2\/types\/post"}],"author":[{"embeddable":true,"href":"https:\/\/www.ifun.de\/apiv2\/wp\/v2\/users\/1"}],"replies":[{"embeddable":true,"href":"https:\/\/www.ifun.de\/apiv2\/wp\/v2\/comments?post=188319"}],"version-history":[{"count":8,"href":"https:\/\/www.ifun.de\/apiv2\/wp\/v2\/posts\/188319\/revisions"}],"predecessor-version":[{"id":188395,"href":"https:\/\/www.ifun.de\/apiv2\/wp\/v2\/posts\/188319\/revisions\/188395"}],"wp:featuredmedia":[{"embeddable":true,"href":"https:\/\/www.ifun.de\/apiv2\/wp\/v2\/media\/188344"}],"wp:attachment":[{"href":"https:\/\/www.ifun.de\/apiv2\/wp\/v2\/media?parent=188319"}],"wp:term":[{"taxonomy":"category","embeddable":true,"href":"https:\/\/www.ifun.de\/apiv2\/wp\/v2\/categories?post=188319"},{"taxonomy":"post_tag","embeddable":true,"href":"https:\/\/www.ifun.de\/apiv2\/wp\/v2\/tags?post=188319"}],"curies":[{"name":"wp","href":"https:\/\/api.w.org\/{rel}","templated":true}]}}