{"id":188265,"date":"2022-06-03T15:29:29","date_gmt":"2022-06-03T13:29:29","guid":{"rendered":"https:\/\/www.ifun.de\/?p=188265"},"modified":"2022-06-03T15:29:29","modified_gmt":"2022-06-03T13:29:29","slug":"trotz-feiertag-der-montagabend-gehoert-apple","status":"publish","type":"post","link":"https:\/\/www.ifun.de\/trotz-feiertag-der-montagabend-gehoert-apple-188265\/","title":{"rendered":"Trotz Feiertag: Der Montagabend geh\u00f6rt Apple"},"content":{"rendered":"<p>Kurz vor dem Wochenende hat Apple auch seine <a href=\"https:\/\/www.apple.com\/de\/\">deutsche Webseite<\/a> f\u00fcr die Entwicklerkonferenz WWDC \u00fcberarbeitet. Unter anderem findet sich hier jetzt eine deutschsprachige Version der <a href=\"https:\/\/www.apple.com\/de\/apple-events\/\">Sonderseite zur WWDC22<\/a> mit dem Hinweis, dass sich die Keynote online auf apple.com oder in der Apple-TV-App live mitverfolgen l\u00e4sst. Der ebenfalls verf\u00fcgbare <a href=\"https:\/\/www.youtube.com\/watch?v=q5D55G7Ejs8\">offizielle Live-Stream auf YouTube<\/a> wird hier zwar nicht erw\u00e4hnt, steht euch als Alternative f\u00fcr die virtuelle Teilnahme aber nat\u00fcrlich ebenfalls zur Verf\u00fcgung.<\/p>\n<p><img loading=\"lazy\" decoding=\"async\" src=\"https:\/\/images.ifun.de\/wp-content\/uploads\/2022\/06\/apple-wwdc-deutschland-500x319.jpg\" alt=\"Apple Wwdc Deutschland\" width=\"500\" height=\"319\" class=\"alignnone size-medium wp-image-188270\" srcset=\"https:\/\/images.ifun.de\/wp-content\/uploads\/2022\/06\/apple-wwdc-deutschland-500x319.jpg 500w, https:\/\/images.ifun.de\/wp-content\/uploads\/2022\/06\/apple-wwdc-deutschland-700x447.jpg 700w, https:\/\/images.ifun.de\/wp-content\/uploads\/2022\/06\/apple-wwdc-deutschland-768x490.jpg 768w, https:\/\/images.ifun.de\/wp-content\/uploads\/2022\/06\/apple-wwdc-deutschland.jpg 1000w\" sizes=\"auto, (max-width: 500px) 100vw, 500px\" \/><\/p>\n<p>In diesem Jahr haben wir die ungewohnte Situation, dass die Keynote von Apple-Chef Tim Cook und seinem Team in Deutschland auf einen Feiertag f\u00e4llt. Ungeachtet dessen werden nat\u00fcrlich auch wir den Abend des Pfingstmontag am Rechner verbringen. Sollte es im Laufe des Tages vorab Interessantes zu berichten geben, erfahrt ihr es ebenfalls wie gewohnt per Push-Mitteilung und Webseiten-Eintrag.<\/p>\n<h2>Apple-Event diesmal wieder wirklich live?<\/h2>\n<p>Offiziell geht\u2019s am Montag Abend dann um 19 Uhr unserer Zeit los. Spannend bleibt bis dahin, ob Apple wieder auf vorgefertigtes Videomaterial zur\u00fcckgreift, oder Tim Cook in diesem Jahr zum ersten Mal seit zwei Jahren wieder live auf der B\u00fchne steht. Die M\u00f6glichkeit besteht und daf\u00fcr spricht unter anderem, dass nicht nur eine begrenzte Zahl von Entwicklern live vor Ort sein darf, sondern Apple erstmals auch wieder Medienvertreter zum Besuch vor Ort eingeladen hat.<\/p>\n<p>Mit Blick auf das Programm f\u00fcr Montag Abend ist eine ausf\u00fchrliche Pr\u00e4sentation der kommenden Apple-Betriebssysteme, allem voran iOS 16 und macOS 13, eine sichere Wette. Dar\u00fcber hinaus darf man zumindest den einen oder anderen Hinweis mit Blick auf den Entwicklungsstand von Apples Mac-Prozessoren erwarten. Hier fehlt ja weiterhin noch Ersatz f\u00fcr die letzten beiden mit Intel-Prozessoren bei Apple erh\u00e4ltlichen Computer, also ein neuer Mac Pro und ein besser ausgestatteter Mac mini.<\/p>\n<p>Ger\u00fcchte sehen zudem die Vorstellung neuer Hardware, darunter ein \u00fcberarbeitetes MacBook Air und ebenso erste konkrete Hinweise auf ein Mixed-Reality-Headset von Apple im Bereich des M\u00f6glichen. Warten wir\u2019s ab.<img loading=\"lazy\" decoding=\"async\" src=\"https:\/\/vg04.met.vgwort.de\/na\/e2e24a655e8041cbba4d287b0cdde9d0\" width=\"1\" height=\"1\" alt=\"\" no-lazy class=\"tracking\"><\/p>\n","protected":false},"excerpt":{"rendered":"<a href=\"https:\/\/www.ifun.de\/trotz-feiertag-der-montagabend-gehoert-apple-188265\/\"><img width=\"150\" height=\"150\" src=\"https:\/\/images.ifun.de\/wp-content\/uploads\/2022\/06\/wwdc-22-feature-150x150.jpg\" class=\"alignright tfe wp-post-image\" alt=\"Wwdc 22 Feature\" decoding=\"async\" loading=\"lazy\" \/><\/a><p>Kurz vor dem Wochenende hat Apple auch seine deutsche Webseite f\u00fcr die Entwicklerkonferenz WWDC \u00fcberarbeitet. Unter anderem findet sich hier jetzt eine deutschsprachige Version der Sonderseite zur WWDC22 mit dem Hinweis, dass sich die Keynote online auf apple.com oder in der Apple-TV-App live mitverfolgen l\u00e4sst. Der ebenfalls verf\u00fcgbare offizielle Live-Stream auf YouTube wird hier zwar [&hellip;]<\/p>\n","protected":false},"author":2,"featured_media":188272,"comment_status":"open","ping_status":"closed","sticky":false,"template":"","format":"standard","meta":{"_acf_changed":false,"footnotes":""},"categories":[3],"tags":[4736,353],"class_list":["post-188265","post","type-post","status-publish","format-standard","has-post-thumbnail","hentry","category-apple","tag-apple","tag-wwdc"],"acf":[],"aioseo_notices":[],"subheadline":["WWDC-Auftakt ab 19 Uhr"],"featured_image":["https:\/\/images.ifun.de\/wp-content\/uploads\/2022\/06\/wwdc-22-feature.jpg"],"rest_api_enabler":{"subheadline":"WWDC-Auftakt ab 19 Uhr","featured_image":"https:\/\/images.ifun.de\/wp-content\/uploads\/2022\/06\/wwdc-22-feature.jpg"},"_links":{"self":[{"href":"https:\/\/www.ifun.de\/apiv2\/wp\/v2\/posts\/188265","targetHints":{"allow":["GET"]}}],"collection":[{"href":"https:\/\/www.ifun.de\/apiv2\/wp\/v2\/posts"}],"about":[{"href":"https:\/\/www.ifun.de\/apiv2\/wp\/v2\/types\/post"}],"author":[{"embeddable":true,"href":"https:\/\/www.ifun.de\/apiv2\/wp\/v2\/users\/2"}],"replies":[{"embeddable":true,"href":"https:\/\/www.ifun.de\/apiv2\/wp\/v2\/comments?post=188265"}],"version-history":[{"count":5,"href":"https:\/\/www.ifun.de\/apiv2\/wp\/v2\/posts\/188265\/revisions"}],"predecessor-version":[{"id":188271,"href":"https:\/\/www.ifun.de\/apiv2\/wp\/v2\/posts\/188265\/revisions\/188271"}],"wp:featuredmedia":[{"embeddable":true,"href":"https:\/\/www.ifun.de\/apiv2\/wp\/v2\/media\/188272"}],"wp:attachment":[{"href":"https:\/\/www.ifun.de\/apiv2\/wp\/v2\/media?parent=188265"}],"wp:term":[{"taxonomy":"category","embeddable":true,"href":"https:\/\/www.ifun.de\/apiv2\/wp\/v2\/categories?post=188265"},{"taxonomy":"post_tag","embeddable":true,"href":"https:\/\/www.ifun.de\/apiv2\/wp\/v2\/tags?post=188265"}],"curies":[{"name":"wp","href":"https:\/\/api.w.org\/{rel}","templated":true}]}}