{"id":187953,"date":"2022-05-30T15:54:29","date_gmt":"2022-05-30T13:54:29","guid":{"rendered":"https:\/\/www.ifun.de\/?p=187953"},"modified":"2022-05-30T15:56:37","modified_gmt":"2022-05-30T13:56:37","slug":"von-apple-eingeschuechtert-apple-store-atlanta-vertagt-gewerkschafts-wahl","status":"publish","type":"post","link":"https:\/\/www.ifun.de\/von-apple-eingeschuechtert-apple-store-atlanta-vertagt-gewerkschafts-wahl-187953\/","title":{"rendered":"Von Apple eingesch\u00fcchtert: Apple Atlanta vertagt Gewerkschafts-Wahl"},"content":{"rendered":"<p>In vielen der \u00fcber 300 amerikanischen Apple-Filialen sehnen sich die Angestellten des iPhone-Konzerns nach einer gewerkschaftlich organisierten Mitarbeitervertretung und haben diesen Wunsch in den vergangene Monaten so deutlich nach au\u00dfen kommuniziert, dass Apple aktiv gegen die gewerkschaftlichen Bestrebungen seiner Mitarbeiter vorgegangen ist.<\/p>\n<blockquote class=\"twitter-tweet\" data-conversation=\"none\" data-dnt=\"true\">\n<p dir=\"ltr\" lang=\"en\">It\u2019s an outrage &amp; a shame that Apple chose to spend tens of thousands of dollars to pay a third party, outside &#8222;union avoidance&#8220; law firm, abandon its professed values, and aggressively &amp; deceitfully union bust in our store, interfering with our legal right to organize a union 2\/<\/p>\n<p>\u2014 Apple Retail Union (@Apple_Union) <a href=\"https:\/\/twitter.com\/Apple_Union\/status\/1530295414246805504?ref_src=twsrc%5Etfw\">May 27, 2022<\/a><\/p><\/blockquote>\n<p><script async src=\"https:\/\/platform.twitter.com\/widgets.js\" charset=\"utf-8\"><\/script><\/p>\n<h2>Sprachregelungen und Lobbyisten<\/h2>\n<p>Den in den Vereinigten Staaten aktiven Filialleitern wurden <a href=\"https:\/\/www.ifun.de\/argumente-gegen-arbeitnehmer-so-coacht-apple-gegen-gewerkschaften-187120\/\">Sprachregelungen zugespielt<\/a>, mit denen diese gegen den Aufbau von Gewerkschaften argumentieren sollten, auf politischer Ebene hat Apple bezahlte Lobbyisten <a href=\"https:\/\/www.theverge.com\/2022\/4\/25\/23041632\/apple-hires-anti-union-lawyers-littler-mendelson-union-fight-cwa\">ins Feld gef\u00fchrt<\/a>.<\/p>\n<p>Derweil wuchs in der Belegschaft der Filialgesch\u00e4fte der Unmut \u00fcber anstrengende Corona-Regelungen, vergleichsweise schlechte Bezahlungen und eine Unternehmensf\u00fchrung, die die W\u00fcnsche der eigenen Mitarbeiter nur im Schneckentempo zu adressieren schien.<\/p>\n<p>Mit entsprechender Spannung wurden daraufhin vor allem drei Apple-Filialen in Atlanta, Maryland und New York beobachtet, in denen der Aufbau einer lokalen Mitarbeitergewerkschaft bereits am weitesten fortgeschritten schien.<\/p>\n<p><a href=\"https:\/\/images.ifun.de\/wp-content\/uploads\/2016\/09\/apple-mexico-mitarbeiter.jpg\"><img loading=\"lazy\" decoding=\"async\" class=\"aligncenter size-full wp-image-98065\" src=\"https:\/\/images.ifun.de\/wp-content\/uploads\/2016\/09\/apple-mexico-mitarbeiter.jpg\" alt=\"Apple Mexico Mitarbeiter\" width=\"700\" height=\"465\" srcset=\"https:\/\/images.ifun.de\/wp-content\/uploads\/2016\/09\/apple-mexico-mitarbeiter.jpg 700w, https:\/\/images.ifun.de\/wp-content\/uploads\/2016\/09\/apple-mexico-mitarbeiter-300x199.jpg 300w\" sizes=\"auto, (max-width: 700px) 100vw, 700px\" \/><\/a><\/p>\n<h2>New York meldete erste Vorf\u00e4lle<\/h2>\n<p>Aus New York wurden in der vorletzten Woche dann erste Vorf\u00e4lle gemeldet. Apple soll aktives \u201eUnion Busting\u201c <a href=\"https:\/\/www.ifun.de\/schwere-vorwuerfe-aus-new-york-apple-betreibt-union-busting-187431\/\">betrieben haben<\/a> und den Aufbau einer Arbeitnehmervertretung sabotiert haben. Unter anderem h\u00e4tte Apple &#8222;gewerkschaftsfeindliche Vortr\u00e4ge mit Anwesenheitspflicht&#8220; gehalten. Ein verhalten, das vor Ort zur Anzeige gebracht wurde.<\/p>\n<p>Als \u00e4hnlich schwierig scheinen sich nun auch die gewerkschaftlichen Anstrengungen der Apple-Mitarbeiter in Atlanta zu erweisen. Hier h\u00e4tte in dieser Woche eine Abstimmung \u00fcber den Aufbau einer Arbeitnehmervertretung erfolgen sollen, die nun jedoch <a href=\"https:\/\/www.cnbc.com\/2022\/05\/27\/apple-union-push-faces-setback-as-atlanta-organizers-withdraw-bid-.html\">verschoben wurde<\/a>.<\/p>\n<p>Neben aktiven Covid-Erkrankungen unter den Abstimmungsberechtigten geben die Organisatoren auch an, von Apple eingesch\u00fcchtert worden zu seien. So meldet die amerikanische <a href=\"https:\/\/cwa-union.org\/news\">CWA<\/a>, eine der gr\u00f6\u00dften Gewerkschaften in den Vereinigten Staaten, die den Angestellten der Apples Stores bei ihren Aktivit\u00e4ten zur Seite steht:<\/p>\n<blockquote><p>&#8222;Eine \u00fcberw\u00e4ltigende Mehrheit der Besch\u00e4ftigten des <a href=\"https:\/\/www.apple.com\/retail\/cumberlandmall\/\">Cumberland Mall Store<\/a> hat im April die Gr\u00fcndung einer Gewerkschaft angek\u00fcndigt und die Anerkennung durch das Unternehmen beantragt. Seitdem hat Apple eine systematische, ausgekl\u00fcgelte Kampagne durchgef\u00fchrt, um sie einzusch\u00fcchtern und ihr Recht, eine Gewerkschaft zu gr\u00fcnden, zu beeintr\u00e4chtigen. Verhalten, das gegen US-Gesetze, die Grunds\u00e4tze von Apples Credo und den Verhaltenskodex f\u00fcr Verk\u00e4ufer sowie gegen internationale Menschenrechtsnormen verst\u00f6\u00dft.&#8220;<\/p><\/blockquote>\n<p><img loading=\"lazy\" decoding=\"async\" src=\"https:\/\/vg04.met.vgwort.de\/na\/095893eca5de4e7b936e659eb198f8e3\" width=\"1\" height=\"1\" no-lazy class=\"tracking\"><\/p>\n","protected":false},"excerpt":{"rendered":"<a href=\"https:\/\/www.ifun.de\/von-apple-eingeschuechtert-apple-store-atlanta-vertagt-gewerkschafts-wahl-187953\/\"><img width=\"150\" height=\"150\" src=\"https:\/\/images.ifun.de\/wp-content\/uploads\/2022\/05\/apple-cumberland-150x150.jpg\" class=\"alignright tfe wp-post-image\" alt=\"Apple Cumberland\" decoding=\"async\" loading=\"lazy\" \/><\/a><p>In vielen der \u00fcber 300 amerikanischen Apple-Filialen sehnen sich die Angestellten des iPhone-Konzerns nach einer gewerkschaftlich organisierten Mitarbeitervertretung und haben diesen Wunsch in den vergangene Monaten so deutlich nach au\u00dfen kommuniziert, dass Apple aktiv gegen die gewerkschaftlichen Bestrebungen seiner Mitarbeiter vorgegangen ist. It\u2019s an outrage &amp; a shame that Apple chose to spend tens of [&hellip;]<\/p>\n","protected":false},"author":1,"featured_media":187954,"comment_status":"open","ping_status":"closed","sticky":false,"template":"","format":"standard","meta":{"_acf_changed":false,"footnotes":""},"categories":[3],"tags":[4736,5797,5493],"class_list":["post-187953","post","type-post","status-publish","format-standard","has-post-thumbnail","hentry","category-apple","tag-apple","tag-gewerkschaft","tag-mitarbeiter"],"acf":[],"aioseo_notices":[],"subheadline":["Nach \u00e4hnlichen Vorw\u00fcrfen aus New York"],"featured_image":["https:\/\/images.ifun.de\/wp-content\/uploads\/2022\/05\/apple-cumberland.jpg"],"rest_api_enabler":{"subheadline":"Nach \u00e4hnlichen Vorw\u00fcrfen aus New York","featured_image":"https:\/\/images.ifun.de\/wp-content\/uploads\/2022\/05\/apple-cumberland.jpg"},"_links":{"self":[{"href":"https:\/\/www.ifun.de\/apiv2\/wp\/v2\/posts\/187953","targetHints":{"allow":["GET"]}}],"collection":[{"href":"https:\/\/www.ifun.de\/apiv2\/wp\/v2\/posts"}],"about":[{"href":"https:\/\/www.ifun.de\/apiv2\/wp\/v2\/types\/post"}],"author":[{"embeddable":true,"href":"https:\/\/www.ifun.de\/apiv2\/wp\/v2\/users\/1"}],"replies":[{"embeddable":true,"href":"https:\/\/www.ifun.de\/apiv2\/wp\/v2\/comments?post=187953"}],"version-history":[{"count":2,"href":"https:\/\/www.ifun.de\/apiv2\/wp\/v2\/posts\/187953\/revisions"}],"predecessor-version":[{"id":187957,"href":"https:\/\/www.ifun.de\/apiv2\/wp\/v2\/posts\/187953\/revisions\/187957"}],"wp:featuredmedia":[{"embeddable":true,"href":"https:\/\/www.ifun.de\/apiv2\/wp\/v2\/media\/187954"}],"wp:attachment":[{"href":"https:\/\/www.ifun.de\/apiv2\/wp\/v2\/media?parent=187953"}],"wp:term":[{"taxonomy":"category","embeddable":true,"href":"https:\/\/www.ifun.de\/apiv2\/wp\/v2\/categories?post=187953"},{"taxonomy":"post_tag","embeddable":true,"href":"https:\/\/www.ifun.de\/apiv2\/wp\/v2\/tags?post=187953"}],"curies":[{"name":"wp","href":"https:\/\/api.w.org\/{rel}","templated":true}]}}