{"id":187783,"date":"2022-05-25T16:48:19","date_gmt":"2022-05-25T14:48:19","guid":{"rendered":"https:\/\/www.ifun.de\/?p=187783"},"modified":"2022-05-25T16:55:05","modified_gmt":"2022-05-25T14:55:05","slug":"amazon-prime-video-die-neuzugaenge-im-juni-2022","status":"publish","type":"post","link":"https:\/\/www.ifun.de\/amazon-prime-video-die-neuzugaenge-im-juni-2022-187783\/","title":{"rendered":"Amazon Prime Video: Die Neuzug\u00e4nge im Juni 2022"},"content":{"rendered":"<p>Genau eine Woche vor dem Monatswechsel hat die Videoabteilung des Online-H\u00e4ndlers Amazon ihre \u00dcbersicht der Juni-Neuzug\u00e4nge an uns durchgereicht, die wir in den kommenden Tagen wie \u00fcblich um die anstehenden Neuver\u00f6ffentlichungen bei Netflix, dem ZDF und Disney+ erg\u00e4nzen werden.<\/p>\n<p><a href=\"https:\/\/images.ifun.de\/wp-content\/uploads\/2022\/05\/the-boys-3-1400.jpg\"><img loading=\"lazy\" decoding=\"async\" class=\"aligncenter size-medium wp-image-187784\" src=\"https:\/\/images.ifun.de\/wp-content\/uploads\/2022\/05\/the-boys-3-1400-500x330.jpg\" alt=\"The Boys 3 1400\" width=\"500\" height=\"330\" srcset=\"https:\/\/images.ifun.de\/wp-content\/uploads\/2022\/05\/the-boys-3-1400-500x330.jpg 500w, https:\/\/images.ifun.de\/wp-content\/uploads\/2022\/05\/the-boys-3-1400.jpg 597w\" sizes=\"auto, (max-width: 500px) 100vw, 500px\" \/><\/a><\/p>\n<h6>Ab 3. Juni: The Boys &#8211; Staffel 3<\/h6>\n<p>Amazon Prime Video wartet im kommenden Monat mit der dritten Staffel der Action-Serie &#8222;The Boys&#8220; auf, bringt die zweite Staffel der Animationskom\u00f6die &#8222;Fairfax&#8220; an den Start und feiert das Deb\u00fct der Amazon Original Serie &#8222;The Summer I Turned Pretty&#8220;, deren erste Staffel ab dem 17. Juni im Katalog des Streaming-Dienstes zu finden sein wird.<\/p>\n<blockquote><p><strong>The Summer I Turned Pretty: <\/strong>Eine Dreiecksbeziehung zwischen einer jungen Frau und zwei Br\u00fcdern, die Kraft einer starken Freundschaft zwischen Frauen, die sich st\u00e4ndig ver\u00e4ndernden Beziehungen zwischen M\u00fcttern und ihren Kindern, die gro\u00dfen Gef\u00fchle der ersten Liebe und des ersten Herzschmerzes \u2013 und die Geschichte dieses einen, magischen Sommers: Die Serienadaption The Summer I Turned Pretty feiert am 17. Juni Premiere bei Prime Video. Die Amazon Original Serie basiert auf dem gleichnamigen Roman von New York Times-Bestsellerautorin Jenny Han (To All The Boys I\u2019ve Loved Before), die auch als Showrunnerin und Executive Producerin fungiert sowie als Autorin der Pilotepisode verantwortlich zeichnet.<\/p><\/blockquote>\n<p><div class=\"responsive-video\"><iframe loading=\"lazy\" title=\"The Summer I Turned Pretty \u2013 Official Teaser Trailer | Prime Video\" width=\"500\" height=\"281\" src=\"https:\/\/www.youtube-nocookie.com\/embed\/3sVWSRKB7Vo?feature=oembed\" frameborder=\"0\" allow=\"accelerometer; autoplay; clipboard-write; encrypted-media; gyroscope; picture-in-picture; web-share\" referrerpolicy=\"strict-origin-when-cross-origin\" allowfullscreen><\/iframe><\/div><\/p>\n<h2>Neue Serien und Staffeln auf Prime Video<\/h2>\n<ul>\n<li><a rel=\"noindex, nofollow\" href=\"https:\/\/www.amazon.de\/gp\/video\/detail\/0O72M293BABLRSKIKQSD5LNLQU?mrntrk=pcrid_421546057891_slid__pgrid_98578445938_pgeo_9061132_x__ptid_kwd-468778867848&amp;gclid=Cj0KCQjw-JyUBhCuARIsANUqQ_KlX11sREFRORe-tgnqkUdrl5cVx7FzAriJY6fjc3FKr5htcTun5PkaAmxKEALw_wcB&amp;gclsrc=aw.ds&amp;linkCode=ll2&amp;tag=musicweb02&amp;linkId=36def90451b5f8e36b64e89bb4eebe37&amp;language=de_DE&amp;ref_=as_li_ss_tl\"><strong>The Boys &#8211; Staffel<\/strong><strong> 3<\/strong><\/a><br \/>\nAmazon Original Serie<br \/>\nExklusiv verf\u00fcgbar ab 3. Juni<\/li>\n<li><a rel=\"noindex, nofollow\" href=\"https:\/\/www.amazon.de\/Summer-Turned-Pretty-Staffel-Official\/dp\/B09NF44FT7?keywords=the+summer+i+turned+pretty+serie&amp;qid=1653045349&amp;s=instant-video&amp;sprefix=the+summer+i+%2Cinstant-video%2C77&amp;sr=1-1&amp;linkCode=ll2&amp;tag=musicweb02&amp;linkId=56830b889fe153a11ffae3d10dee7008&amp;language=de_DE&amp;ref_=as_li_ss_tl\"><strong>The Summer I Turned Pretty- Staffel 1<\/strong><\/a><br \/>\nAmazon Original Serie<br \/>\nExklusiv verf\u00fcgbar ab 17. Juni<\/li>\n<li><a rel=\"noindex, nofollow\" href=\"https:\/\/www.amazon.de\/placeholder_title\/dp\/B09SFCK2BP?keywords=fairfax+2&amp;qid=1653045319&amp;s=instant-video&amp;sprefix=fairfax%2Cinstant-video%2C81&amp;sr=1-1&amp;linkCode=ll2&amp;tag=musicweb02&amp;linkId=ae233d4de57d40aec43e8a4bc8e6d1f4&amp;language=de_DE&amp;ref_=as_li_ss_tl\"><strong>Fairfax &#8211; Staffel 2<\/strong><\/a><br \/>\nAmazon Original Serie<br \/>\nExklusiv verf\u00fcgbar ab 10. Juni<\/li>\n<li><a rel=\"noindex, nofollow\" href=\"http:\/\/www.ifun.de\/amzn\/B09TV87PFH\"><strong>The Lake \u2013 Der See &#8211; Staffel 1<\/strong><br \/>\n<\/a>Amazon Original Serie<br \/>\nExklusiv verf\u00fcgbar ab 17. Juni<\/li>\n<li><strong>Guilty Minds &#8211; Staffel 1<\/strong><br \/>\nAmazon Original Serie<br \/>\nExklusiv verf\u00fcgbar ab 10. Juni<\/li>\n<li><strong>The Pogmentary: Born Ready &#8211; Staffel 1<\/strong><br \/>\nAmazon Original Serie<br \/>\nExklusiv verf\u00fcgbar ab 17. Juni<\/li>\n<li><strong>The One That Got Away &#8211; Staffel 1<\/strong><br \/>\nAmazon Original Serie<br \/>\nExklusiv verf\u00fcgbar ab 24. Juni<\/li>\n<li><strong>Chloe<\/strong><br \/>\nVerf\u00fcgbar ab 24. Juni<\/li>\n<li><a rel=\"noindex, nofollow\" href=\"http:\/\/www.ifun.de\/amzn\/B09PTPXJXL\"><strong>This Is Us &#8211; Staffel 6<\/strong><\/a><br \/>\nVerf\u00fcgbar ab 1. Juni<\/li>\n<\/ul>\n<h2>Neue Filme auf Prime Video<\/h2>\n<ul>\n<li><strong>Kick Like Tayla <\/strong><br \/>\nAmazon Original Film<br \/>\nExklusiv verf\u00fcgbar ab 17. Juni<\/li>\n<li><strong>My Fake Boyfriend<\/strong><br \/>\nAmazon Original Film<br \/>\nExklusiv verf\u00fcgbar ab 24. Juni<\/li>\n<li><strong>Valley Girl<\/strong><br \/>\nVerf\u00fcgbar ab 1. Juni<\/li>\n<li><a href=\"https:\/\/www.imdb.com\/title\/tt0396269\/?ref_=nv_sr_srsg_0\"><strong>Wedding Crashers<\/strong><br \/>\n<\/a>Verf\u00fcgbar ab 1. Juni<\/li>\n<li><strong>Halvdan Viking<\/strong><br \/>\nVerf\u00fcgbar ab 2. Juni<\/li>\n<li><strong>I\u2019m Not Rappaport<\/strong><br \/>\nVerf\u00fcgbar ab 3. Juni<\/li>\n<li><strong>Bevor der Winter kommt<\/strong><br \/>\nVerf\u00fcgbar ab 3. Juni<\/li>\n<li><strong>Das M\u00e4dchen mit dem Diamantenohrring<\/strong><br \/>\nVerf\u00fcgbar ab 6. Juni<\/li>\n<li><a rel=\"noindex, nofollow\" href=\"http:\/\/www.ifun.de\/amzn\/B01MRDFTDT\"><strong>Lethal Weapon, Tei 1, 2, 3 und 4<\/strong><br \/>\n<\/a>Verf\u00fcgbar ab 7. Juni<\/li>\n<li><a rel=\"noindex, nofollow\" href=\"http:\/\/www.ifun.de\/amzn\/B09F3J95V1\"><strong>Beckenrand Sheriff<\/strong><br \/>\n<\/a>Verf\u00fcgbar ab 9. Juni<\/li>\n<li><a rel=\"noindex, nofollow\" href=\"http:\/\/www.ifun.de\/amzn\/B01EXLI0MG\"><strong>Im Auge des Sturms<\/strong><\/a><br \/>\nVerf\u00fcgbar ab 10. Juni<\/li>\n<li><strong>Never Rarely Sometimes Always<\/strong><br \/>\nVerf\u00fcgbar ab 11. Juni<\/li>\n<li><a rel=\"noindex, nofollow\" href=\"http:\/\/www.ifun.de\/amzn\/B07WNJXZ1N\"><strong>Pok\u00e9mon Meisterdetektiv Pikachu<\/strong><br \/>\n<\/a>Verf\u00fcgbar ab 12. Juni<\/li>\n<li><a rel=\"noindex, nofollow\" href=\"http:\/\/www.ifun.de\/amzn\/B00TQZJ9H0\"><strong>Mit ganzer Kraft<\/strong><br \/>\n<\/a>Verf\u00fcgbar ab 13. Juni<\/li>\n<li><a rel=\"noindex, nofollow\" href=\"http:\/\/www.ifun.de\/amzn\/B09HSBZJ6H\"><strong>Die Schule der magischen Tiere &#8211; Teil 1<\/strong><br \/>\n<\/a>Verf\u00fcgbar ab 14. Juni<\/li>\n<li><a rel=\"noindex, nofollow\" href=\"http:\/\/www.ifun.de\/amzn\/B00EVA59QA\"><strong>Miss Undercover<\/strong><\/a><br \/>\nVerf\u00fcgbar ab 14. Juni<\/li>\n<li><a rel=\"noindex, nofollow\" href=\"http:\/\/www.ifun.de\/amzn\/B00ILNEXII\"><strong>Miss Undercover 2<\/strong><\/a><strong><a rel=\"noindex, nofollow\" href=\"http:\/\/www.ifun.de\/amzn\/B00ILNEXII\"><br \/>\n<\/a><\/strong>Verf\u00fcgbar ab 14. Juni<\/li>\n<li><a rel=\"noindex, nofollow\" href=\"http:\/\/www.ifun.de\/amzn\/B00O7VEXSS\"><strong>Paris um jeden Preis<\/strong><br \/>\n<\/a>Verf\u00fcgbar ab 16. Juni<\/li>\n<li><strong>Margarete, Queen of the North<\/strong><br \/>\nVerf\u00fcgbar ab 18. Juni<\/li>\n<li><a rel=\"noindex, nofollow\" href=\"http:\/\/www.ifun.de\/amzn\/B08QVG8X12\"><strong>Kaltes Blut \u2013 Auf den Spuren von Truman Capote<\/strong><\/a><br \/>\nVerf\u00fcgbar ab 19. Juni<\/li>\n<li><a rel=\"noindex, nofollow\" href=\"http:\/\/www.ifun.de\/amzn\/B01BW4HHCG\"><strong>Kung Fu Panda 3<\/strong><br \/>\n<\/a>Verf\u00fcgbar ab 19. Juni<\/li>\n<li><a rel=\"noindex, nofollow\" href=\"http:\/\/www.ifun.de\/amzn\/B07F2T7PVF\"><strong>Private Peaceful: Mein Bruder Charlie<\/strong><\/a><br \/>\nVerf\u00fcgbar ab 20. Juni<\/li>\n<li><a rel=\"noindex, nofollow\" href=\"http:\/\/www.ifun.de\/amzn\/B08LCJN431\"><strong>Kajillionaire<\/strong><br \/>\n<\/a>Verf\u00fcgbar ab 22. Juni<\/li>\n<li><a rel=\"noindex, nofollow\" href=\"http:\/\/www.ifun.de\/amzn\/B00V6KH5E2\"><strong>Kill the Boss 2<\/strong><br \/>\n<\/a>Verf\u00fcgbar ab 23. Juni<\/li>\n<li><a rel=\"noindex, nofollow\" href=\"http:\/\/www.ifun.de\/amzn\/B01IS1TL48\"><strong>Shelter \u2013 Auf den Stra\u00dfen von New York<\/strong><br \/>\n<\/a>Verf\u00fcgbar ab 25. Juni<\/li>\n<li><a rel=\"noindex, nofollow\" href=\"http:\/\/www.ifun.de\/amzn\/B00IAHC6TI\"><strong>Auf und Davon<\/strong><br \/>\n<\/a>Verf\u00fcgbar ab 29. Juni<\/li>\n<\/ul>\n","protected":false},"excerpt":{"rendered":"<a href=\"https:\/\/www.ifun.de\/amazon-prime-video-die-neuzugaenge-im-juni-2022-187783\/\"><img width=\"150\" height=\"150\" src=\"https:\/\/images.ifun.de\/wp-content\/uploads\/2022\/05\/the-boys-3-1400-150x150.jpg\" class=\"alignright tfe wp-post-image\" alt=\"The Boys 3 1400\" decoding=\"async\" loading=\"lazy\" \/><\/a><p>Genau eine Woche vor dem Monatswechsel hat die Videoabteilung des Online-H\u00e4ndlers Amazon ihre \u00dcbersicht der Juni-Neuzug\u00e4nge an uns durchgereicht, die wir in den kommenden Tagen wie \u00fcblich um die anstehenden Neuver\u00f6ffentlichungen bei Netflix, dem ZDF und Disney+ erg\u00e4nzen werden. Ab 3. Juni: The Boys &#8211; Staffel 3 Amazon Prime Video wartet im kommenden Monat mit [&hellip;]<\/p>\n","protected":false},"author":1,"featured_media":187784,"comment_status":"open","ping_status":"closed","sticky":false,"template":"","format":"standard","meta":{"_acf_changed":false,"footnotes":""},"categories":[20],"tags":[3857,60],"class_list":["post-187783","post","type-post","status-publish","format-standard","has-post-thumbnail","hentry","category-videos","tag-amazon-prime-video","tag-streaming"],"acf":[],"aioseo_notices":[],"subheadline":["34 neue Filme und Serien"],"featured_image":["https:\/\/images.ifun.de\/wp-content\/uploads\/2022\/04\/prime-video-amazon-feature.jpg"],"rest_api_enabler":{"subheadline":"34 neue Filme und Serien","featured_image":"https:\/\/images.ifun.de\/wp-content\/uploads\/2022\/04\/prime-video-amazon-feature.jpg"},"_links":{"self":[{"href":"https:\/\/www.ifun.de\/apiv2\/wp\/v2\/posts\/187783","targetHints":{"allow":["GET"]}}],"collection":[{"href":"https:\/\/www.ifun.de\/apiv2\/wp\/v2\/posts"}],"about":[{"href":"https:\/\/www.ifun.de\/apiv2\/wp\/v2\/types\/post"}],"author":[{"embeddable":true,"href":"https:\/\/www.ifun.de\/apiv2\/wp\/v2\/users\/1"}],"replies":[{"embeddable":true,"href":"https:\/\/www.ifun.de\/apiv2\/wp\/v2\/comments?post=187783"}],"version-history":[{"count":2,"href":"https:\/\/www.ifun.de\/apiv2\/wp\/v2\/posts\/187783\/revisions"}],"predecessor-version":[{"id":187790,"href":"https:\/\/www.ifun.de\/apiv2\/wp\/v2\/posts\/187783\/revisions\/187790"}],"wp:featuredmedia":[{"embeddable":true,"href":"https:\/\/www.ifun.de\/apiv2\/wp\/v2\/media\/187784"}],"wp:attachment":[{"href":"https:\/\/www.ifun.de\/apiv2\/wp\/v2\/media?parent=187783"}],"wp:term":[{"taxonomy":"category","embeddable":true,"href":"https:\/\/www.ifun.de\/apiv2\/wp\/v2\/categories?post=187783"},{"taxonomy":"post_tag","embeddable":true,"href":"https:\/\/www.ifun.de\/apiv2\/wp\/v2\/tags?post=187783"}],"curies":[{"name":"wp","href":"https:\/\/api.w.org\/{rel}","templated":true}]}}