{"id":187706,"date":"2022-05-24T18:41:43","date_gmt":"2022-05-24T16:41:43","guid":{"rendered":"https:\/\/www.ifun.de\/?p=187706"},"modified":"2022-05-30T14:38:48","modified_gmt":"2022-05-30T12:38:48","slug":"apples-wwdc-fahrplan-auftakt-keynote-am-6-juni-um-19-uhr","status":"publish","type":"post","link":"https:\/\/www.ifun.de\/apples-wwdc-fahrplan-auftakt-keynote-am-6-juni-um-19-uhr-187706\/","title":{"rendered":"Apples WWDC-Fahrplan: Auftakt-Keynote am 6. Juni um 19 Uhr"},"content":{"rendered":"<p>Apple hat den Dienstagabend zur Ver\u00f6ffentlichung von Teilen seines <a href=\"https:\/\/developer.apple.com\/wwdc22\/\">diesj\u00e4hrigen WWDC-Programms<\/a> genutzt und informiert erstmals \u00fcber die genauen Termine der beiden wichtigsten Veranstaltung der j\u00e4hrlichen Entwicklerkonferenz. So wird Apple die Er\u00f6ffnungs-Veranstaltung, die sogenannte Apple Keynote, in diesem Jahr um 19:00 Uhr deutscher Zeit ins Netz jagen.<\/p>\n<p><a href=\"https:\/\/images.ifun.de\/wp-content\/uploads\/2022\/05\/design-apple-awards.jpg\"><img loading=\"lazy\" decoding=\"async\" class=\"aligncenter size-medium wp-image-187710\" src=\"https:\/\/images.ifun.de\/wp-content\/uploads\/2022\/05\/design-apple-awards-500x346.jpg\" alt=\"Design Apple Awards\" width=\"500\" height=\"346\" srcset=\"https:\/\/images.ifun.de\/wp-content\/uploads\/2022\/05\/design-apple-awards-500x346.jpg 500w, https:\/\/images.ifun.de\/wp-content\/uploads\/2022\/05\/design-apple-awards-700x485.jpg 700w, https:\/\/images.ifun.de\/wp-content\/uploads\/2022\/05\/design-apple-awards-768x532.jpg 768w, https:\/\/images.ifun.de\/wp-content\/uploads\/2022\/05\/design-apple-awards-1536x1064.jpg 1536w, https:\/\/images.ifun.de\/wp-content\/uploads\/2022\/05\/design-apple-awards.jpg 1960w\" sizes=\"auto, (max-width: 500px) 100vw, 500px\" \/><\/a><\/p>\n<h6>Werden auch am 6. Juni vergeben: Die Apple Design Awards<\/h6>\n<h2>macOS 13, iOS 16 und watchOS 9<\/h2>\n<p>W\u00e4hrend der Apple Keynote gew\u00e4hrt der Konzern \u00fcblicherweise einen ersten Blick auf die neuen Betriebssysteme und demonstriert dabei die wichtigsten neuen Funktionen von macOS, iOS, iPadOS, watchOS und tvOS. In diesem Jahr wird Apple unter anderem macOS 13, iOS 16 und watchOS 9 vorstellen.<\/p>\n<p>Ebenfalls am 6. Juni wird Apple auch die sogenannte Platforms State of the Union ausstrahlen. Anders als die Apple Keynote, die als Marketing-Veranstaltung vor allem auf Endverbraucher abzielt, konzentriert sich die Platforms State of the Union f\u00fcr gew\u00f6hnlich auf die etwas technischeren Aspekte der neuen Betriebssysteme und gibt der Entwicklergemeinschaft zu verstehen, welche Bereiche die Workshops und Sessions der kommenden Tage vor allem beleuchten werden.<\/p>\n<p><a href=\"https:\/\/images.ifun.de\/wp-content\/uploads\/2022\/05\/developer-app.jpg\"><img loading=\"lazy\" decoding=\"async\" class=\"aligncenter size-large wp-image-187708\" src=\"https:\/\/images.ifun.de\/wp-content\/uploads\/2022\/05\/developer-app-700x442.jpg\" alt=\"Developer App\" width=\"700\" height=\"442\" srcset=\"https:\/\/images.ifun.de\/wp-content\/uploads\/2022\/05\/developer-app-700x442.jpg 700w, https:\/\/images.ifun.de\/wp-content\/uploads\/2022\/05\/developer-app-500x316.jpg 500w, https:\/\/images.ifun.de\/wp-content\/uploads\/2022\/05\/developer-app-768x485.jpg 768w, https:\/\/images.ifun.de\/wp-content\/uploads\/2022\/05\/developer-app.jpg 1400w\" sizes=\"auto, (max-width: 700px) 100vw, 700px\" \/><\/a><\/p>\n<h6>Bald mit vielen neuen Videos: Apples Developer-App<\/h6>\n<h2>Neue Videos vom 7. bis zum 10. Juni<\/h2>\n<p><a href=\"https:\/\/developer.apple.com\/wwdc22\/sessions\/\">Eben jene Sessions<\/a> werden nach der Auftaktveranstaltung t\u00e4glich vom 7. bis zum 10. Juni abgehalten und sorgen w\u00e4hrend dieses Zeitraums f\u00fcr zahlreiche Videomitschnitte und Transkripte, die Apple im offiziellen Entwicklerportal auf <a href=\"https:\/\/developer.apple.com\/wwdc22\/\">developer.apple.com\/wwdc22<\/a> zum Zugriff f\u00fcr jedermann zur Verf\u00fcgung stellen wird.<\/p>\n<p>Das vollst\u00e4ndige Programm, mit einer \u00dcbersicht aller Workshops, wird Apple erst im Anschluss an die Auftaktveranstaltung der diesj\u00e4hrigen Entwicklerkonferenz bereitstellen und dieses dann auch in der offiziellen Apple Developer Applikation f\u00fcr iPhone, Mac und iPad verf\u00fcgbar machen. Diese l\u00e4sst sich kostenlos aus dem App Store laden.<\/p>\n<!-- WP-Appbox (Version: 4.5.13 \/\/ Store: appstore \/\/ ID: 640199958) -->\t<!-- app-link -->\n\t<div id=\"article-single-app-preview\">\n\t\t<div id=\"article-single-app-preview-header\">\n\t\t\t<span class=\"title\">Laden im App Store<\/span>\n\t\t<\/div>\n\t\t<div id=\"article-single-app-preview-content\">\n\t\t\t<div id=\"article-single-app-preview-img\"><img loading=\"lazy\" decoding=\"async\" src=\"\/\/is1-ssl.mzstatic.com\/image\/thumb\/PurpleSource211\/v4\/f4\/85\/19\/f48519a9-2201-e0b3-c444-bb7dbf9227e1\/Placeholder.mill\/48x48bb-75.png\" alt=\"Unbekannte App\"  height=\"72\" width=\"72\" class=\"asl-icon-img\" \/><\/div>\n\t\t\t<div id=\"article-single-app-preview-desc\">\n\t\t\t\t<span class=\"name\">Unbekannte App<\/span><br \/>\n\t\t\t\t<span class=\"seller\">Entwickler: Unbekannt<\/span>\n\t\t\t<\/div>\n\t\t\t<a target=\"_blank\" rel=\"nofollow\" href=\"https:\/\/apps.apple.com\/cn\/iphone\/today\"><div id=\"article-single-app-preview-download\">Preis: Kostenlos<br \/>\n\t\t\t<span class=\"size\">Laden<\/span><\/div><\/a>\n\t\t<\/div>\n\t\t<!-- <div id=\"article-single-app-preview-footer\"><\/div>\t-->\n\t<\/div>\n\t<!-- app-link\/ende --><!-- \/WP-Appbox -->\n<p><h8>Eine fr\u00fchere Version dieses Eintrages hatte die deutsche Zeit der Keynote f\u00e4lschlicherweise mit 18:00 Uhr angegeben.<\/h8><br \/>\n<img decoding=\"async\" src=\"https:\/\/vg04.met.vgwort.de\/na\/e467def1ee77452ca7faed0d2eb3cb82\" width=\"1\" height=\"1\" no-lazy class=\"tracking\" loading=\"eager\"><\/p>\n","protected":false},"excerpt":{"rendered":"<a href=\"https:\/\/www.ifun.de\/apples-wwdc-fahrplan-auftakt-keynote-am-6-juni-um-19-uhr-187706\/\"><img width=\"150\" height=\"150\" src=\"https:\/\/images.ifun.de\/wp-content\/uploads\/2022\/05\/design-apple-awards-150x150.jpg\" class=\"alignright tfe wp-post-image\" alt=\"Design Apple Awards\" decoding=\"async\" loading=\"lazy\" \/><\/a><p>Apple hat den Dienstagabend zur Ver\u00f6ffentlichung von Teilen seines diesj\u00e4hrigen WWDC-Programms genutzt und informiert erstmals \u00fcber die genauen Termine der beiden wichtigsten Veranstaltung der j\u00e4hrlichen Entwicklerkonferenz. So wird Apple die Er\u00f6ffnungs-Veranstaltung, die sogenannte Apple Keynote, in diesem Jahr um 19:00 Uhr deutscher Zeit ins Netz jagen. Werden auch am 6. Juni vergeben: Die Apple Design [&hellip;]<\/p>\n","protected":false},"author":1,"featured_media":187710,"comment_status":"open","ping_status":"closed","sticky":false,"template":"","format":"standard","meta":{"footnotes":""},"categories":[1,1783],"tags":[4736,4738,353],"class_list":["post-187706","post","type-post","status-publish","format-standard","has-post-thumbnail","hentry","category-news","category-feature","tag-apple","tag-entwickler","tag-wwdc"],"aioseo_notices":[],"aioseo_head":"\n\t\t<!-- All in One SEO Pro 5.0.1 - aioseo.com -->\n\t<meta name=\"description\" content=\"Apple hat den Dienstagabend zur Ver\u00f6ffentlichung von Teilen seines diesj\u00e4hrigen WWDC-Programms genutzt und informiert erstmals \u00fcber die genauen Termine der beiden wichtigsten Veranstaltung der j\u00e4hrlichen Entwicklerkonferenz. So wird Apple die Er\u00f6ffnungs-Veranstaltung, die sogenannte Apple Keynote, in diesem Jahr um 19:00 Uhr deutscher Zeit ins Netz jagen. Werden auch am 6. Juni vergeben: Die Apple Design\" \/>\n\t<meta name=\"robots\" content=\"max-image-preview:large\" \/>\n\t<meta name=\"author\" content=\"Nicolas\"\/>\n\t<meta name=\"google-site-verification\" content=\"uH_IhWlZO-QDb51DGwVoGT_GCZmfJp98klL3XmbE3ow\" \/>\n\t<link rel=\"canonical\" href=\"https:\/\/www.ifun.de\/apples-wwdc-fahrplan-auftakt-keynote-am-6-juni-um-19-uhr-187706\/\" \/>\n\t<meta name=\"generator\" content=\"All in One SEO Pro (AIOSEO) 5.0.1\" \/>\n\t\t<meta property=\"og:locale\" content=\"de_DE\" \/>\n\t\t<meta property=\"og:site_name\" content=\"ifun.de | Apple-News seit 2001\" \/>\n\t\t<meta property=\"og:type\" content=\"article\" \/>\n\t\t<meta property=\"og:title\" content=\"Apples WWDC-Fahrplan: Auftakt-Keynote am 6. Juni um 19 Uhr | ifun.de\" \/>\n\t\t<meta property=\"og:description\" content=\"Apple hat den Dienstagabend zur Ver\u00f6ffentlichung von Teilen seines diesj\u00e4hrigen WWDC-Programms genutzt und informiert erstmals \u00fcber die genauen Termine der beiden wichtigsten Veranstaltung der j\u00e4hrlichen Entwicklerkonferenz. So wird Apple die Er\u00f6ffnungs-Veranstaltung, die sogenannte Apple Keynote, in diesem Jahr um 19:00 Uhr deutscher Zeit ins Netz jagen. Werden auch am 6. Juni vergeben: Die Apple Design\" \/>\n\t\t<meta property=\"og:url\" content=\"https:\/\/www.ifun.de\/apples-wwdc-fahrplan-auftakt-keynote-am-6-juni-um-19-uhr-187706\/\" \/>\n\t\t<meta property=\"og:image\" content=\"https:\/\/images.ifun.de\/wp-content\/uploads\/2022\/05\/wwdc-2022.jpg\" \/>\n\t\t<meta property=\"og:image:secure_url\" content=\"https:\/\/images.ifun.de\/wp-content\/uploads\/2022\/05\/wwdc-2022.jpg\" \/>\n\t\t<meta property=\"og:image:width\" content=\"960\" \/>\n\t\t<meta property=\"og:image:height\" content=\"378\" \/>\n\t\t<meta property=\"article:published_time\" content=\"2022-05-24T16:41:43+00:00\" \/>\n\t\t<meta property=\"article:modified_time\" content=\"2022-05-30T12:38:48+00:00\" \/>\n\t\t<meta property=\"article:publisher\" content=\"https:\/\/facebook.com\/ifun.de\" \/>\n\t\t<meta name=\"twitter:card\" content=\"summary_large_image\" \/>\n\t\t<meta name=\"twitter:site\" content=\"@ifun_news\" \/>\n\t\t<meta name=\"twitter:title\" content=\"Apples WWDC-Fahrplan: Auftakt-Keynote am 6. Juni um 19 Uhr | ifun.de\" \/>\n\t\t<meta name=\"twitter:description\" content=\"Apple hat den Dienstagabend zur Ver\u00f6ffentlichung von Teilen seines diesj\u00e4hrigen WWDC-Programms genutzt und informiert erstmals \u00fcber die genauen Termine der beiden wichtigsten Veranstaltung der j\u00e4hrlichen Entwicklerkonferenz. So wird Apple die Er\u00f6ffnungs-Veranstaltung, die sogenannte Apple Keynote, in diesem Jahr um 19:00 Uhr deutscher Zeit ins Netz jagen. Werden auch am 6. Juni vergeben: Die Apple Design\" \/>\n\t\t<meta name=\"twitter:creator\" content=\"@ifun_news\" \/>\n\t\t<meta name=\"twitter:image\" content=\"https:\/\/images.ifun.de\/wp-content\/uploads\/2022\/05\/wwdc-2022.jpg\" \/>\n\t\t<script type=\"application\/ld+json\" class=\"aioseo-schema\">\n\t\t\t{\"@context\":\"https:\\\/\\\/schema.org\",\"@graph\":[{\"@type\":\"Article\",\"@id\":\"https:\\\/\\\/www.ifun.de\\\/apples-wwdc-fahrplan-auftakt-keynote-am-6-juni-um-19-uhr-187706\\\/#article\",\"name\":\"Apples WWDC-Fahrplan: Auftakt-Keynote am 6. Juni um 19 Uhr | ifun.de\",\"headline\":\"Apples WWDC-Fahrplan: Auftakt-Keynote am 6. Juni um 19 Uhr\",\"author\":{\"@id\":\"https:\\\/\\\/www.ifun.de\\\/author\\\/admin\\\/#author\"},\"publisher\":{\"@id\":\"https:\\\/\\\/www.ifun.de\\\/#organization\"},\"image\":{\"@type\":\"ImageObject\",\"url\":\"https:\\\/\\\/images.ifun.de\\\/wp-content\\\/uploads\\\/2022\\\/05\\\/design-apple-awards.jpg\",\"width\":1960,\"height\":1358,\"caption\":\"Design Apple Awards\"},\"datePublished\":\"2022-05-24T18:41:43+02:00\",\"dateModified\":\"2022-05-30T14:38:48+02:00\",\"inLanguage\":\"de-DE\",\"commentCount\":49,\"mainEntityOfPage\":{\"@id\":\"https:\\\/\\\/www.ifun.de\\\/apples-wwdc-fahrplan-auftakt-keynote-am-6-juni-um-19-uhr-187706\\\/#webpage\"},\"isPartOf\":{\"@id\":\"https:\\\/\\\/www.ifun.de\\\/apples-wwdc-fahrplan-auftakt-keynote-am-6-juni-um-19-uhr-187706\\\/#webpage\"},\"articleSection\":\"News, zz1A, Apple, Entwickler, WWDC\"},{\"@type\":\"BreadcrumbList\",\"@id\":\"https:\\\/\\\/www.ifun.de\\\/apples-wwdc-fahrplan-auftakt-keynote-am-6-juni-um-19-uhr-187706\\\/#breadcrumblist\",\"itemListElement\":[{\"@type\":\"ListItem\",\"@id\":\"https:\\\/\\\/www.ifun.de#listItem\",\"position\":1,\"name\":\"Home\",\"item\":\"https:\\\/\\\/www.ifun.de\",\"nextItem\":{\"@type\":\"ListItem\",\"@id\":\"https:\\\/\\\/www.ifun.de\\\/category\\\/news\\\/#listItem\",\"name\":\"News\"}},{\"@type\":\"ListItem\",\"@id\":\"https:\\\/\\\/www.ifun.de\\\/category\\\/news\\\/#listItem\",\"position\":2,\"name\":\"News\",\"item\":\"https:\\\/\\\/www.ifun.de\\\/category\\\/news\\\/\",\"nextItem\":{\"@type\":\"ListItem\",\"@id\":\"https:\\\/\\\/www.ifun.de\\\/apples-wwdc-fahrplan-auftakt-keynote-am-6-juni-um-19-uhr-187706\\\/#listItem\",\"name\":\"Apples WWDC-Fahrplan: Auftakt-Keynote am 6. Juni um 19 Uhr\"},\"previousItem\":{\"@type\":\"ListItem\",\"@id\":\"https:\\\/\\\/www.ifun.de#listItem\",\"name\":\"Home\"}},{\"@type\":\"ListItem\",\"@id\":\"https:\\\/\\\/www.ifun.de\\\/apples-wwdc-fahrplan-auftakt-keynote-am-6-juni-um-19-uhr-187706\\\/#listItem\",\"position\":3,\"name\":\"Apples WWDC-Fahrplan: Auftakt-Keynote am 6. Juni um 19 Uhr\",\"previousItem\":{\"@type\":\"ListItem\",\"@id\":\"https:\\\/\\\/www.ifun.de\\\/category\\\/news\\\/#listItem\",\"name\":\"News\"}}]},{\"@type\":\"Organization\",\"@id\":\"https:\\\/\\\/www.ifun.de\\\/#organization\",\"name\":\"ifun.de\",\"description\":\"Apple-News seit 2001\",\"url\":\"https:\\\/\\\/www.ifun.de\\\/\",\"telephone\":\"+493057707123\",\"logo\":{\"@type\":\"ImageObject\",\"url\":\"https:\\\/\\\/images.ifun.de\\\/wp-content\\\/uploads\\\/2026\\\/02\\\/apple-touch-icon.png\",\"@id\":\"https:\\\/\\\/www.ifun.de\\\/apples-wwdc-fahrplan-auftakt-keynote-am-6-juni-um-19-uhr-187706\\\/#organizationLogo\",\"width\":512,\"height\":512,\"caption\":\"Apple Touch Icon\"},\"image\":{\"@id\":\"https:\\\/\\\/www.ifun.de\\\/apples-wwdc-fahrplan-auftakt-keynote-am-6-juni-um-19-uhr-187706\\\/#organizationLogo\"},\"sameAs\":[\"https:\\\/\\\/facebook.com\\\/ifun.de\",\"https:\\\/\\\/x.com\\\/ifun_news\"]},{\"@type\":\"Person\",\"@id\":\"https:\\\/\\\/www.ifun.de\\\/author\\\/admin\\\/#author\",\"url\":\"https:\\\/\\\/www.ifun.de\\\/author\\\/admin\\\/\",\"name\":\"Nicolas\"},{\"@type\":\"WebPage\",\"@id\":\"https:\\\/\\\/www.ifun.de\\\/apples-wwdc-fahrplan-auftakt-keynote-am-6-juni-um-19-uhr-187706\\\/#webpage\",\"url\":\"https:\\\/\\\/www.ifun.de\\\/apples-wwdc-fahrplan-auftakt-keynote-am-6-juni-um-19-uhr-187706\\\/\",\"name\":\"Apples WWDC-Fahrplan: Auftakt-Keynote am 6. Juni um 19 Uhr | ifun.de\",\"description\":\"Apple hat den Dienstagabend zur Ver\\u00f6ffentlichung von Teilen seines diesj\\u00e4hrigen WWDC-Programms genutzt und informiert erstmals \\u00fcber die genauen Termine der beiden wichtigsten Veranstaltung der j\\u00e4hrlichen Entwicklerkonferenz. So wird Apple die Er\\u00f6ffnungs-Veranstaltung, die sogenannte Apple Keynote, in diesem Jahr um 19:00 Uhr deutscher Zeit ins Netz jagen. Werden auch am 6. Juni vergeben: Die Apple Design\",\"inLanguage\":\"de-DE\",\"isPartOf\":{\"@id\":\"https:\\\/\\\/www.ifun.de\\\/#website\"},\"breadcrumb\":{\"@id\":\"https:\\\/\\\/www.ifun.de\\\/apples-wwdc-fahrplan-auftakt-keynote-am-6-juni-um-19-uhr-187706\\\/#breadcrumblist\"},\"author\":{\"@id\":\"https:\\\/\\\/www.ifun.de\\\/author\\\/admin\\\/#author\"},\"creator\":{\"@id\":\"https:\\\/\\\/www.ifun.de\\\/author\\\/admin\\\/#author\"},\"image\":{\"@type\":\"ImageObject\",\"url\":\"https:\\\/\\\/images.ifun.de\\\/wp-content\\\/uploads\\\/2022\\\/05\\\/design-apple-awards.jpg\",\"@id\":\"https:\\\/\\\/www.ifun.de\\\/apples-wwdc-fahrplan-auftakt-keynote-am-6-juni-um-19-uhr-187706\\\/#mainImage\",\"width\":1960,\"height\":1358,\"caption\":\"Design Apple Awards\"},\"primaryImageOfPage\":{\"@id\":\"https:\\\/\\\/www.ifun.de\\\/apples-wwdc-fahrplan-auftakt-keynote-am-6-juni-um-19-uhr-187706\\\/#mainImage\"},\"datePublished\":\"2022-05-24T18:41:43+02:00\",\"dateModified\":\"2022-05-30T14:38:48+02:00\"},{\"@type\":\"WebSite\",\"@id\":\"https:\\\/\\\/www.ifun.de\\\/#website\",\"url\":\"https:\\\/\\\/www.ifun.de\\\/\",\"name\":\"ifun.de\",\"description\":\"Apple-News seit 2001\",\"inLanguage\":\"de-DE\",\"publisher\":{\"@id\":\"https:\\\/\\\/www.ifun.de\\\/#organization\"}}]}\n\t\t<\/script>\n\t\t<!-- All in One SEO Pro -->\r\n\t\t<title>Apples WWDC-Fahrplan: Auftakt-Keynote am 6. Juni um 19 Uhr | ifun.de<\/title>\n\n","aioseo_head_json":{"title":"Apples WWDC-Fahrplan: Auftakt-Keynote am 6. Juni um 19 Uhr | ifun.de","description":"Apple hat den Dienstagabend zur Ver\u00f6ffentlichung von Teilen seines diesj\u00e4hrigen WWDC-Programms genutzt und informiert erstmals \u00fcber die genauen Termine der beiden wichtigsten Veranstaltung der j\u00e4hrlichen Entwicklerkonferenz. So wird Apple die Er\u00f6ffnungs-Veranstaltung, die sogenannte Apple Keynote, in diesem Jahr um 19:00 Uhr deutscher Zeit ins Netz jagen. Werden auch am 6. Juni vergeben: Die Apple Design","canonical_url":"https:\/\/www.ifun.de\/apples-wwdc-fahrplan-auftakt-keynote-am-6-juni-um-19-uhr-187706\/","robots":"max-image-preview:large","keywords":"","webmasterTools":{"google-site-verification":"uH_IhWlZO-QDb51DGwVoGT_GCZmfJp98klL3XmbE3ow","miscellaneous":""},"schema":{"@context":"https:\/\/schema.org","@graph":[{"@type":"Article","@id":"https:\/\/www.ifun.de\/apples-wwdc-fahrplan-auftakt-keynote-am-6-juni-um-19-uhr-187706\/#article","name":"Apples WWDC-Fahrplan: Auftakt-Keynote am 6. Juni um 19 Uhr | ifun.de","headline":"Apples WWDC-Fahrplan: Auftakt-Keynote am 6. Juni um 19 Uhr","author":{"@id":"https:\/\/www.ifun.de\/author\/admin\/#author"},"publisher":{"@id":"https:\/\/www.ifun.de\/#organization"},"image":{"@type":"ImageObject","url":"https:\/\/images.ifun.de\/wp-content\/uploads\/2022\/05\/design-apple-awards.jpg","width":1960,"height":1358,"caption":"Design Apple Awards"},"datePublished":"2022-05-24T18:41:43+02:00","dateModified":"2022-05-30T14:38:48+02:00","inLanguage":"de-DE","commentCount":49,"mainEntityOfPage":{"@id":"https:\/\/www.ifun.de\/apples-wwdc-fahrplan-auftakt-keynote-am-6-juni-um-19-uhr-187706\/#webpage"},"isPartOf":{"@id":"https:\/\/www.ifun.de\/apples-wwdc-fahrplan-auftakt-keynote-am-6-juni-um-19-uhr-187706\/#webpage"},"articleSection":"News, zz1A, Apple, Entwickler, WWDC"},{"@type":"BreadcrumbList","@id":"https:\/\/www.ifun.de\/apples-wwdc-fahrplan-auftakt-keynote-am-6-juni-um-19-uhr-187706\/#breadcrumblist","itemListElement":[{"@type":"ListItem","@id":"https:\/\/www.ifun.de#listItem","position":1,"name":"Home","item":"https:\/\/www.ifun.de","nextItem":{"@type":"ListItem","@id":"https:\/\/www.ifun.de\/category\/news\/#listItem","name":"News"}},{"@type":"ListItem","@id":"https:\/\/www.ifun.de\/category\/news\/#listItem","position":2,"name":"News","item":"https:\/\/www.ifun.de\/category\/news\/","nextItem":{"@type":"ListItem","@id":"https:\/\/www.ifun.de\/apples-wwdc-fahrplan-auftakt-keynote-am-6-juni-um-19-uhr-187706\/#listItem","name":"Apples WWDC-Fahrplan: Auftakt-Keynote am 6. Juni um 19 Uhr"},"previousItem":{"@type":"ListItem","@id":"https:\/\/www.ifun.de#listItem","name":"Home"}},{"@type":"ListItem","@id":"https:\/\/www.ifun.de\/apples-wwdc-fahrplan-auftakt-keynote-am-6-juni-um-19-uhr-187706\/#listItem","position":3,"name":"Apples WWDC-Fahrplan: Auftakt-Keynote am 6. Juni um 19 Uhr","previousItem":{"@type":"ListItem","@id":"https:\/\/www.ifun.de\/category\/news\/#listItem","name":"News"}}]},{"@type":"Organization","@id":"https:\/\/www.ifun.de\/#organization","name":"ifun.de","description":"Apple-News seit 2001","url":"https:\/\/www.ifun.de\/","telephone":"+493057707123","logo":{"@type":"ImageObject","url":"https:\/\/images.ifun.de\/wp-content\/uploads\/2026\/02\/apple-touch-icon.png","@id":"https:\/\/www.ifun.de\/apples-wwdc-fahrplan-auftakt-keynote-am-6-juni-um-19-uhr-187706\/#organizationLogo","width":512,"height":512,"caption":"Apple Touch Icon"},"image":{"@id":"https:\/\/www.ifun.de\/apples-wwdc-fahrplan-auftakt-keynote-am-6-juni-um-19-uhr-187706\/#organizationLogo"},"sameAs":["https:\/\/facebook.com\/ifun.de","https:\/\/x.com\/ifun_news"]},{"@type":"Person","@id":"https:\/\/www.ifun.de\/author\/admin\/#author","url":"https:\/\/www.ifun.de\/author\/admin\/","name":"Nicolas"},{"@type":"WebPage","@id":"https:\/\/www.ifun.de\/apples-wwdc-fahrplan-auftakt-keynote-am-6-juni-um-19-uhr-187706\/#webpage","url":"https:\/\/www.ifun.de\/apples-wwdc-fahrplan-auftakt-keynote-am-6-juni-um-19-uhr-187706\/","name":"Apples WWDC-Fahrplan: Auftakt-Keynote am 6. Juni um 19 Uhr | ifun.de","description":"Apple hat den Dienstagabend zur Ver\u00f6ffentlichung von Teilen seines diesj\u00e4hrigen WWDC-Programms genutzt und informiert erstmals \u00fcber die genauen Termine der beiden wichtigsten Veranstaltung der j\u00e4hrlichen Entwicklerkonferenz. So wird Apple die Er\u00f6ffnungs-Veranstaltung, die sogenannte Apple Keynote, in diesem Jahr um 19:00 Uhr deutscher Zeit ins Netz jagen. Werden auch am 6. Juni vergeben: Die Apple Design","inLanguage":"de-DE","isPartOf":{"@id":"https:\/\/www.ifun.de\/#website"},"breadcrumb":{"@id":"https:\/\/www.ifun.de\/apples-wwdc-fahrplan-auftakt-keynote-am-6-juni-um-19-uhr-187706\/#breadcrumblist"},"author":{"@id":"https:\/\/www.ifun.de\/author\/admin\/#author"},"creator":{"@id":"https:\/\/www.ifun.de\/author\/admin\/#author"},"image":{"@type":"ImageObject","url":"https:\/\/images.ifun.de\/wp-content\/uploads\/2022\/05\/design-apple-awards.jpg","@id":"https:\/\/www.ifun.de\/apples-wwdc-fahrplan-auftakt-keynote-am-6-juni-um-19-uhr-187706\/#mainImage","width":1960,"height":1358,"caption":"Design Apple Awards"},"primaryImageOfPage":{"@id":"https:\/\/www.ifun.de\/apples-wwdc-fahrplan-auftakt-keynote-am-6-juni-um-19-uhr-187706\/#mainImage"},"datePublished":"2022-05-24T18:41:43+02:00","dateModified":"2022-05-30T14:38:48+02:00"},{"@type":"WebSite","@id":"https:\/\/www.ifun.de\/#website","url":"https:\/\/www.ifun.de\/","name":"ifun.de","description":"Apple-News seit 2001","inLanguage":"de-DE","publisher":{"@id":"https:\/\/www.ifun.de\/#organization"}}]},"og:locale":"de_DE","og:site_name":"ifun.de | Apple-News seit 2001","og:type":"article","og:title":"Apples WWDC-Fahrplan: Auftakt-Keynote am 6. Juni um 19 Uhr | ifun.de","og:description":"Apple hat den Dienstagabend zur Ver\u00f6ffentlichung von Teilen seines diesj\u00e4hrigen WWDC-Programms genutzt und informiert erstmals \u00fcber die genauen Termine der beiden wichtigsten Veranstaltung der j\u00e4hrlichen Entwicklerkonferenz. So wird Apple die Er\u00f6ffnungs-Veranstaltung, die sogenannte Apple Keynote, in diesem Jahr um 19:00 Uhr deutscher Zeit ins Netz jagen. Werden auch am 6. Juni vergeben: Die Apple Design","og:url":"https:\/\/www.ifun.de\/apples-wwdc-fahrplan-auftakt-keynote-am-6-juni-um-19-uhr-187706\/","og:image":"https:\/\/images.ifun.de\/wp-content\/uploads\/2022\/05\/wwdc-2022.jpg","og:image:secure_url":"https:\/\/images.ifun.de\/wp-content\/uploads\/2022\/05\/wwdc-2022.jpg","og:image:width":960,"og:image:height":378,"article:published_time":"2022-05-24T16:41:43+00:00","article:modified_time":"2022-05-30T12:38:48+00:00","article:publisher":"https:\/\/facebook.com\/ifun.de","twitter:card":"summary_large_image","twitter:site":"@ifun_news","twitter:title":"Apples WWDC-Fahrplan: Auftakt-Keynote am 6. Juni um 19 Uhr | ifun.de","twitter:description":"Apple hat den Dienstagabend zur Ver\u00f6ffentlichung von Teilen seines diesj\u00e4hrigen WWDC-Programms genutzt und informiert erstmals \u00fcber die genauen Termine der beiden wichtigsten Veranstaltung der j\u00e4hrlichen Entwicklerkonferenz. So wird Apple die Er\u00f6ffnungs-Veranstaltung, die sogenannte Apple Keynote, in diesem Jahr um 19:00 Uhr deutscher Zeit ins Netz jagen. Werden auch am 6. Juni vergeben: Die Apple Design","twitter:creator":"@ifun_news","twitter:image":"https:\/\/images.ifun.de\/wp-content\/uploads\/2022\/05\/wwdc-2022.jpg"},"aioseo_meta_data":{"post_id":"187706","title":null,"description":null,"keywords":null,"keyphrases":null,"primary_term":null,"canonical_url":null,"og_title":null,"og_description":null,"og_object_type":"default","og_image_type":"default","og_image_url":null,"og_image_width":null,"og_image_height":null,"og_image_custom_url":null,"og_image_custom_fields":null,"og_video":null,"og_custom_url":null,"og_article_section":null,"og_article_tags":null,"twitter_use_og":false,"twitter_card":"default","twitter_image_type":"default","twitter_image_url":null,"twitter_image_custom_url":null,"twitter_image_custom_fields":null,"twitter_title":null,"twitter_description":null,"schema":{"blockGraphs":[],"customGraphs":[],"default":{"data":{"Article":[],"Course":[],"Dataset":[],"FAQPage":[],"Movie":[],"Person":[],"Product":[],"ProductReview":[],"Car":[],"Recipe":[],"Service":[],"SoftwareApplication":[],"WebPage":[]},"graphName":"Article","isEnabled":true},"graphs":[]},"schema_type":"default","schema_type_options":null,"pillar_content":false,"robots_default":true,"robots_noindex":false,"robots_noarchive":false,"robots_nosnippet":false,"robots_nofollow":false,"robots_noimageindex":false,"robots_noodp":false,"robots_notranslate":false,"robots_max_snippet":null,"robots_max_videopreview":null,"robots_max_imagepreview":"large","priority":null,"frequency":null,"local_seo":null,"seo_analyzer_scan_date":null,"breadcrumb_settings":null,"limit_modified_date":false,"reviewed_by":null,"open_ai":null,"ai":null,"created":"2026-02-24 09:38:41","updated":"2026-02-24 09:38:41","focus_keyword":null,"additional_keywords":null,"truseo_locale":null},"aioseo_breadcrumb":"<div class=\"aioseo-breadcrumbs\"><span class=\"aioseo-breadcrumb\">\n\t<a href=\"https:\/\/www.ifun.de\" title=\"Home\">Home<\/a>\n<\/span><span class=\"aioseo-breadcrumb-separator\">\u00bb<\/span><span class=\"aioseo-breadcrumb\">\n\t<a href=\"https:\/\/www.ifun.de\/category\/news\/\" title=\"News\">News<\/a>\n<\/span><span class=\"aioseo-breadcrumb-separator\">\u00bb<\/span><span class=\"aioseo-breadcrumb\">\n\tApples WWDC-Fahrplan: Auftakt-Keynote am 6. Juni um 19 Uhr\n<\/span><\/div>","aioseo_breadcrumb_json":[{"label":"Home","link":"https:\/\/www.ifun.de"},{"label":"News","link":"https:\/\/www.ifun.de\/category\/news\/"},{"label":"Apples WWDC-Fahrplan: Auftakt-Keynote am 6. Juni um 19 Uhr","link":"https:\/\/www.ifun.de\/apples-wwdc-fahrplan-auftakt-keynote-am-6-juni-um-19-uhr-187706\/"}],"subheadline":["Vorstellung von macOS 13 und iOS 16"],"featured_image":["https:\/\/images.ifun.de\/wp-content\/uploads\/2022\/05\/wwdc-2022.jpg"],"rest_api_enabler":{"subheadline":"Vorstellung von macOS 13 und iOS 16","featured_image":"https:\/\/images.ifun.de\/wp-content\/uploads\/2022\/05\/wwdc-2022.jpg"},"_links":{"self":[{"href":"https:\/\/www.ifun.de\/apiv2\/wp\/v2\/posts\/187706","targetHints":{"allow":["GET"]}}],"collection":[{"href":"https:\/\/www.ifun.de\/apiv2\/wp\/v2\/posts"}],"about":[{"href":"https:\/\/www.ifun.de\/apiv2\/wp\/v2\/types\/post"}],"author":[{"embeddable":true,"href":"https:\/\/www.ifun.de\/apiv2\/wp\/v2\/users\/1"}],"replies":[{"embeddable":true,"href":"https:\/\/www.ifun.de\/apiv2\/wp\/v2\/comments?post=187706"}],"version-history":[{"count":6,"href":"https:\/\/www.ifun.de\/apiv2\/wp\/v2\/posts\/187706\/revisions"}],"predecessor-version":[{"id":187719,"href":"https:\/\/www.ifun.de\/apiv2\/wp\/v2\/posts\/187706\/revisions\/187719"}],"wp:featuredmedia":[{"embeddable":true,"href":"https:\/\/www.ifun.de\/apiv2\/wp\/v2\/media\/187710"}],"wp:attachment":[{"href":"https:\/\/www.ifun.de\/apiv2\/wp\/v2\/media?parent=187706"}],"wp:term":[{"taxonomy":"category","embeddable":true,"href":"https:\/\/www.ifun.de\/apiv2\/wp\/v2\/categories?post=187706"},{"taxonomy":"post_tag","embeddable":true,"href":"https:\/\/www.ifun.de\/apiv2\/wp\/v2\/tags?post=187706"}],"curies":[{"name":"wp","href":"https:\/\/api.w.org\/{rel}","templated":true}]}}