{"id":187533,"date":"2022-05-20T19:32:45","date_gmt":"2022-05-20T17:32:45","guid":{"rendered":"https:\/\/www.ifun.de\/?p=187533"},"modified":"2022-05-20T19:32:45","modified_gmt":"2022-05-20T17:32:45","slug":"homepod-nur-verhaltene-hoffnung-auf-ein-neues-modell","status":"publish","type":"post","link":"https:\/\/www.ifun.de\/homepod-nur-verhaltene-hoffnung-auf-ein-neues-modell-187533\/","title":{"rendered":"HomePod: Nur verhaltene Hoffnung auf ein neues Modell"},"content":{"rendered":"<p>Mit seiner Prognose zu einer neuen Version des HomePod macht der auf Apple-Themen spezialisierte Analyst Ming-Chi Kuo wenig Hoffnung auf eine umfassende Weiterentwicklung des Siri-Lautsprechers. Kuo sieht einen neuen HomePod mit vermutlich kaum ver\u00e4ndertem Hardware-Design im vierten Quartal dieses Jahres oder sp\u00e4testens Anfang 2023 kommen.<\/p>\n<blockquote class=\"twitter-tweet\">\n<p lang=\"en\" dir=\"ltr\">Apple would release a new version of HomePod in 4Q22-1Q23, and there may not be much innovation in hardware design. Smart speakers are undoubtedly one of the essential elements of the home ecosystem, but I think Apple is still figuring out how to succeed in this market.<\/p>\n<p>&mdash; \u90ed\u660e\u9324 (Ming-Chi Kuo) (@mingchikuo) <a href=\"https:\/\/twitter.com\/mingchikuo\/status\/1527678477830598657?ref_src=twsrc%5Etfw\">May 20, 2022<\/a><\/p><\/blockquote>\n<p> <script async src=\"https:\/\/platform.twitter.com\/widgets.js\" charset=\"utf-8\"><\/script><\/p>\n<p>Bemerkenswert ist die damit verbundene Einsch\u00e4tzung Kuos, Apple habe seinen Weg im Bereich der smarten Lautsprecher noch nicht gefunden. In der Tat muss sich Apple nicht nur der Kritik stellen, dass Siri auf dem HomePod verglichen mit konkurrierenden Angeboten nur m\u00e4\u00dfig mithalten kann. Zudem l\u00e4sst sich die ersatzlose Streichung des gro\u00dfen HomePod kaum anders interpretieren, als dass Apple den Markt in diesem Bereich v\u00f6llig falsch eingesch\u00e4tzt hat.<\/p>\n<p><img loading=\"lazy\" decoding=\"async\" src=\"https:\/\/images.ifun.de\/wp-content\/uploads\/2020\/08\/phil-schiller-apple-homepod-vorstellung-700x520.jpg\" alt=\"Phil Schiller Apple Homepod Vorstellung\" width=\"700\" height=\"520\" class=\"alignnone size-large wp-image-157647\" srcset=\"https:\/\/images.ifun.de\/wp-content\/uploads\/2020\/08\/phil-schiller-apple-homepod-vorstellung-700x520.jpg 700w, https:\/\/images.ifun.de\/wp-content\/uploads\/2020\/08\/phil-schiller-apple-homepod-vorstellung-500x371.jpg 500w, https:\/\/images.ifun.de\/wp-content\/uploads\/2020\/08\/phil-schiller-apple-homepod-vorstellung-768x570.jpg 768w, https:\/\/images.ifun.de\/wp-content\/uploads\/2020\/08\/phil-schiller-apple-homepod-vorstellung.jpg 1142w\" sizes=\"auto, (max-width: 700px) 100vw, 700px\" \/><\/p>\n<p>Der HomePod mini verkauft sich wohl nicht zuletzt aufgrund seines g\u00fcnstigen Preises und der Erfordernis, am besten einen HomePod oder ein Apple TV als HomeKit-Hub zuhause zu haben, vergleichsweise gut. Doch f\u00fchlen sich Apple-Nutzer, die mit dem gro\u00dfen HomePod ein leistungsf\u00e4higes und hochwertiges Multiroom-System als Konkurrenz zu Anbietern wie Sonos kommen sahen, verst\u00e4ndlicherweise im Stich gelassen.<\/p>\n<p>Zwar gibt es immer wieder Ger\u00fcchte \u00fcber angebliche Pl\u00e4ne Apples mit Blick auf einen Nachfolger des High-End-Lautsprechers, <a href=\"https:\/\/www.ifun.de\/der-homepod-lebt-neuauflage-mit-display-und-apple-tv-185647\/\" title=\"Der HomePod lebt: Neuauflage mit Display und Apple TV?\">zuletzt<\/a> war sogar immer wieder von einer Version mit integriertem Bildschirm die Rede. Konkrete Anzeichen waren bislang allerdings nicht zu sehen.<\/p>\n<h2>Die Geschichte des HomePod<\/h2>\n<p>Apple hat den HomePod bereits 2017 mit markigen Worten angek\u00fcndigt. Der Lautsprecher sollte die Art und Weise, wie wir zuhause Musik h\u00f6ren revolutionieren und der inzwischen nicht mehr bei Apple t\u00e4tige Manager Phil Schiller versprach ein \u201ev\u00f6llig neues Musikerlebnis f\u00fcr die heimischen vier W\u00e4nde\u201c.<\/p>\n<p>In den Handel kam der HomePod dann im Februar 2018, Apple musste den geplanten 2017er-Start etwas nach hinten verschieben und stellte den Verkauf des Lautsprechers nur drei Jahre sp\u00e4ter wieder ein. Als in Sachen Qualit\u00e4t und Leistung deutlich eingeschr\u00e4nkte Alternative ist seit November 2020 der HomePod mini erh\u00e4ltlich, hier w\u00e4re eine \u00fcberarbeitete Version nach zwei Jahren eher normal als verwunderlich.<img loading=\"lazy\" decoding=\"async\" src=\"https:\/\/vg08.met.vgwort.de\/na\/dc3c5327006d4697b65567ab9617adc9\" width=\"1\" height=\"1\" alt=\"\" no-lazy class=\"tracking\"><\/p>\n","protected":false},"excerpt":{"rendered":"<a href=\"https:\/\/www.ifun.de\/homepod-nur-verhaltene-hoffnung-auf-ein-neues-modell-187533\/\"><img decoding=\"async\" width=\"150\" src=\"https:\/\/images.ifun.de\/wp-content\/uploads\/2020\/08\/phil-schiller-apple-homepod-vorstellung-700x520.jpg\" class=\"alignright wp-post-image tfe\" alt=\"Phil Schiller Apple Homepod Vorstellung\" title=\"\" \/><\/a><p>Mit seiner Prognose zu einer neuen Version des HomePod macht der auf Apple-Themen spezialisierte Analyst Ming-Chi Kuo wenig Hoffnung auf eine umfassende Weiterentwicklung des Siri-Lautsprechers. Kuo sieht einen neuen HomePod mit vermutlich kaum ver\u00e4ndertem Hardware-Design im vierten Quartal dieses Jahres oder sp\u00e4testens Anfang 2023 kommen. Apple would release a new version of HomePod in 4Q22-1Q23, [&hellip;]<\/p>\n","protected":false},"author":2,"featured_media":0,"comment_status":"open","ping_status":"closed","sticky":false,"template":"","format":"standard","meta":{"_acf_changed":false,"footnotes":""},"categories":[1],"tags":[3714],"class_list":["post-187533","post","type-post","status-publish","format-standard","hentry","category-news","tag-homepod"],"acf":[],"aioseo_notices":[],"subheadline":["Update angeblich zum Jahreswechsel"],"featured_image":["https:\/\/images.ifun.de\/wp-content\/uploads\/2019\/07\/homepod.jpg"],"rest_api_enabler":{"subheadline":"Update angeblich zum Jahreswechsel","featured_image":"https:\/\/images.ifun.de\/wp-content\/uploads\/2019\/07\/homepod.jpg"},"_links":{"self":[{"href":"https:\/\/www.ifun.de\/apiv2\/wp\/v2\/posts\/187533","targetHints":{"allow":["GET"]}}],"collection":[{"href":"https:\/\/www.ifun.de\/apiv2\/wp\/v2\/posts"}],"about":[{"href":"https:\/\/www.ifun.de\/apiv2\/wp\/v2\/types\/post"}],"author":[{"embeddable":true,"href":"https:\/\/www.ifun.de\/apiv2\/wp\/v2\/users\/2"}],"replies":[{"embeddable":true,"href":"https:\/\/www.ifun.de\/apiv2\/wp\/v2\/comments?post=187533"}],"version-history":[{"count":3,"href":"https:\/\/www.ifun.de\/apiv2\/wp\/v2\/posts\/187533\/revisions"}],"predecessor-version":[{"id":187536,"href":"https:\/\/www.ifun.de\/apiv2\/wp\/v2\/posts\/187533\/revisions\/187536"}],"wp:attachment":[{"href":"https:\/\/www.ifun.de\/apiv2\/wp\/v2\/media?parent=187533"}],"wp:term":[{"taxonomy":"category","embeddable":true,"href":"https:\/\/www.ifun.de\/apiv2\/wp\/v2\/categories?post=187533"},{"taxonomy":"post_tag","embeddable":true,"href":"https:\/\/www.ifun.de\/apiv2\/wp\/v2\/tags?post=187533"}],"curies":[{"name":"wp","href":"https:\/\/api.w.org\/{rel}","templated":true}]}}