{"id":187353,"date":"2022-05-18T15:00:29","date_gmt":"2022-05-18T13:00:29","guid":{"rendered":"https:\/\/www.ifun.de\/?p=187353"},"modified":"2022-05-23T08:37:29","modified_gmt":"2022-05-23T06:37:29","slug":"neu-von-amazon-fire-7-tablet-startet-ab-65-euro","status":"publish","type":"post","link":"https:\/\/www.ifun.de\/neu-von-amazon-fire-7-tablet-startet-ab-65-euro-187353\/","title":{"rendered":"Neu von Amazon: Fire 7 Tablet startet ab 65 Euro"},"content":{"rendered":"<p>Der Online-H\u00e4ndler Amazon hat die neue Generation seines <a rel=\"noindex, nofollow\" href=\"http:\/\/www.ifun.de\/amzn\/B099HC8X6H\">g\u00fcnstigen Fire 7-Tablets<\/a> vorgestellt und dieses im direkten Vergleich mit dem Vorg\u00e4nger ordentlich aufgewertet. Der verbaute Prozessor ist 30 Prozent schneller, der integrierte Arbeitsspeicher wurde verdoppelt, geladen wird die neue Generation des Fire 7 fortan per USB-C.<\/p>\n<p><a href=\"https:\/\/images.ifun.de\/wp-content\/uploads\/2022\/05\/Fire-7-tablet-small.jpg\"><img loading=\"lazy\" decoding=\"async\" src=\"https:\/\/images.ifun.de\/wp-content\/uploads\/2022\/05\/Fire-7-tablet-small-500x344.jpg\" alt=\"Fire 7 Tablet Small\" width=\"500\" height=\"344\" class=\"aligncenter size-medium wp-image-187399\" srcset=\"https:\/\/images.ifun.de\/wp-content\/uploads\/2022\/05\/Fire-7-tablet-small-500x344.jpg 500w, https:\/\/images.ifun.de\/wp-content\/uploads\/2022\/05\/Fire-7-tablet-small-700x481.jpg 700w, https:\/\/images.ifun.de\/wp-content\/uploads\/2022\/05\/Fire-7-tablet-small-768x528.jpg 768w, https:\/\/images.ifun.de\/wp-content\/uploads\/2022\/05\/Fire-7-tablet-small.jpg 1133w\" sizes=\"auto, (max-width: 500px) 100vw, 500px\" \/><\/a><\/p>\n<p>Das Fire 7 Tablet ist in zwei Ausf\u00fchrungen mit 16 GB oder 32 GB internem Speicher erh\u00e4ltlich und l\u00e4sst sich ab sofort zu Preisen ab 65 Euro vorbestellen. Ausgeliefert werden soll das neue Modell dann ab dem 29. Juni. Optional bietet Amazon sch\u00fctzende Stoffh\u00fcllen in Schwarz, Dunkelblau und Blassrosa an, die f\u00fcr zus\u00e4tzliche 29,99 Euro erh\u00e4ltlich sind.<\/p>\n<h2>Ab Ende Juni im Versand<\/h2>\n<p>Die Akkulaufzeit des neuen Fire 7 soll laut Amazon den ununterbrochenen 10-Stunden-Einsatz des kleinen Tablets erm\u00f6glichen. Dabei soll die neue Generation ihr Durchhalteverm\u00f6gen beim Lesen, Surfen und Videoschauen um 40 Prozent gegen\u00fcber dem Vorg\u00e4nger verbessert haben.<\/p>\n<p><a href=\"https:\/\/images.ifun.de\/wp-content\/uploads\/2022\/05\/Fire-7_08-1400.jpg\"><img loading=\"lazy\" decoding=\"async\" class=\"aligncenter size-large wp-image-187356\" src=\"https:\/\/images.ifun.de\/wp-content\/uploads\/2022\/05\/Fire-7_08-1400-700x467.jpg\" alt=\"Fire 7 08 1400\" width=\"700\" height=\"467\" srcset=\"https:\/\/images.ifun.de\/wp-content\/uploads\/2022\/05\/Fire-7_08-1400-700x467.jpg 700w, https:\/\/images.ifun.de\/wp-content\/uploads\/2022\/05\/Fire-7_08-1400-500x333.jpg 500w, https:\/\/images.ifun.de\/wp-content\/uploads\/2022\/05\/Fire-7_08-1400-768x512.jpg 768w, https:\/\/images.ifun.de\/wp-content\/uploads\/2022\/05\/Fire-7_08-1400.jpg 1400w\" sizes=\"auto, (max-width: 700px) 100vw, 700px\" \/><\/a><\/p>\n<p>Amazon platziert das Ger\u00e4t vor allem als Konsum-Device, das den Zugriff auf Streaming-Dienste, das Surfen, das Lesen von Ebooks und die Nutzung von Alexa erm\u00f6glicht. Eine Frontkamera erlaubt zudem das Absetzen und Entgegennehmen von Videoanrufen.<\/p>\n<script>\r\n  function open_amazon(link) {\r\n    if (navigator.userAgent.indexOf(\"Firefox\") != -1) {\r\n      window.open(link, '_blank');\r\n    } else {\r\n      var tag = document.createElement('a');\r\n      tag.setAttribute('href', link);\r\n      tag.innerHTML = \"amzn\";\r\n      tag.click();\r\n    }\r\n  }\r\n<\/script>\r\n    <div id=\"article-single-amazon-preview\" onclick=\"return open_amazon('https:\/\/www.amazon.de\/dp\/B099HC8X6H?tag=musicweb02&linkCode=ogi&th=1&psc=1');\">\n  <div id=\"article-single-amazon-preview-header\">\n    <span class=\"title\">Produkthinweis<\/span>\n      <\/div>\n  <div id=\"article-single-amazon-preview-content\">\n    <div id=\"article-single-amazon-preview-img\" style=\"background: url('https:\/\/m.media-amazon.com\/images\/I\/31UIuMfeiqL.jpg') center center no-repeat; background-size: cover;\"><\/div>\n    <div id=\"article-single-amazon-preview-desc\">\n      <span class=\"bezeichnung\"><a href=\"https:\/\/www.amazon.de\/dp\/B099HC8X6H?tag=musicweb02&linkCode=ogi&th=1&psc=1\" style=\"text-decoration: none; border-bottom: 0px; box-shadow: none;\">Fire 7-Tablet, 7-Zoll-Display, 16 GB, neuestes Modell (2022), schwarz Mit Werbung<\/a><\/span>\n      <span class=\"preis--aktuell\">44,62 EUR<\/span>\n      <span class=\"preis--alt\"><\/span>\n    <\/div>\n  <\/div>\n<\/div>\n<h2>Mit Kinder-Edition &#8222;Fire 7 Kids&#8220;<\/h2>\n<p>Amazon verkauft das g\u00fcnstige 7-Zoll-Tablet auch <a rel=\"noindex, nofollow\" href=\"http:\/\/www.ifun.de\/amzn\/B099HC8X6H\">in einer Kinder-Edition<\/a>, das nicht nur von der bekannten 2-Jahre-Sorglos-Garantie des Online-H\u00e4ndlers begleitet wird, sondern auch den 12-monatigen Zugriff auf <a rel=\"noindex, nofollow\" href=\"https:\/\/www.amazon.de\/ftu\/home?&amp;linkCode=ll2&amp;tag=musicweb02&amp;linkId=73bb917214fc03d0bc342d255aa7d98c&amp;language=de_DE&amp;ref_=as_li_ss_tl\">Amazon Kids+<\/a> im Preis beinhaltet. Laut Amazon soll sich das Fire-Tablet in Falltests zudem als &#8222;doppelt so robust&#8220; wie das iPad Mini erwiesen haben.<\/p>\n<p><a href=\"https:\/\/images.ifun.de\/wp-content\/uploads\/2022\/05\/Fire-7-Kids_05-1400.jpg\"><img loading=\"lazy\" decoding=\"async\" class=\"aligncenter size-large wp-image-187357\" src=\"https:\/\/images.ifun.de\/wp-content\/uploads\/2022\/05\/Fire-7-Kids_05-1400-700x467.jpg\" alt=\"Fire 7 Kids 05 1400\" width=\"700\" height=\"467\" srcset=\"https:\/\/images.ifun.de\/wp-content\/uploads\/2022\/05\/Fire-7-Kids_05-1400-700x467.jpg 700w, https:\/\/images.ifun.de\/wp-content\/uploads\/2022\/05\/Fire-7-Kids_05-1400-500x333.jpg 500w, https:\/\/images.ifun.de\/wp-content\/uploads\/2022\/05\/Fire-7-Kids_05-1400-768x512.jpg 768w, https:\/\/images.ifun.de\/wp-content\/uploads\/2022\/05\/Fire-7-Kids_05-1400.jpg 1400w\" sizes=\"auto, (max-width: 700px) 100vw, 700px\" \/><\/a><\/p>\n<p>Die Kinder-Edition &#8222;Fire 7 Kids&#8220; wird ebenfalls mit 16 GB oder 32 GB internem Speicher ab 110 Euro zum Kauf angeboten und wird ab Werk mit einer kinderfreundlichen Kunststoff-H\u00fclle in Blau, Rot oder Violett ausgeliefert.<\/p>\n<p><a href=\"https:\/\/images.ifun.de\/wp-content\/uploads\/2022\/05\/fire-7-tablet-specs.jpg\"><img loading=\"lazy\" decoding=\"async\" src=\"https:\/\/images.ifun.de\/wp-content\/uploads\/2022\/05\/fire-7-tablet-specs-700x281.jpg\" alt=\"Fire 7 Tablet Specs\" width=\"700\" height=\"281\" class=\"aligncenter size-large wp-image-187385\" srcset=\"https:\/\/images.ifun.de\/wp-content\/uploads\/2022\/05\/fire-7-tablet-specs-700x281.jpg 700w, https:\/\/images.ifun.de\/wp-content\/uploads\/2022\/05\/fire-7-tablet-specs-500x200.jpg 500w, https:\/\/images.ifun.de\/wp-content\/uploads\/2022\/05\/fire-7-tablet-specs-768x308.jpg 768w, https:\/\/images.ifun.de\/wp-content\/uploads\/2022\/05\/fire-7-tablet-specs.jpg 1400w\" sizes=\"auto, (max-width: 700px) 100vw, 700px\" \/><\/a><\/p>\n<p><img loading=\"lazy\" decoding=\"async\" src=\"https:\/\/vg09.met.vgwort.de\/na\/4631d0189a6448cc9efdffebc548f017\" width=\"1\" height=\"1\" no-lazy class=\"tracking\"><\/p>\n","protected":false},"excerpt":{"rendered":"<a href=\"https:\/\/www.ifun.de\/neu-von-amazon-fire-7-tablet-startet-ab-65-euro-187353\/\"><img width=\"150\" height=\"150\" src=\"https:\/\/images.ifun.de\/wp-content\/uploads\/2022\/05\/Fire-7-Kids_05-1400-150x150.jpg\" class=\"alignright tfe wp-post-image\" alt=\"Fire 7 Kids 05 1400\" decoding=\"async\" loading=\"lazy\" \/><\/a><p>Der Online-H\u00e4ndler Amazon hat die neue Generation seines g\u00fcnstigen Fire 7-Tablets vorgestellt und dieses im direkten Vergleich mit dem Vorg\u00e4nger ordentlich aufgewertet. Der verbaute Prozessor ist 30 Prozent schneller, der integrierte Arbeitsspeicher wurde verdoppelt, geladen wird die neue Generation des Fire 7 fortan per USB-C. Das Fire 7 Tablet ist in zwei Ausf\u00fchrungen mit 16 [&hellip;]<\/p>\n","protected":false},"author":1,"featured_media":187357,"comment_status":"open","ping_status":"closed","sticky":false,"template":"","format":"standard","meta":{"_acf_changed":false,"footnotes":""},"categories":[22,1783],"tags":[53,4511,454],"class_list":["post-187353","post","type-post","status-publish","format-standard","has-post-thumbnail","hentry","category-zubehor","category-feature","tag-amazon","tag-fire-7","tag-kinder"],"acf":[],"aioseo_notices":[],"subheadline":["Mit Kinder-Edition \"Fire 7 Kids\""],"featured_image":["https:\/\/images.ifun.de\/wp-content\/uploads\/2022\/05\/fire-7-tablet-feature.jpg"],"rest_api_enabler":{"subheadline":"Mit Kinder-Edition \"Fire 7 Kids\"","featured_image":"https:\/\/images.ifun.de\/wp-content\/uploads\/2022\/05\/fire-7-tablet-feature.jpg"},"_links":{"self":[{"href":"https:\/\/www.ifun.de\/apiv2\/wp\/v2\/posts\/187353","targetHints":{"allow":["GET"]}}],"collection":[{"href":"https:\/\/www.ifun.de\/apiv2\/wp\/v2\/posts"}],"about":[{"href":"https:\/\/www.ifun.de\/apiv2\/wp\/v2\/types\/post"}],"author":[{"embeddable":true,"href":"https:\/\/www.ifun.de\/apiv2\/wp\/v2\/users\/1"}],"replies":[{"embeddable":true,"href":"https:\/\/www.ifun.de\/apiv2\/wp\/v2\/comments?post=187353"}],"version-history":[{"count":9,"href":"https:\/\/www.ifun.de\/apiv2\/wp\/v2\/posts\/187353\/revisions"}],"predecessor-version":[{"id":187400,"href":"https:\/\/www.ifun.de\/apiv2\/wp\/v2\/posts\/187353\/revisions\/187400"}],"wp:featuredmedia":[{"embeddable":true,"href":"https:\/\/www.ifun.de\/apiv2\/wp\/v2\/media\/187357"}],"wp:attachment":[{"href":"https:\/\/www.ifun.de\/apiv2\/wp\/v2\/media?parent=187353"}],"wp:term":[{"taxonomy":"category","embeddable":true,"href":"https:\/\/www.ifun.de\/apiv2\/wp\/v2\/categories?post=187353"},{"taxonomy":"post_tag","embeddable":true,"href":"https:\/\/www.ifun.de\/apiv2\/wp\/v2\/tags?post=187353"}],"curies":[{"name":"wp","href":"https:\/\/api.w.org\/{rel}","templated":true}]}}