{"id":186788,"date":"2022-05-10T10:14:20","date_gmt":"2022-05-10T08:14:20","guid":{"rendered":"https:\/\/www.ifun.de\/?p=186788"},"modified":"2022-05-10T12:05:11","modified_gmt":"2022-05-10T10:05:11","slug":"kabel-tv-vodafone-vereinheitlicht-bundesweite-tv-frequenzen","status":"publish","type":"post","link":"https:\/\/www.ifun.de\/kabel-tv-vodafone-vereinheitlicht-bundesweite-tv-frequenzen-186788\/","title":{"rendered":"Kabel-TV: Vodafone vereinheitlicht bundesweite Frequenzen"},"content":{"rendered":"<p><a href=\"https:\/\/private.vodafone-affiliate.de\/tc.php?t=120933C1175170977T&amp;cons=\">Vodafone<\/a> will vom Sommer an die TV-Frequenzen in den Kabelnetzen bundesweit vereinheitlichen. Im Rahmen der Umstellung erhalten im kommenden Monat beginnend zahlreiche TV- und H\u00f6rfunksender eine andere Frequenz, Kunden sollen davon aber im besten Fall nichts mitbekommen. Mit dem Abschluss der Ma\u00dfnahmen wird im April 2023 gerechnet.<\/p>\n<p>Die lange Umstellungsphase gr\u00fcndet Vodafone zufolge darauf, dass man die \u00c4nderungen schrittweise jeweils f\u00fcr einzelne regionale TV-Technikstandorte vornimmt. Beginnen will der Anbieter in der Nacht vom 7. auf den 8. Juni im bayerischen Landshut.<\/p>\n<p><img loading=\"lazy\" decoding=\"async\" src=\"https:\/\/images.ifun.de\/wp-content\/uploads\/2022\/05\/vodafone-kabel-tv-infografik-700x394.jpg\" alt=\"Vodafone Kabel Tv Infografik\" width=\"700\" height=\"394\" class=\"alignnone size-large wp-image-186791\" srcset=\"https:\/\/images.ifun.de\/wp-content\/uploads\/2022\/05\/vodafone-kabel-tv-infografik-700x394.jpg 700w, https:\/\/images.ifun.de\/wp-content\/uploads\/2022\/05\/vodafone-kabel-tv-infografik-500x281.jpg 500w, https:\/\/images.ifun.de\/wp-content\/uploads\/2022\/05\/vodafone-kabel-tv-infografik-768x432.jpg 768w, https:\/\/images.ifun.de\/wp-content\/uploads\/2022\/05\/vodafone-kabel-tv-infografik.jpg 1400w\" sizes=\"auto, (max-width: 700px) 100vw, 700px\" \/><\/p>\n<h6>Kabelfernsehen: So kommt das TV-Signal ins Wohnzimmer<\/h6>\n<h2>Umstellung erfolgt schrittweise und automatisch<\/h2>\n<p>Die zu den Nachtstunden geplante Umstellung verbunden mit der Tatsache, dass moderne Empfangsger\u00e4te neue Sender und Frequenzen automatisch aktualisieren, soll im besten Fall dazu f\u00fchren, dass die Kabel-Kunden von Vodafone von der Umstellung gar nichts mitbekommen. Die meisten modernen TV-Empfangsger\u00e4te, darunter jene von Vodafone, Unitymedia oder Sky, finden die Sender nach der Umstellung von alleine. Bei \u00e4lteren Empfangsger\u00e4ten von anderen Anbietern kann Vodafone zufolge jedoch ein manueller Sendersuchlauf notwendig sein. Auch sei es damit verbunden teilweise dann wohl n\u00f6tig, Favoritenlisten anzupassen und Aufnahmen neu zu programmieren, damit alles wie gewohnt funktioniert.<\/p>\n<p>Von dem aus der Umstellung resultierenden bundesweit einheitlichen Frequenzspektrum verspricht sich Vodafone einen gr\u00f6\u00dferen technischen Gestaltungsspielraum sowie eine gesteigerte Leistungsf\u00e4higkeit des Netzes. Dazu z\u00e4hlt der Anbieter nicht nur die M\u00f6glichkeit zur Bereitstellung von h\u00f6heren Datenraten \u00fcber Kabel f\u00fcr das Internet, sondern auch die Einf\u00fchrung eines bundesweit einheitlichen Programm-Angebots.<\/p>\n<p>https:\/\/www.youtube.com\/watch?v=CKlO-d2p0W8<\/p>\n<p>Vodafone ist eigenen Aussagen zufolge mit mehr als 13 Millionen Fernseh-Kunden der gr\u00f6\u00dfte TV-Anbieter Deutschlands. \u00dcber Kabel bietet Vodafone abh\u00e4ngig von den lokalen Gegebenheiten derzeit mit der Option <a href=\"https:\/\/private.vodafone-affiliate.de\/tc.php?t=120933C1175155085T&amp;cons=\">Vodafone CableMax<\/a> Internet-Geschwindigkeiten von bis zu 1.000 Mbit\/s.<img loading=\"lazy\" decoding=\"async\" src=\"https:\/\/vg09.met.vgwort.de\/na\/513ba6325582416291346a65fcfa1a51\" width=\"1\" height=\"1\" alt=\"\" no-lazy class=\"tracking\"><\/p>\n","protected":false},"excerpt":{"rendered":"<a href=\"https:\/\/www.ifun.de\/kabel-tv-vodafone-vereinheitlicht-bundesweite-tv-frequenzen-186788\/\"><img width=\"150\" height=\"150\" src=\"https:\/\/images.ifun.de\/wp-content\/uploads\/2022\/05\/vodafone-kabel-tv-feature-150x150.jpg\" class=\"alignright tfe wp-post-image\" alt=\"Vodafone Kabel Tv Feature\" decoding=\"async\" loading=\"lazy\" \/><\/a><p>Vodafone will vom Sommer an die TV-Frequenzen in den Kabelnetzen bundesweit vereinheitlichen. Im Rahmen der Umstellung erhalten im kommenden Monat beginnend zahlreiche TV- und H\u00f6rfunksender eine andere Frequenz, Kunden sollen davon aber im besten Fall nichts mitbekommen. Mit dem Abschluss der Ma\u00dfnahmen wird im April 2023 gerechnet. Die lange Umstellungsphase gr\u00fcndet Vodafone zufolge darauf, dass [&hellip;]<\/p>\n","protected":false},"author":2,"featured_media":186790,"comment_status":"open","ping_status":"closed","sticky":false,"template":"","format":"standard","meta":{"_acf_changed":false,"footnotes":""},"categories":[1],"tags":[58,341,541],"class_list":["post-186788","post","type-post","status-publish","format-standard","has-post-thumbnail","hentry","category-news","tag-fernsehen","tag-kabel","tag-vodafone"],"acf":[],"aioseo_notices":[],"featured_image":["https:\/\/images.ifun.de\/wp-content\/uploads\/2022\/05\/vodafone-kabel-tv-feature.jpg"],"subheadline":["Umstellung startet im Juni"],"rest_api_enabler":{"featured_image":"https:\/\/images.ifun.de\/wp-content\/uploads\/2022\/05\/vodafone-kabel-tv-feature.jpg","subheadline":"Umstellung startet im Juni"},"_links":{"self":[{"href":"https:\/\/www.ifun.de\/apiv2\/wp\/v2\/posts\/186788","targetHints":{"allow":["GET"]}}],"collection":[{"href":"https:\/\/www.ifun.de\/apiv2\/wp\/v2\/posts"}],"about":[{"href":"https:\/\/www.ifun.de\/apiv2\/wp\/v2\/types\/post"}],"author":[{"embeddable":true,"href":"https:\/\/www.ifun.de\/apiv2\/wp\/v2\/users\/2"}],"replies":[{"embeddable":true,"href":"https:\/\/www.ifun.de\/apiv2\/wp\/v2\/comments?post=186788"}],"version-history":[{"count":11,"href":"https:\/\/www.ifun.de\/apiv2\/wp\/v2\/posts\/186788\/revisions"}],"predecessor-version":[{"id":186812,"href":"https:\/\/www.ifun.de\/apiv2\/wp\/v2\/posts\/186788\/revisions\/186812"}],"wp:featuredmedia":[{"embeddable":true,"href":"https:\/\/www.ifun.de\/apiv2\/wp\/v2\/media\/186790"}],"wp:attachment":[{"href":"https:\/\/www.ifun.de\/apiv2\/wp\/v2\/media?parent=186788"}],"wp:term":[{"taxonomy":"category","embeddable":true,"href":"https:\/\/www.ifun.de\/apiv2\/wp\/v2\/categories?post=186788"},{"taxonomy":"post_tag","embeddable":true,"href":"https:\/\/www.ifun.de\/apiv2\/wp\/v2\/tags?post=186788"}],"curies":[{"name":"wp","href":"https:\/\/api.w.org\/{rel}","templated":true}]}}