{"id":186128,"date":"2022-04-27T14:15:29","date_gmt":"2022-04-27T12:15:29","guid":{"rendered":"https:\/\/www.ifun.de\/?p=186128"},"modified":"2022-04-27T14:15:50","modified_gmt":"2022-04-27T12:15:50","slug":"icloud-fotostream-speichert-nicht-mehr-alle-bilder","status":"publish","type":"post","link":"https:\/\/www.ifun.de\/icloud-fotostream-speichert-nicht-mehr-alle-bilder-186128\/","title":{"rendered":"iCloud-Fotostream speichert nicht mehr alle Bilder"},"content":{"rendered":"<ol>\n<p>Apple-Kunden, die zwar nicht die kostenpflichtige iCloud-Fotomediathek, wohl aber den kostenlos angebotenen <a href=\"https:\/\/support.apple.com\/de-de\/HT201317\">iCloud-Fotostream<\/a> verwenden, sollten einen aufmerksamen Blick auf dessen Inhalt werfen. Es gibt Kompatibilit\u00e4tsprobleme mit von aktuellen iOS-Ger\u00e4ten im HEIC-Format aufgenommenen Bildern.<\/p>\n<p>Die zugrundeliegenden \u00c4nderungen scheinen bereits mit iOS 15.4 Einzug gehalten zu haben. W\u00e4hrend HEIC-Fotos zuvor noch automatisch konvertiert und im JPG-Format an den Fotostream \u00fcbertragen wurden, fehlen diese jetzt. Hinweise oder entsprechende Fehlermeldungen gibt es nicht, die Aufnahmen werden schlicht und einfach nicht an den Fotostream \u00fcbertragen.<\/p>\n<p><img loading=\"lazy\" decoding=\"async\" src=\"https:\/\/images.ifun.de\/wp-content\/uploads\/2022\/04\/icloud-fotostream-einstellungen-ios-700x675.jpg\" alt=\"Icloud Fotostream Einstellungen Ios\" width=\"700\" height=\"675\" class=\"alignnone size-large wp-image-186132\" srcset=\"https:\/\/images.ifun.de\/wp-content\/uploads\/2022\/04\/icloud-fotostream-einstellungen-ios-700x675.jpg 700w, https:\/\/images.ifun.de\/wp-content\/uploads\/2022\/04\/icloud-fotostream-einstellungen-ios-500x482.jpg 500w, https:\/\/images.ifun.de\/wp-content\/uploads\/2022\/04\/icloud-fotostream-einstellungen-ios-768x740.jpg 768w, https:\/\/images.ifun.de\/wp-content\/uploads\/2022\/04\/icloud-fotostream-einstellungen-ios.jpg 1400w\" sizes=\"auto, (max-width: 700px) 100vw, 700px\" \/><\/p>\n<p>Es steht zu bef\u00fcrchten, dass Apple die \u00c4nderung bewusst herbeigef\u00fchrt hat und somit auch keine Fehlerbehebung nachliefert. Das Problem ist dem Apple Support bereits seit geraumer Zeit bekannt, besteht aber unter iOS 15.4.1 weiterhin. Abhilfe l\u00e4sst sich nur schaffen, indem man seine Fotos von vornherein nicht mehr als HEIC, sondern als JPG speichert. Das JPG-Format ist mit Blick auf die Kompatibilit\u00e4t mit \u00e4lteren macOS-Versionen wichtig.<\/p>\n<p>Der entsprechende Schalter findet sich in den Kamera-Einstellungen von iOS. Hier m\u00fcsst ihr im Bereich \u201eFormate\u201c anstelle von \u201eHigh Efficiency\u201c die Vorgabe \u201eMaximale Kompatibilit\u00e4t\u201c verwenden. Das dann beim Fotografieren erzeugte JPG-Format ist mit dem Fotostream kompatibel und wird wie gew\u00fcnscht in die iCloud und von dort an alle weiteren Ger\u00e4te \u00fcbertragen.<\/p>\n<h2>iCloud-Fotostream als pers\u00f6nlicher Foto-Backup<\/h2>\n<p>Apple hat den iCloud-Fotostream lange Zeit unabh\u00e4ngig von <a href=\"https:\/\/support.apple.com\/de-de\/HT204264\">iCloud-Fotos<\/a> angeboten und es Kunden somit erm\u00f6glicht, die iCloud-Synchronisierung im \u00fcberschaubarem Ma\u00df zu verwenden, ohne gleich voll auf die Synchronisierung der kompletten Fotomediathek zu setzen. Letzteres setzt in den meisten F\u00e4llen n\u00e4mlich auch ein kostenpflichtiges iCloud-Abo voraus, weil die von Apple kostenlos angebotenen 5 GB Speicher dann meist deutlich zu knapp bemessen sind.<\/p>\n<p><img loading=\"lazy\" decoding=\"async\" src=\"https:\/\/images.ifun.de\/wp-content\/uploads\/2022\/04\/mac-einstellungen-icloud-fotostream-700x591.jpg\" alt=\"Mac Einstellungen Icloud Fotostream\" width=\"700\" height=\"591\" class=\"alignnone size-large wp-image-186133\" srcset=\"https:\/\/images.ifun.de\/wp-content\/uploads\/2022\/04\/mac-einstellungen-icloud-fotostream-700x591.jpg 700w, https:\/\/images.ifun.de\/wp-content\/uploads\/2022\/04\/mac-einstellungen-icloud-fotostream-500x422.jpg 500w, https:\/\/images.ifun.de\/wp-content\/uploads\/2022\/04\/mac-einstellungen-icloud-fotostream-768x648.jpg 768w, https:\/\/images.ifun.de\/wp-content\/uploads\/2022\/04\/mac-einstellungen-icloud-fotostream.jpg 1400w\" sizes=\"auto, (max-width: 700px) 100vw, 700px\" \/><\/p>\n<p>Mittlerweile steht der iCloud-Fotostream noch f\u00fcr Bestandskunden zur Verf\u00fcgung, wird neuen Apple-Kunden aber nicht mehr angeboten. Dabei ist die Funktion nicht nur sehr beliebt, weil man so seine neuen Fotos stets auf allen pers\u00f6nlichen Apple-Ger\u00e4ten sehen kann. In Verbindung mit einem Mac kann der iCloud-Fotostream vor allem deswegen punkten, weil man auf diese Weise alle pers\u00f6nlichen Fotos zusammenf\u00fchren und lokal sichern kann. Der Mac importiert die mithilfe des Fotostream \u00fcbertragenen Bilder automatisch in die lokale Fotosammlung.<img loading=\"lazy\" decoding=\"async\" src=\"https:\/\/vg09.met.vgwort.de\/na\/a21af747bc69483fa46cb34f9ecdf8d4\" width=\"1\" height=\"1\" alt=\"\" no-lazy class=\"tracking\"><\/p>\n<p><h8>Danke Ren\u00e9<\/h8><\/p>\n","protected":false},"excerpt":{"rendered":"<a href=\"https:\/\/www.ifun.de\/icloud-fotostream-speichert-nicht-mehr-alle-bilder-186128\/\"><img width=\"150\" height=\"150\" src=\"https:\/\/images.ifun.de\/wp-content\/uploads\/2022\/04\/mac-fotos-feature-150x150.jpg\" class=\"alignright tfe wp-post-image\" alt=\"Mac Fotos Feature\" decoding=\"async\" loading=\"lazy\" \/><\/a><p>Apple-Kunden, die zwar nicht die kostenpflichtige iCloud-Fotomediathek, wohl aber den kostenlos angebotenen iCloud-Fotostream verwenden, sollten einen aufmerksamen Blick auf dessen Inhalt werfen. Es gibt Kompatibilit\u00e4tsprobleme mit von aktuellen iOS-Ger\u00e4ten im HEIC-Format aufgenommenen Bildern. Die zugrundeliegenden \u00c4nderungen scheinen bereits mit iOS 15.4 Einzug gehalten zu haben. W\u00e4hrend HEIC-Fotos zuvor noch automatisch konvertiert und im JPG-Format an [&hellip;]<\/p>\n","protected":false},"author":2,"featured_media":186135,"comment_status":"open","ping_status":"closed","sticky":false,"template":"","format":"standard","meta":{"_acf_changed":false,"footnotes":""},"categories":[1],"tags":[307,744,4438,401],"class_list":["post-186128","post","type-post","status-publish","format-standard","has-post-thumbnail","hentry","category-news","tag-fotos","tag-fotostream","tag-heic","tag-icloud"],"acf":[],"aioseo_notices":[],"subheadline":["HEIC-Aufnahmen pl\u00f6tzlich au\u00dfen vor"],"featured_image":["https:\/\/images.ifun.de\/wp-content\/uploads\/2022\/04\/mac-fotos-feature.jpg"],"rest_api_enabler":{"subheadline":"HEIC-Aufnahmen pl\u00f6tzlich au\u00dfen vor","featured_image":"https:\/\/images.ifun.de\/wp-content\/uploads\/2022\/04\/mac-fotos-feature.jpg"},"_links":{"self":[{"href":"https:\/\/www.ifun.de\/apiv2\/wp\/v2\/posts\/186128","targetHints":{"allow":["GET"]}}],"collection":[{"href":"https:\/\/www.ifun.de\/apiv2\/wp\/v2\/posts"}],"about":[{"href":"https:\/\/www.ifun.de\/apiv2\/wp\/v2\/types\/post"}],"author":[{"embeddable":true,"href":"https:\/\/www.ifun.de\/apiv2\/wp\/v2\/users\/2"}],"replies":[{"embeddable":true,"href":"https:\/\/www.ifun.de\/apiv2\/wp\/v2\/comments?post=186128"}],"version-history":[{"count":5,"href":"https:\/\/www.ifun.de\/apiv2\/wp\/v2\/posts\/186128\/revisions"}],"predecessor-version":[{"id":186137,"href":"https:\/\/www.ifun.de\/apiv2\/wp\/v2\/posts\/186128\/revisions\/186137"}],"wp:featuredmedia":[{"embeddable":true,"href":"https:\/\/www.ifun.de\/apiv2\/wp\/v2\/media\/186135"}],"wp:attachment":[{"href":"https:\/\/www.ifun.de\/apiv2\/wp\/v2\/media?parent=186128"}],"wp:term":[{"taxonomy":"category","embeddable":true,"href":"https:\/\/www.ifun.de\/apiv2\/wp\/v2\/categories?post=186128"},{"taxonomy":"post_tag","embeddable":true,"href":"https:\/\/www.ifun.de\/apiv2\/wp\/v2\/tags?post=186128"}],"curies":[{"name":"wp","href":"https:\/\/api.w.org\/{rel}","templated":true}]}}