{"id":185467,"date":"2022-04-13T14:38:45","date_gmt":"2022-04-13T12:38:45","guid":{"rendered":"https:\/\/www.ifun.de\/?p=185467"},"modified":"2022-04-13T14:38:45","modified_gmt":"2022-04-13T12:38:45","slug":"final-cut-pro-10-6-2-fotos-werden-ohne-bearbeitungen-importiert","status":"publish","type":"post","link":"https:\/\/www.ifun.de\/final-cut-pro-10-6-2-fotos-werden-ohne-bearbeitungen-importiert-185467\/","title":{"rendered":"Final Cut Pro 10.6.2: Fotos werden ohne Bearbeitungen importiert"},"content":{"rendered":"<p>Apple macht mit Blick auf das neu verf\u00fcgbare <a href=\"https:\/\/www.ifun.de\/final-cut-pro-aktualisiert-video-zeigt-neue-sprachisolation-185433\/\" title=\"Final Cut Pro aktualisiert: Video zeigt neue Sprachisolation\">Final Cut Pro 10.6.2<\/a> auf den Umstand aufmerksam, dass in der Fotos-App vorgenommenen Bild\u00e4nderungen bei einer direkten \u00dcbernahme nicht in Final Cut Pro erscheinen.<\/p>\n<p><img loading=\"lazy\" decoding=\"async\" src=\"https:\/\/images.ifun.de\/wp-content\/uploads\/2022\/04\/fotos-export-500x265.jpg\" alt=\"Fotos Export\" width=\"500\" height=\"265\" class=\"alignnone size-medium wp-image-185469\" srcset=\"https:\/\/images.ifun.de\/wp-content\/uploads\/2022\/04\/fotos-export-500x265.jpg 500w, https:\/\/images.ifun.de\/wp-content\/uploads\/2022\/04\/fotos-export-700x370.jpg 700w, https:\/\/images.ifun.de\/wp-content\/uploads\/2022\/04\/fotos-export-768x406.jpg 768w, https:\/\/images.ifun.de\/wp-content\/uploads\/2022\/04\/fotos-export.jpg 1000w\" sizes=\"auto, (max-width: 500px) 100vw, 500px\" \/><\/p>\n<p>Bevor ihr mit rauchendem Kopf vor eurem Rechner sitzt, wollen wir auf den neu von Apple ver\u00f6ffentlichten <a href=\"https:\/\/support.apple.com\/de-de\/HT213217\">Hinweis<\/a> diesbez\u00fcglich aufmerksam machen. Demzufolge wird beim Import eines Fotos aus der Fotos-App stets die unbearbeitete Originalversion des Bildes von Final Cut Pro \u00fcbernommen. Dementsprechend erscheinen auch die zuvor in der Fotos-App eventuell vorgenommenen \u00c4nderungen nicht in Final Cut Pro.<\/p>\n<p>Um die jeweils neueste Version des Bildes in Final Cut Pro zu \u00fcbernehmen, w\u00e4hlt ihr das bild in der Fotos-App aus und dann den Men\u00fcbefehl \u201eAblage -&gt; Exportieren -&gt; 1 Foto exportieren\u201c. Anschlie\u00dfend k\u00f6nnt ihr das Bild in der aktuellen Version \u00fcber das Fenster \u201e<a href=\"https:\/\/support.apple.com\/de-de\/guide\/final-cut-pro\/ver418155a4\/mac\">Medien importieren<\/a>\u201c oder per Drag-and-Drop zu Final Cut Pro hinzuf\u00fcgen.<\/p>\n","protected":false},"excerpt":{"rendered":"<a href=\"https:\/\/www.ifun.de\/final-cut-pro-10-6-2-fotos-werden-ohne-bearbeitungen-importiert-185467\/\"><img width=\"150\" height=\"150\" src=\"https:\/\/images.ifun.de\/wp-content\/uploads\/2022\/04\/final-cut-pro-feature-150x150.jpg\" class=\"alignright tfe wp-post-image\" alt=\"Final Cut Pro Feature\" decoding=\"async\" loading=\"lazy\" \/><\/a><p>Apple macht mit Blick auf das neu verf\u00fcgbare Final Cut Pro 10.6.2 auf den Umstand aufmerksam, dass in der Fotos-App vorgenommenen Bild\u00e4nderungen bei einer direkten \u00dcbernahme nicht in Final Cut Pro erscheinen. Bevor ihr mit rauchendem Kopf vor eurem Rechner sitzt, wollen wir auf den neu von Apple ver\u00f6ffentlichten Hinweis diesbez\u00fcglich aufmerksam machen. Demzufolge wird [&hellip;]<\/p>\n","protected":false},"author":2,"featured_media":185471,"comment_status":"open","ping_status":"closed","sticky":false,"template":"","format":"standard","meta":{"_acf_changed":false,"footnotes":""},"categories":[16],"tags":[1124,307,6321],"class_list":["post-185467","post","type-post","status-publish","format-standard","has-post-thumbnail","hentry","category-mac","tag-final-cut-pro","tag-fotos","tag-mac"],"acf":[],"aioseo_notices":[],"subheadline":["Fotos-Export als Workaround"],"featured_image":["https:\/\/images.ifun.de\/wp-content\/uploads\/2022\/04\/final-cut-pro-feature.jpg"],"rest_api_enabler":{"subheadline":"Fotos-Export als Workaround","featured_image":"https:\/\/images.ifun.de\/wp-content\/uploads\/2022\/04\/final-cut-pro-feature.jpg"},"_links":{"self":[{"href":"https:\/\/www.ifun.de\/apiv2\/wp\/v2\/posts\/185467","targetHints":{"allow":["GET"]}}],"collection":[{"href":"https:\/\/www.ifun.de\/apiv2\/wp\/v2\/posts"}],"about":[{"href":"https:\/\/www.ifun.de\/apiv2\/wp\/v2\/types\/post"}],"author":[{"embeddable":true,"href":"https:\/\/www.ifun.de\/apiv2\/wp\/v2\/users\/2"}],"replies":[{"embeddable":true,"href":"https:\/\/www.ifun.de\/apiv2\/wp\/v2\/comments?post=185467"}],"version-history":[{"count":2,"href":"https:\/\/www.ifun.de\/apiv2\/wp\/v2\/posts\/185467\/revisions"}],"predecessor-version":[{"id":185470,"href":"https:\/\/www.ifun.de\/apiv2\/wp\/v2\/posts\/185467\/revisions\/185470"}],"wp:featuredmedia":[{"embeddable":true,"href":"https:\/\/www.ifun.de\/apiv2\/wp\/v2\/media\/185471"}],"wp:attachment":[{"href":"https:\/\/www.ifun.de\/apiv2\/wp\/v2\/media?parent=185467"}],"wp:term":[{"taxonomy":"category","embeddable":true,"href":"https:\/\/www.ifun.de\/apiv2\/wp\/v2\/categories?post=185467"},{"taxonomy":"post_tag","embeddable":true,"href":"https:\/\/www.ifun.de\/apiv2\/wp\/v2\/tags?post=185467"}],"curies":[{"name":"wp","href":"https:\/\/api.w.org\/{rel}","templated":true}]}}